{"id":396128,"date":"2025-09-16T22:52:14","date_gmt":"2025-09-16T22:52:14","guid":{"rendered":"https:\/\/www.europesays.com\/fr\/396128\/"},"modified":"2025-09-16T22:52:14","modified_gmt":"2025-09-16T22:52:14","slug":"municipales-2026-a-saint-chamond-le-maire-axel-dugua-sera-officiellement-candidat","status":"publish","type":"post","link":"https:\/\/www.europesays.com\/fr\/396128\/","title":{"rendered":"Municipales 2026\u00a0: \u00e0 Saint-Chamond, le maire Axel Dugua sera officiellement candidat"},"content":{"rendered":"<p class=\"is-style-chapo\">Sans surprise, Axel Dugua, maire LR de Saint-Chamond, d\u00e9sign\u00e9 par sa majorit\u00e9 il y a bient\u00f4t 2 ans pour succ\u00e9der \u00e0 Herv\u00e9 Reynaud parti en cours de mandat, sera candidat \u00e0 sa succession aux Municipales 2026. Une c\u00e9r\u00e9monie \u00e9lectorale de lancement s\u2019est d\u00e9roul\u00e9e vendredi en pr\u00e9sence de plusieurs centaines de personnes. L\u2019occasion pour lui de d\u00e9fendre, au-del\u00e0 de ses intentions, un double bilan, depuis 2014. \u00a0\u00a0\u00a0<\/p>\n<p><img loading=\"lazy\" decoding=\"async\" width=\"1024\" height=\"576\" src=\"https:\/\/www.europesays.com\/fr\/wp-content\/uploads\/2025\/09\/b6-1024x576.jpg\" alt=\"\" class=\"wp-image-80510\"  \/>Axel Dugua, maire depuis octobre 2023 va sans surprise \u00eatre candidat \u00e0 sa succession. \u00a9If Saint-Etienne \/ XA<\/p>\n<p>Et maintenant, l\u2019\u00e9preuve des urnes. Certes, pas la premi\u00e8re pour Axel Dugua, candidat LR aux L\u00e9gislatives 2022, mais bien la premi\u00e8re, au suffrage universel, en tant que maire et t\u00eate de liste, qui plus est, titulaire d\u2019un bilan auquel il a d\u2019abord particip\u00e9 comme adjoint. C\u2019\u00e9tait attendu et il le laissait largement entendre depuis son intronisation en tant que premier magistrat de Saint-Chamond en <a href=\"https:\/\/www.if-saint-etienne.fr\/politique\/succession-a-saint-chamond-ce-sera-bien-axel-dugua\" target=\"_blank\" rel=\"noreferrer noopener\">octobre 2023<\/a>\u00a0: le successeur d\u2019Herv\u00e9 Reynaud n\u2019\u00e9tait pas l\u00e0 que pour achever le mandat municipal 2020 \/ 2026. Il a annonc\u00e9 officiellement sa candidature \u00e0 la presse locale, vendredi dernier, en amont d\u2019une c\u00e9r\u00e9monie de lancement de campagne qui a attir\u00e9 plusieurs centaines de personnes, venues manifester leur soutien dans le parc de la salle du Bujarret, jouxtant l\u2019Arena.<\/p>\n<p>Parmi les personnalit\u00e9s pr\u00e9sentes, nous y avons \u2013 entre autres \u2013 aper\u00e7u, bien s\u00fbr son pr\u00e9d\u00e9cesseur qui l\u2019a adoub\u00e9 apr\u00e8s \u00eatre devenu s\u00e9nateur mais aussi bien d\u2019autres membres des LR de la Loire \u00e0 l\u2019image d\u2019Antoine Pom\u00e9on, pr\u00e9sident de Jeunes R\u00e9publicains lig\u00e9riens, Georges Ziegler, pr\u00e9sident du D\u00e9partement de la Loire ou encore les St\u00e9phanois Robert Karulak et Claude Liogier. Ce n\u2019est pas pour autant une \u00e9quipe forc\u00e9ment compos\u00e9e d\u2019encart\u00e9s dans ce parti ou d\u2019une sensibilit\u00e9 strictement \u00e9quivalente que pr\u00e9sentera aux Saint-Chamonais Axel Dugua en mars mais avant tout, mart\u00e8le-t-il des gens motiv\u00e9s pour Saint-Chamond. C\u2019est entour\u00e9 de son 1er adjoint aux finances R\u00e9gis Cadegros, et d\u2019Andonella Fl\u00e9chet, adjointe \u00e0 la vie associative et au logement que le maire de Saint-Chamond a rencontr\u00e9 la presse locale en amont. Est-ce \u00e0 dire que ces deux sortants seront de sa liste\u00a0? \u00ab\u00a0Vous verrez\u00a0!, sourit Axel Dugua. Ma liste est en cours de constitution et sera communiqu\u00e9e en d\u00e9but d\u2019ann\u00e9e prochaine.\u00a0\u00bb<\/p>\n<p>Quel degr\u00e9 d\u2019adversit\u00e9\u00a0?<\/p>\n<p>En attendant, \u00ab\u00a0je sais d\u00e9sormais pouvoir compter sur une majorit\u00e9 de 27 \u00e9lus pleinement \u00e0 la t\u00e2che pour finir le mandat en cours. C\u2019est nettement plus que les 18 ayant vot\u00e9 en ma faveur pour succ\u00e9der \u00e0 Herv\u00e9 Reynaud. Nous poursuivrons le travail parall\u00e8lement \u00e0 la campagne jusqu\u2019au bout, comme il se doit. Certains souhaitent continuer. D\u2019autres non. Ce sera donc un mixte entre renouvellement et continuit\u00e9.\u00a0\u00bb Pour rappel, la majorit\u00e9 municipale couramiaude s\u2019est en partie progressivement fractur\u00e9e avec le d\u00e9part \u00e0 l\u2019\u00e9t\u00e9 2024 de l\u2019adjoint \u00e0 l\u2019urbanisme Jean-Luc Degraix puis, en plusieurs vagues, de cinq<strong> <\/strong>autres adjoints ou conseillers. D\u00e9parts <a href=\"https:\/\/www.if-saint-etienne.fr\/politique-societe\/saint-chamond-la-majorite-municipale-evince-deux-des-siens-pour-clarifier-les-choses\" target=\"_blank\" rel=\"noreferrer noopener\">impos\u00e9s<\/a> pour deux d\u2019entre eux. Les circonstances de la succession d\u2019Herv\u00e9 Reynaud g\u00e9n\u00e9rant d\u2019autres \u00e9pisodes conflictuels ont laiss\u00e9 quelques traces. Jean-Luc Degraix sera d\u2019ailleurs un des <a href=\"https:\/\/www.if-saint-etienne.fr\/breves\/municipales-2026-a-saint-chamond-jean-luc-degraix-a-officialise-sa-candidature\" target=\"_blank\" rel=\"noreferrer noopener\">concurrents<\/a> d\u2019Axel Dugua en mars prochain. \u00ab\u00a0Remake\u00a0\u00bb des divisions \u00e0 droite de 2008 et 2014 cependant aux d\u00e9nouements\u00a0si diff\u00e9rents ? \u00a0<\/p>\n<blockquote class=\"wp-block-quote is-layout-flow wp-block-quote-is-layout-flow\">\n<p>Je sais d\u00e9sormais pouvoir compter sur une majorit\u00e9 de 27 \u00e9lus pleinement \u00e0 la t\u00e2che pour finir le mandat en cours. C\u2019est nettement plus que les 18 ayant vot\u00e9 en ma faveur pour succ\u00e9der \u00e0 Herv\u00e9 Reynaud.<\/p>\n<\/blockquote>\n<p>Si la premi\u00e8re fois, la situation avait offert la mairie sur un plateau \u00e0 la majorit\u00e9 du socialiste Philippe Kizirian, les deux camps qui \u00e9taient dans le m\u00eame il y a 11 ans, comme il y a 5 ans, nous ont tous les deux fait observer qu\u2019Herv\u00e9 Reynaud s\u2019\u00e9tait ais\u00e9ment impos\u00e9 en <a href=\"https:\/\/www.archives-resultats-elections.interieur.gouv.fr\/resultats\/MN2014\/042\/042207.php\" target=\"_blank\" rel=\"noreferrer noopener\">2014<\/a> au 1er comme au 2e tour malgr\u00e9 un RN qualifi\u00e9 pour ce dernier\u2026 En <a href=\"https:\/\/www.archives-resultats-elections.interieur.gouv.fr\/resultats\/municipales-2020\/042\/042207.php\" target=\"_blank\" rel=\"noreferrer noopener\">2020<\/a>, il avait \u00e9t\u00e9 ensuite r\u00e9\u00e9lu dans un fauteuil d\u00e8s le 1er avec, d\u2019embl\u00e9e, pr\u00e8s de 59 % des voix exprim\u00e9es\u2026 Autant de voix \u00e0 partager entre les deux camps de la droite et du centre, 6 ans plus tard\u00a0? Remarquons que l\u2019union de la gauche, <a href=\"https:\/\/www.if-saint-etienne.fr\/politique-societe\/municipales-2026-a-saint-chamond-lunion-de-la-gauche-ferme-et-complete\" target=\"_blank\" rel=\"noreferrer noopener\">compl\u00e8te<\/a> en 2026 \u00e0 l\u2019exception \u2013 pour l\u2019instant\u00a0? \u2013 de LFI, si elle avait exist\u00e9 \u00e0 l\u2019\u00e9poque n\u2019aurait cumul\u00e9 que 26,5 %, tandis que le RN avait, lui, capt\u00e9 13 % des suffrages exprim\u00e9s\u2026 Une des grandes inconnues en cas de candidature d\u2019extr\u00eame droite unie \u00e0 Saint-Chamond. Et elle pourrait tout d\u00e9terminer\u00a0: son score, jusque-l\u00e0, relativement peu \u00e9lev\u00e9 dans le contexte des Municipales se calera-t-il cette fois sur ceux exponentiels aux L\u00e9gislatives, \u00e0 savoir sur la seule ville de 16,04 % en 2017, 22,65\u00a0% (cumul\u00e9s) en 2022, 36,86 % en 2024\u00a0(30 % environ aux Europ\u00e9nnes de 2019\u00a0; plus de 40 % cumul\u00e9s en 2024) ? \u00a0\u00a0\u00a0<\/p>\n<p>\u00ab\u00a0Nos engagements de 2020 sont quasiment tous tenus\u00a0\u00bb<\/p>\n<p>\u00c9valuer qui sur sa gauche ou qui sur sa droite, sinon de son quasi propre bord, sera le plus coriace des adversaires,\u00a0\u00e0 ce stade, Axel Dugua n\u2019en est pas encore l\u00e0. Mais, en attendant de d\u00e9tailler un programme en \u00e9laboration lui aussi, \u00e0 d\u2019abord d\u00e9fendre le bilan du mandat \u00e9coul\u00e9 \u2013 et m\u00eame celui d\u2019avant \u2013 auquel il a aussi particip\u00e9 comme adjoint. Une d\u00e9fense qui commence par la s\u00e9curit\u00e9\u2026 \u00ab\u00a0Nos engagements de 2020 sont quasiment tous tenus. La th\u00e9matique de la s\u00e9curit\u00e9, premi\u00e8re des libert\u00e9s, me tient \u00e0 c\u0153ur. Nous avons \u00e9t\u00e9 tr\u00e8s actifs \u00e0 ce sujet\u00a0en passant depuis 2014 de 10 \u00e0 30 policiers municipaux et de 10 \u00e0 280 cam\u00e9ras. Avec des r\u00e9sultats\u00a0: la d\u00e9linquance, tous faits cumul\u00e9s, a baiss\u00e9 de 4,5 % en 2024. Notre politique a fait ses preuves lors des \u00e9meutes de 2023 o\u00f9 Saint-Chamond a \u00e9t\u00e9 tr\u00e8s peu touch\u00e9e. Nous pouvons compter sur le soutien de la R\u00e9gion \u00e0 ce sujet et d\u2019ailleurs avec elle, projetons la cr\u00e9ation d\u2019un nouveau commissariat pour la Police Municipale.\u00a0\u00bb<\/p>\n<p><img loading=\"lazy\" decoding=\"async\" width=\"1024\" height=\"576\" src=\"https:\/\/www.europesays.com\/fr\/wp-content\/uploads\/2025\/09\/k-2-1024x576.jpg\" alt=\"\" class=\"wp-image-80511\"  \/>Vendredi au Bujarret. \u00a9If Saint-Etienne \/ XA<\/p>\n<p>Idem question sant\u00e9, estime-t-il avec l\u2019incitation forte \u00e0 la cr\u00e9ation de deux maisons de sant\u00e9 soutenus par la force publique qui devrait se poursuivre via un projet rue de la R\u00e9publique. Autre priorit\u00e9 \u00e9vidente\u00a0: l\u2019\u00e9conomie avec la mise en avant d\u2019un Saint-Chamond actif, \u00ab\u00a0non dortoir\u00a0\u00bb \u2013 10\u00a0600 emplois sur place \u2013 r\u00e9cemment enrichi par l\u2019ouverture de l\u2019usine <a href=\"https:\/\/www.if-saint-etienne.fr\/economie\/novasoie-lindustrie-de-la-soie-est-de-retour-a-saint-chamond\" target=\"_blank\" rel=\"noreferrer noopener\">Novasoie<\/a> \u00e0 Novaci\u00e9ries\u00a0et ses 150 emplois \u00e0 terme. Logement, espace public et r\u00e9novations des places, des quartiers sont annonc\u00e9s dans la continuit\u00e9 de ce qui a \u00e9t\u00e9 r\u00e9alis\u00e9 ces derni\u00e8res ann\u00e9es. \u00ab Apr\u00e8s Le Creux et Fonsala, le Cr\u00eat de l\u2019\u0153illet sera au programme.\u00a0\u00bb La grande requalification du centre-ville\u00a0? Bien s\u00fbr aussi. En lien avec l\u2019\u00e9chelon national de la politique de la Ville et Saint-Etienne M\u00e9tropole. \u00ab\u00a0Jean-Luc Degraix me reproche de ne pas l\u2019avoir lanc\u00e9 en fin de mandat comme nous aurions d\u00fb\u00a0? C\u2019est lui qui \u00e9tait aux manettes de ce projet et ce que nous avons repris n\u2019\u00e9tait qu\u2019au stade d\u2019esquisses. Mais \u00e7a ne fait pas un projet. Nous nous y attelons.\u00a0\u00bb<\/p>\n<p>Finances et \u00e9chelon m\u00e9tropolitain<\/p>\n<p>Un dossier central au prochain mandat couramiaud, d\u2019ailleurs pour n\u2019importe lequel des futurs vainqueurs et \u00e0 travailler donc avec l\u2019intercommunalit\u00e9. Agglom\u00e9ration dans laquelle Axel Dugua n\u2019est actuellement qu\u2019observateur mais aspirant \u00e0 naturellement y retrouver la premi\u00e8re vice-pr\u00e9sidence, celle depuis longtemps accord\u00e9e au maire de sa seconde ville. Une 1\u00e8re vice-pr\u00e9sidence au\u2026 <a href=\"https:\/\/www.if-saint-etienne.fr\/politique-societe\/la-metropole-doit-elle-se-choisir-en-2026-un-autre-president-que-le-maire-de-saint-etienne\" target=\"_blank\" rel=\"noreferrer noopener\">minimum<\/a>\u00a0? \u00ab\u00a0Au minimum\u00a0\u00bb, nous sourit encore Axel Dugua qui ajoute au bilan, un Saint-Chamond qui a compt\u00e9 comme jamais ces derni\u00e8res ann\u00e9es \u00e0 cette \u00e9chelle\u00a0: la cr\u00e9ation de l\u2019Arena en est le totem \u00e9vident mais le plan de relance a \u00e9t\u00e9 bien utilis\u00e9 ici (m\u00e9diath\u00e8que, centre social Izieux Le Creux, H\u00f4tel Dieu\u2026), argue Andonella Flechet. A cette \u00e9chelle encore, sur l\u2019\u00e9conomie, il faudra avancer sur <a href=\"https:\/\/www.if-saint-etienne.fr\/tag\/stelytec\" target=\"_blank\" rel=\"noreferrer noopener\">Stelytec II<\/a> en petite partie sur le territoire couramiaud et confront\u00e9e \u00e0 l\u2019opposition l\u2019hormoise. Ou encore r\u00e9veiller le projet de p\u00f4le entrepreneurial innovant \u00e0 la <a href=\"https:\/\/www.if-saint-etienne.fr\/economie\/saint-chamond-15-me-investis-dans-une-cathedrale-industrielle-de-novacieries\" target=\"_blank\" rel=\"noreferrer noopener\">Halle 14<\/a> de Novaci\u00e9ries, rest\u00e9 \u00e0 l\u2019\u00e9tat stationnaire depuis les annonces de 2021. \u00a0\u00a0<\/p>\n<p>C\u00f4t\u00e9s finances, c\u2019est un bilan solide et de la s\u00e9r\u00e9nit\u00e9 que tient \u00e0 afficher le maire. \u00ab\u00a0M\u00eame si la dette s\u2019est l\u00e9g\u00e8rement alourdie, nous restons \u00e0 moins de 6 ans de capacit\u00e9 de d\u00e9sendettement, ce qui est tr\u00e8s confortable (pour une collectivit\u00e9 locale, l\u2019inqui\u00e9tude est \u00e0 10, l\u2019alerte rouge \u00e0 12, Ndlr), appuie R\u00e9gis Cadegros. Cela sans augmenter nos bases d\u2019imposition communales (elles peuvent l\u2019\u00eatre et l\u2019ont \u00e9t\u00e9 via l\u2019Etat sans oublier la part augment\u00e9e ici comme ailleurs par <a href=\"https:\/\/www.if-saint-etienne.fr\/politique-societe\/saint-etienne-metropole-augmente-ses-impots-pour-doubler-ses-investissements\" target=\"_blank\" rel=\"noreferrer noopener\">M\u00e9tropole<\/a> sur la taxe fonci\u00e8re, Ndlr).\u00a0\u00bb \u00a0Et l\u2019adjoint aux finances de poursuivre\u00a0: \u00ab\u00a0Nous attirons de plus en plus de propri\u00e9taires, leur taux augmente, cela d\u00e9montre de l\u2019attractivit\u00e9 et apporte des recettes. Nos recettes de service ont augment\u00e9 de 16 % en 2024 (avec parall\u00e8lement + 2,5 % en moyenne pour les tarifs, Ndlr) et nous sommes parvenus \u00e0 baisser les charges d\u2019int\u00e9r\u00eat g\u00e9n\u00e9ral aussi. Dans un contexte tr\u00e8s contraint par les faits externes (l\u2019inflation par exemple), c\u2019est une gestion tr\u00e8s seine salu\u00e9e par la Chambre r\u00e9gionale des comptes qui a permis et permet toujours d\u2019investir 10 M\u20ac par an.\u00a0\u00bb<\/p>\n<p>Bref\u00a0: le bilan est plus qu\u2019honorable, estime Axel Dugua, \u00ab\u00a0jusqu\u2019\u00e0 l\u2019image de notre ville qui significativement chang\u00e9 en bien, aid\u00e9e par le parc Novaci\u00e9ries, l\u2019arriv\u00e9e du Mausa\u2026\u00a0\u00bb Sa campagne vient de commencer\u00a0: plus de 15\u00a0000 tracts de d\u00e9claration vont prendre place dans les boites aux lettres et 11 r\u00e9unions publiques sont programm\u00e9es d\u2019ici fin octobre. Elle sera appuy\u00e9e par un comit\u00e9 de soutien au \u00ab\u00a0nom slogan\u00a0\u00bb\u00a0: \u00ab\u00a0Avec vous, pour Saint-Chamond\u00a0\u00bb. Comit\u00e9 de soutien copr\u00e9sid\u00e9 par Marine Piney et Franck Bersot bas\u00e9e sur les membres de l\u2019association initi\u00e9e pour 2014 par Herv\u00e9 Reynaud, devenue l\u2019Union des Saint-Chamonais. \u00ab\u00a0C\u2019est via celle-ci que je suis entr\u00e9 en politique\u00a0en 2013. \u00bb Axel Dugua avait alors 18 ans.<\/p>\n","protected":false},"excerpt":{"rendered":"Sans surprise, Axel Dugua, maire LR de Saint-Chamond, d\u00e9sign\u00e9 par sa majorit\u00e9 il y a bient\u00f4t 2 ans&hellip;\n","protected":false},"author":2,"featured_media":396129,"comment_status":"","ping_status":"","sticky":false,"template":"","format":"standard","meta":{"footnotes":""},"categories":[9653],"tags":[1111,11,2430,20798,47636,15916,2761,1777,674,1011,27,3434,12,25,4001,20803],"class_list":{"0":"post-396128","1":"post","2":"type-post","3":"status-publish","4":"format-standard","5":"has-post-thumbnail","7":"category-saint-etienne","8":"tag-actu","9":"tag-actualites","10":"tag-auvergne-rhone-alpes","11":"tag-axel-dugua","12":"tag-candidature","13":"tag-electif","14":"tag-elections-municipales-2026","15":"tag-eu","16":"tag-europe","17":"tag-fr","18":"tag-france","19":"tag-municipales-2026","20":"tag-news","21":"tag-republique-francaise","22":"tag-saint-etienne","23":"tag-ville-de-saint-chamond"},"share_on_mastodon":{"url":"https:\/\/pubeurope.com\/@fr\/115216433502733469","error":""},"_links":{"self":[{"href":"https:\/\/www.europesays.com\/fr\/wp-json\/wp\/v2\/posts\/396128","targetHints":{"allow":["GET"]}}],"collection":[{"href":"https:\/\/www.europesays.com\/fr\/wp-json\/wp\/v2\/posts"}],"about":[{"href":"https:\/\/www.europesays.com\/fr\/wp-json\/wp\/v2\/types\/post"}],"author":[{"embeddable":true,"href":"https:\/\/www.europesays.com\/fr\/wp-json\/wp\/v2\/users\/2"}],"replies":[{"embeddable":true,"href":"https:\/\/www.europesays.com\/fr\/wp-json\/wp\/v2\/comments?post=396128"}],"version-history":[{"count":0,"href":"https:\/\/www.europesays.com\/fr\/wp-json\/wp\/v2\/posts\/396128\/revisions"}],"wp:featuredmedia":[{"embeddable":true,"href":"https:\/\/www.europesays.com\/fr\/wp-json\/wp\/v2\/media\/396129"}],"wp:attachment":[{"href":"https:\/\/www.europesays.com\/fr\/wp-json\/wp\/v2\/media?parent=396128"}],"wp:term":[{"taxonomy":"category","embeddable":true,"href":"https:\/\/www.europesays.com\/fr\/wp-json\/wp\/v2\/categories?post=396128"},{"taxonomy":"post_tag","embeddable":true,"href":"https:\/\/www.europesays.com\/fr\/wp-json\/wp\/v2\/tags?post=396128"}],"curies":[{"name":"wp","href":"https:\/\/api.w.org\/{rel}","templated":true}]}}