{"id":396163,"date":"2025-09-16T23:13:16","date_gmt":"2025-09-16T23:13:16","guid":{"rendered":"https:\/\/www.europesays.com\/fr\/396163\/"},"modified":"2025-09-16T23:13:16","modified_gmt":"2025-09-16T23:13:16","slug":"loire-atlantique-tennis-de-table-pour-son-retour-en-pro-b-nantes-sincline-sur-le-fil-du","status":"publish","type":"post","link":"https:\/\/www.europesays.com\/fr\/396163\/","title":{"rendered":"Loire Atlantique &#8211; Tennis de table. Pour son retour en Pro B, Nantes s\u2019incline sur le fil du"},"content":{"rendered":"<p>C\u2019est \u00e0 Lille que Nantes avait\u00a0l\u2019honneur <a href=\"https:\/\/nantes.maville.com\/sport\/detail_-tennis-de-table.-pro-b-le-ping-nantais-replonge-dans-le-grand-bain-_8-6976901_actu.Htm\" target=\"_self\" rel=\"noopener\">de c\u00e9l\u00e9brer son retour en Pro B<\/a>, ce mardi 16\u00a0septembre. Le moustachu italien de service, Francisco Sanchi (n\u00b0\u00a0107), avait la lourde t\u00e2che de disputer le premier duel, apr\u00e8s quatre\u00a0ans d\u2019absence du tennis de table nantais \u00e0 ce niveau. Le Lillois, Amir Seyed Hodaei (n\u00b0\u00a056) nettement mieux class\u00e9, finissait par dompter son adversaire nantais.<\/p>\n<p>L\u2019entr\u00e9e en piste du Grec Panagiotis Gionis (n\u00b0\u00a035) relan\u00e7ait la machine nantaise. Avec son jeu de d\u00e9fense tr\u00e8s caract\u00e9ristique, le Nantais r\u00e9ussissait \u00e0 \u00e9nerver Romain Brard (n\u00b0\u00a086) et \u00e0 ramener les Nantais \u00e0 \u00e9galit\u00e9.<\/p>\n<p>Dans le troisi\u00e8me match, Georgios Stamatouros (n\u00b0\u00a0119), le second Grec de l\u2019\u00e9quipe, inqui\u00e9tait l\u2019Ukrainien, Yaroslav Zhmundenko (n\u00b0\u00a055) en fin de match, mais s\u2019inclinait tout de m\u00eame.<\/p>\n<p>Sanchi s\u2019incline en cinq sets<\/p>\n<p>Pour le match qui pouvait donner la victoire \u00e0 Lille, Gionis reprenait la raquette pour affronter le porte-drapeau de la d\u00e9l\u00e9gation de Madagascar aux Jeux de Paris, Fabio Rakotoarimanana (n\u00b0\u00a0113), qu\u2019il dominait en trois petits sets, pour offrir un dernier match d\u00e9cisif.<\/p>\n<p>Dans ce dernier duel, les deux adversaires n\u2019\u00e9taient pas en confiance, ayant chacun perdu leur premi\u00e8re rencontre. L\u2019Italien Francisco Sanchi affrontait Romain Brard dans une ambiance surchauff\u00e9e. Une rencontre qui se d\u00e9cidait au terme du cinqui\u00e8me set. Le nouveau\u00a0prot\u00e9g\u00e9 de Segun Toriola craquait malheureusement en fin de match, malgr\u00e9 trois balles de matches sauv\u00e9es.<\/p>\n<p><strong>Lire aussi\u00a0: <\/strong> <a href=\"https:\/\/nantes.maville.com\/sport\/detail_-loire-atlantique-tennis-de-table.-pro-b-nantes-tt-pret-a-relever-le-defi-_8-6831855_actu.Htm\" target=\"_self\" rel=\"noopener\">Nantes TT pr\u00eat \u00e0 relever le d\u00e9fi<\/a><\/p>\n<p>Prochain rendez-vous d\u00e8s ce vendredi face \u00e0 Chartres, mais cette fois-ci \u00e0 domicile, dans sa salle historique de Mangin. Une r\u00e9volte est attendue.<\/p>\n<p><strong>R\u00e9sultats<\/strong><\/p>\n<p>LILLE &#8211; NANTES\u00a0: 3-2.<\/p>\n<p>A. Hodaei &#8211; F. Sanchi\u00a0: 3-1\u00a0; R. Brard &#8211; P. Gionis\u00a0: 1-3\u00a0; Y. Zhmudenko\u00a0&#8211; G. Stamatouros\u00a0: 3-1\u00a0; F. Rakotoarimanana\u00a0&#8211; P. Gionis\u00a0: 0-3\u00a0; R. Brard &#8211; F. Sanchi\u00a0: 3-2.<\/p>\n<p>\u00a0<\/p>\n","protected":false},"excerpt":{"rendered":"C\u2019est \u00e0 Lille que Nantes avait\u00a0l\u2019honneur de c\u00e9l\u00e9brer son retour en Pro B, ce mardi 16\u00a0septembre. Le moustachu&hellip;\n","protected":false},"author":2,"featured_media":396164,"comment_status":"","ping_status":"","sticky":false,"template":"","format":"standard","meta":{"footnotes":""},"categories":[2818],"tags":[1111,11,1438,3809,1465,1777,674,63,1011,27,1792,1922,766,12,2636,25,479,517,1470],"class_list":{"0":"post-396163","1":"post","2":"type-post","3":"status-publish","4":"format-standard","5":"has-post-thumbnail","7":"category-nantes","8":"tag-actu","9":"tag-actualites","10":"tag-angers","11":"tag-ball","12":"tag-basket","13":"tag-eu","14":"tag-europe","15":"tag-football","16":"tag-fr","17":"tag-france","18":"tag-handball","19":"tag-info","20":"tag-nantes","21":"tag-news","22":"tag-pays-de-la-loire","23":"tag-republique-francaise","24":"tag-rugby","25":"tag-sport","26":"tag-volley"},"share_on_mastodon":{"url":"https:\/\/pubeurope.com\/@fr\/115216515667675586","error":""},"_links":{"self":[{"href":"https:\/\/www.europesays.com\/fr\/wp-json\/wp\/v2\/posts\/396163","targetHints":{"allow":["GET"]}}],"collection":[{"href":"https:\/\/www.europesays.com\/fr\/wp-json\/wp\/v2\/posts"}],"about":[{"href":"https:\/\/www.europesays.com\/fr\/wp-json\/wp\/v2\/types\/post"}],"author":[{"embeddable":true,"href":"https:\/\/www.europesays.com\/fr\/wp-json\/wp\/v2\/users\/2"}],"replies":[{"embeddable":true,"href":"https:\/\/www.europesays.com\/fr\/wp-json\/wp\/v2\/comments?post=396163"}],"version-history":[{"count":0,"href":"https:\/\/www.europesays.com\/fr\/wp-json\/wp\/v2\/posts\/396163\/revisions"}],"wp:featuredmedia":[{"embeddable":true,"href":"https:\/\/www.europesays.com\/fr\/wp-json\/wp\/v2\/media\/396164"}],"wp:attachment":[{"href":"https:\/\/www.europesays.com\/fr\/wp-json\/wp\/v2\/media?parent=396163"}],"wp:term":[{"taxonomy":"category","embeddable":true,"href":"https:\/\/www.europesays.com\/fr\/wp-json\/wp\/v2\/categories?post=396163"},{"taxonomy":"post_tag","embeddable":true,"href":"https:\/\/www.europesays.com\/fr\/wp-json\/wp\/v2\/tags?post=396163"}],"curies":[{"name":"wp","href":"https:\/\/api.w.org\/{rel}","templated":true}]}}