{"id":396172,"date":"2025-09-16T23:18:22","date_gmt":"2025-09-16T23:18:22","guid":{"rendered":"https:\/\/www.europesays.com\/fr\/396172\/"},"modified":"2025-09-16T23:18:22","modified_gmt":"2025-09-16T23:18:22","slug":"les-transports-ilevia-vont-etre-perturbes-a-lille-pour-la-greve-du-18-septembre","status":"publish","type":"post","link":"https:\/\/www.europesays.com\/fr\/396172\/","title":{"rendered":"les transports Il\u00e9via vont \u00eatre perturb\u00e9s \u00e0 Lille pour la gr\u00e8ve du 18 septembre"},"content":{"rendered":"<p>            Par<br \/>\n        <strong><br \/>\n            <a href=\"https:\/\/actu.fr\/auteur\/nicolas-demollien\" title=\"Consulter tous les articles de Nicolas Demollien\" target=\"_blank\" rel=\"noopener\">Nicolas Demollien<\/a><br \/>\n        <\/strong><\/p>\n<p>        Publi\u00e9 le<\/p>\n<p>            16 sept. 2025 \u00e0 18h36        <\/p>\n<p>La journ\u00e9e du<b> jeudi 18 septembre 2025<\/b> s\u2019annonce compliqu\u00e9e \u00e0 <a href=\"https:\/\/actu.fr\/hauts-de-france\/lille_59350\" target=\"_blank\" rel=\"noopener\">Lille<\/a> (Nord) avec de <b>nombreuses perturbations<\/b>, notamment du c\u00f4t\u00e9 des transports <a href=\"https:\/\/actu.fr\/tag\/ilevia\" target=\"_blank\" rel=\"noopener\">Il\u00e9via<\/a>. <b>Bus, m\u00e9tro et tramways<\/b> : voici les <b>pr\u00e9visions de trafic<\/b> annonc\u00e9es par l\u2019entreprise de <a href=\"https:\/\/actu.fr\/tag\/transport\" target=\"_blank\" rel=\"noopener\">transport<\/a>.<\/p>\n<p>M\u00e9tro, bus et tram : quels transports Il\u00e9via \u00e0 Lille jeudi 18 septembre ?<\/p>\n<p data-end=\"588\" class=\" wall-content\">Pour ce qui est du m\u00e9tro, il fonctionnera \u00e0 un rythme ralenti en journ\u00e9e, \u00ab\u00a0avec une rame<b> toutes les 1min30 sur la ligne 1<\/b> et <b>toutes les 1min40 sur la ligne 2<\/b>\u00ab\u00a0, annonce Il\u00e9via<\/p>\n<p data-end=\"841\" class=\" wall-content\">Des perturbations assez importantes sont \u00e9galement \u00e0 pr\u00e9voir sur le r\u00e9seau tramway, avec une <b>fr\u00e9quence d\u2019un tram toutes les 12 minutes sur le tronc commun<\/b> (entre Gare Lille Flandres et Crois\u00e9 Laroche), et <b>toutes les 24 minutes sur les branches Roubaix et Tourcoing<\/b>.<b data-end=\"850\"\/><\/p>\n<p data-end=\"1163\" class=\" wall-content\">Enfin, le<b> r\u00e9seau bus urbain sera lui aussi impact\u00e9<\/b>, notamment sur les lignes L1, L2, L3, L4, L7, L8, 10, 15, 17, 30, 33, 34, 35, 36, 50, C12, CO2, CITT, CIT5, et la Navette du Vieux-Lille, qui circuleront avec des fr\u00e9quences modifi\u00e9es.<\/p>\n<p>Votre r\u00e9gion, votre actu !<\/p>\n<p>Recevez chaque jour les infos qui comptent pour vous.<\/p>\n<p>\t<a href=\"https:\/\/actu.fr\/newsletter\" class=\"ac-btn ac-btn--corner ac-btn--medium ac-btn--blue800\" target=\"_blank\" rel=\"noopener\">S&rsquo;incrire<\/a><\/p>\n<p data-end=\"1163\" class=\" wall-content\">\u00ab\u00a0Les lignes 32, 51, C10, C11, CO1, CO3 et CITL ne circuleront pas\u00a0\u00bb, annonce \u00e9galement l\u2019entreprise.<\/p>\n<p data-end=\"1272\" class=\" wall-content\">Enfin, le <b>r\u00e9seau p\u00e9riurbain fonctionnera normalement \u00e0 l\u2019exception des lignes 919 et 921<\/b> qui ne circuleront pas.<\/p>\n<p data-end=\"1406\" class=\" wall-content\">Notons par ailleurs qu\u2019en raison des manifestations pr\u00e9vues en centre-ville, des d\u00e9viations sont susceptibles d\u2019\u00eatre mises en place sur certaines lignes.<\/p>\n<p data-end=\"1406\" class=\" wall-content\">Plus d\u2019infos le jour J sur le site <a href=\"https:\/\/www.ilevia.fr\/\" target=\"_blank\" rel=\"noopener\">ilevia.fr<\/a><\/p>\n<p class=\" wall-content\">Personnalisez votre actualit\u00e9 en ajoutant vos villes et m\u00e9dias en favori avec <a href=\"https:\/\/moncompte.actu.fr\" title=\"D\u00e9couvez Mon Actu\" rel=\"nofollow noopener\" data-trk=\"{&quot;cta&quot;:{&quot;action&quot;:&quot;https:\\\/\\\/moncompte.actu.fr&quot;,&quot;category&quot;:&quot;mon compte&quot;,&quot;from&quot;:&quot;article footer&quot;,&quot;name&quot;:&quot;Mon actu&quot;,&quot;type&quot;:&quot;cta&quot;}}\" target=\"_blank\">Mon Actu<\/a>.<\/p>\n","protected":false},"excerpt":{"rendered":"Par Nicolas Demollien Publi\u00e9 le 16 sept. 2025 \u00e0 18h36 La journ\u00e9e du jeudi 18 septembre 2025 s\u2019annonce&hellip;\n","protected":false},"author":2,"featured_media":396173,"comment_status":"","ping_status":"","sticky":false,"template":"","format":"standard","meta":{"footnotes":""},"categories":[2815],"tags":[1111,11,1777,674,1011,27,6151,811,4288,1307,12,25,104,2803],"class_list":{"0":"post-396172","1":"post","2":"type-post","3":"status-publish","4":"format-standard","5":"has-post-thumbnail","7":"category-lille","8":"tag-actu","9":"tag-actualites","10":"tag-eu","11":"tag-europe","12":"tag-fr","13":"tag-france","14":"tag-greve","15":"tag-hauts-de-france","16":"tag-ilevia","17":"tag-lille","18":"tag-news","19":"tag-republique-francaise","20":"tag-societe","21":"tag-transport"},"share_on_mastodon":{"url":"https:\/\/pubeurope.com\/@fr\/115216534940486114","error":""},"_links":{"self":[{"href":"https:\/\/www.europesays.com\/fr\/wp-json\/wp\/v2\/posts\/396172","targetHints":{"allow":["GET"]}}],"collection":[{"href":"https:\/\/www.europesays.com\/fr\/wp-json\/wp\/v2\/posts"}],"about":[{"href":"https:\/\/www.europesays.com\/fr\/wp-json\/wp\/v2\/types\/post"}],"author":[{"embeddable":true,"href":"https:\/\/www.europesays.com\/fr\/wp-json\/wp\/v2\/users\/2"}],"replies":[{"embeddable":true,"href":"https:\/\/www.europesays.com\/fr\/wp-json\/wp\/v2\/comments?post=396172"}],"version-history":[{"count":0,"href":"https:\/\/www.europesays.com\/fr\/wp-json\/wp\/v2\/posts\/396172\/revisions"}],"wp:featuredmedia":[{"embeddable":true,"href":"https:\/\/www.europesays.com\/fr\/wp-json\/wp\/v2\/media\/396173"}],"wp:attachment":[{"href":"https:\/\/www.europesays.com\/fr\/wp-json\/wp\/v2\/media?parent=396172"}],"wp:term":[{"taxonomy":"category","embeddable":true,"href":"https:\/\/www.europesays.com\/fr\/wp-json\/wp\/v2\/categories?post=396172"},{"taxonomy":"post_tag","embeddable":true,"href":"https:\/\/www.europesays.com\/fr\/wp-json\/wp\/v2\/tags?post=396172"}],"curies":[{"name":"wp","href":"https:\/\/api.w.org\/{rel}","templated":true}]}}