{"id":396184,"date":"2025-09-16T23:25:17","date_gmt":"2025-09-16T23:25:17","guid":{"rendered":"https:\/\/www.europesays.com\/fr\/396184\/"},"modified":"2025-09-16T23:25:17","modified_gmt":"2025-09-16T23:25:17","slug":"ligne-par-ligne-quels-metro-rer-ou-train-circuleront-en-ile-de-france","status":"publish","type":"post","link":"https:\/\/www.europesays.com\/fr\/396184\/","title":{"rendered":"ligne par ligne, quels m\u00e9tro, RER ou train circuleront en \u00cele-de-France"},"content":{"rendered":"<p>            Par<br \/>\n        <strong><br \/>\n            <a href=\"https:\/\/actu.fr\/auteur\/redaction-paris\" title=\"Consulter tous les articles de R\u00e9daction Paris\" target=\"_blank\" rel=\"noopener\">R\u00e9daction Paris<\/a><br \/>\n        <\/strong><\/p>\n<p>        Publi\u00e9 le<\/p>\n<p>            16 sept. 2025 \u00e0 17h27        <\/p>\n<p>Ce jeudi 18 septembre 2025 sera bien noir dans les transports en commun de Paris et d\u2019\u00cele-de-France. Le syndicat FO Groupe RATP l\u2019avait annonc\u00e9 : <a href=\"https:\/\/actu.fr\/ile-de-france\/paris_75056\/ratp-greve-du-18-septembre-les-syndicats-annoncent-deja-une-journee-noire-dans-le-metro-a-paris_63166077.html\" target=\"_blank\" rel=\"noopener\">plus de 80 % du personnel<\/a> de conduite de la <a href=\"https:\/\/actu.fr\/tag\/ratp\" target=\"_blank\" rel=\"noopener\">RATP<\/a> pr\u00e9voyait de suivre le mouvement social. Ce mardi 16 septembre 2025, la R\u00e9gie des transports et la SNCF ont d\u00e9voil\u00e9 les <strong>pr\u00e9visions de circulation<\/strong>. actu Paris fait le point ligne par ligne.<\/p>\n<p>M\u00e9tros<\/p>\n<p class=\" wall-content\">Les usagers des m\u00e9tros vont \u00eatre tr\u00e8s impact\u00e9s. Seules les lignes 1, 4 et 14, qui sont automatiques, fonctionneront <strong>normalement<\/strong>.<\/p>\n<p class=\" wall-content\">Le trafic sera <strong>perturb\u00e9<\/strong> et assur\u00e9 uniquement aux heures de pointe sur les lignes 7, 9, 10 et 13.<\/p>\n<p class=\" wall-content\">La RATP pr\u00e9voit une circulation <strong>tr\u00e8s perturb\u00e9e<\/strong> et assur\u00e9e seulement aux heures de pointe sur les lignes 2, 3, 3bis, 5, 6, 7bis, 8, 11 et 12.<\/p>\n<p>RER<\/p>\n<p class=\" wall-content\">Sur les zones g\u00e9r\u00e9es par la RATP, le <strong>trafic sera tr\u00e8s perturb\u00e9<\/strong> sur les <a href=\"https:\/\/actu.fr\/tag\/rer-a\" target=\"_blank\" rel=\"noopener\">RER A<\/a> et <a href=\"https:\/\/actu.fr\/tag\/rer-b\" target=\"_blank\" rel=\"noopener\">RER B<\/a>, mais l\u2019interconnexion avec la gare du Nord sera maintenue. La SNCF fait savoir que la circulation sera perturb\u00e9e sur le <a href=\"https:\/\/actu.fr\/tag\/rer-c\" target=\"_blank\" rel=\"noopener\">RER C<\/a> et tr\u00e8s perturb\u00e9e sur les <a href=\"https:\/\/actu.fr\/tag\/rer-d\" target=\"_blank\" rel=\"noopener\">RER D<\/a> et <a href=\"https:\/\/actu.fr\/tag\/rer-e\" target=\"_blank\" rel=\"noopener\">E<\/a>.<\/p>\n<p>Bus\u00a0<\/p>\n<p class=\" wall-content\">Le trafic sera \u00e9galement perturb\u00e9. Attention, certaines lignes pourraient \u00eatre <strong>ferm\u00e9es,<\/strong> pr\u00e9cise l\u2019entreprise.<\/p>\n<p>Tramway<\/p>\n<p class=\" wall-content\">Le trafic sera <strong>normal ou presque<\/strong> sur les lignes 1, 2, 3a, 3b et 6. Il sera en revanche perturb\u00e9 sur les lignes 5, 7 et 8.<\/p>\n<p>Votre r\u00e9gion, votre actu !<\/p>\n<p>Recevez chaque jour les infos qui comptent pour vous.<\/p>\n<p>\t<a href=\"https:\/\/actu.fr\/newsletter\" class=\"ac-btn ac-btn--corner ac-btn--medium ac-btn--blue800\" target=\"_blank\" rel=\"noopener\">S&rsquo;incrire<\/a><br \/>\nTransilien<\/p>\n<p class=\" wall-content\">La SNCF annonce un trafic perturb\u00e9 sur les lignes H, K, L, N, P, R, V et U, mais invite les usagers \u00e0 se renseigner \u00e0 partir de 17 heures, mercredi 17 septembre 2025, pour conna\u00eetre les horaires des trains.<\/p>\n<p class=\" wall-content\">Personnalisez votre actualit\u00e9 en ajoutant vos villes et m\u00e9dias en favori avec <a href=\"https:\/\/moncompte.actu.fr\" title=\"D\u00e9couvez Mon Actu\" rel=\"nofollow noopener\" data-trk=\"{&quot;cta&quot;:{&quot;action&quot;:&quot;https:\\\/\\\/moncompte.actu.fr&quot;,&quot;category&quot;:&quot;mon compte&quot;,&quot;from&quot;:&quot;article footer&quot;,&quot;name&quot;:&quot;Mon actu&quot;,&quot;type&quot;:&quot;cta&quot;}}\" target=\"_blank\">Mon Actu<\/a>.<\/p>\n","protected":false},"excerpt":{"rendered":"Par R\u00e9daction Paris Publi\u00e9 le 16 sept. 2025 \u00e0 17h27 Ce jeudi 18 septembre 2025 sera bien noir&hellip;\n","protected":false},"author":2,"featured_media":396185,"comment_status":"","ping_status":"","sticky":false,"template":"","format":"standard","meta":{"footnotes":""},"categories":[1592],"tags":[1111,11,1777,674,1011,27,52713,662,12,626,625,25,2215,104],"class_list":{"0":"post-396184","1":"post","2":"type-post","3":"status-publish","4":"format-standard","5":"has-post-thumbnail","7":"category-ile-de-france","8":"tag-actu","9":"tag-actualites","10":"tag-eu","11":"tag-europe","12":"tag-fr","13":"tag-france","14":"tag-greve-du-18-septembre","15":"tag-ile-de-france","16":"tag-news","17":"tag-paris","18":"tag-ratp","19":"tag-republique-francaise","20":"tag-sncf","21":"tag-societe"},"share_on_mastodon":{"url":"https:\/\/pubeurope.com\/@fr\/115216562504186564","error":""},"_links":{"self":[{"href":"https:\/\/www.europesays.com\/fr\/wp-json\/wp\/v2\/posts\/396184","targetHints":{"allow":["GET"]}}],"collection":[{"href":"https:\/\/www.europesays.com\/fr\/wp-json\/wp\/v2\/posts"}],"about":[{"href":"https:\/\/www.europesays.com\/fr\/wp-json\/wp\/v2\/types\/post"}],"author":[{"embeddable":true,"href":"https:\/\/www.europesays.com\/fr\/wp-json\/wp\/v2\/users\/2"}],"replies":[{"embeddable":true,"href":"https:\/\/www.europesays.com\/fr\/wp-json\/wp\/v2\/comments?post=396184"}],"version-history":[{"count":0,"href":"https:\/\/www.europesays.com\/fr\/wp-json\/wp\/v2\/posts\/396184\/revisions"}],"wp:featuredmedia":[{"embeddable":true,"href":"https:\/\/www.europesays.com\/fr\/wp-json\/wp\/v2\/media\/396185"}],"wp:attachment":[{"href":"https:\/\/www.europesays.com\/fr\/wp-json\/wp\/v2\/media?parent=396184"}],"wp:term":[{"taxonomy":"category","embeddable":true,"href":"https:\/\/www.europesays.com\/fr\/wp-json\/wp\/v2\/categories?post=396184"},{"taxonomy":"post_tag","embeddable":true,"href":"https:\/\/www.europesays.com\/fr\/wp-json\/wp\/v2\/tags?post=396184"}],"curies":[{"name":"wp","href":"https:\/\/api.w.org\/{rel}","templated":true}]}}