{"id":396206,"date":"2025-09-16T23:39:18","date_gmt":"2025-09-16T23:39:18","guid":{"rendered":"https:\/\/www.europesays.com\/fr\/396206\/"},"modified":"2025-09-16T23:39:18","modified_gmt":"2025-09-16T23:39:18","slug":"un-an-apres-leurope-peine-a-appliquer-lelectrochoc-prescrit-par-mario-draghi-actualites","status":"publish","type":"post","link":"https:\/\/www.europesays.com\/fr\/396206\/","title":{"rendered":"Un an apr\u00e8s, l&rsquo;Europe peine \u00e0 appliquer l&rsquo;\u00e9lectrochoc prescrit par Mario Draghi : Actualit\u00e9s"},"content":{"rendered":"<p class=\"lead \">\u00ab\u00a0Notre mod\u00e8le de croissance s&rsquo;\u00e9rode, nos vuln\u00e9rabilit\u00e9s s&rsquo;accroissent, le financement des investissements requis n&rsquo;est pas clairement trac\u00e9\u00a0\u00bb.<\/p>\n<p class=\"lead \">Un an apr\u00e8s la remise d&rsquo;un rapport choc qui mettait en garde contre le \u00ab\u00a0d\u00e9crochage\u00a0\u00bb \u00e9conomique du Vieux continent face aux Etats-Unis et \u00e0 la Chine, Mario Draghi, ancien pr\u00e9sident de la Banque centrale europ\u00e9enne, a exhort\u00e9 mardi l&rsquo;Europe \u00e0 sortir de sa \u00ab\u00a0lenteur\u00a0\u00bb et mener des r\u00e9formes pour redresser sa comp\u00e9titivit\u00e9. <\/p>\n<p class=\"lead \">Invit\u00e9 par la Commission europ\u00e9enne \u00e0 dresser un premier bilan, douze apr\u00e8s la remise de ses pr\u00e9conisations, l&rsquo;\u00e9conomiste italien et ancien pr\u00e9sident de la Banque centrale europ\u00e9enne n&rsquo;a pas m\u00e2ch\u00e9 ses mots.<\/p>\n<p class=\"lead \">Tout en saluant la d\u00e9termination \u00e0 agir de la Commission, qui avait endoss\u00e9 son diagnostic et a lanc\u00e9 depuis de multiples initiatives inspir\u00e9es de ses recommandations, le professeur Draghi a jug\u00e9 que \u00ab\u00a0les entreprises et les citoyens (&#8230;) sont d\u00e9\u00e7us par la lenteur de l&rsquo;Europe, et son incapacit\u00e9 \u00e0 aller aussi vite\u00a0\u00bb que les Etats-Unis ou la Chine.<\/p>\n<p class=\"lead \">\u00ab\u00a0L&rsquo;inaction menace non seulement notre comp\u00e9titivit\u00e9, mais \u00e9galement notre souverainet\u00e9\u00a0\u00bb, a-t-il pr\u00e9venu, regrettant que \u00ab\u00a0les gouvernements n&rsquo;aient pas conscience de la gravit\u00e9 de la situation\u00a0\u00bb.<\/p>\n<p class=\"lead \">&#8211; Progr\u00e8s \u00ab\u00a0mitig\u00e9s\u00a0\u00bb &#8211;<\/p>\n<p class=\"lead \">Selon les calculs du centre de r\u00e9flexion bruxellois EPIC, seulement 11% des 383 recommandations faites par M. Draghi dans son rapport sur \u00ab\u00a0l&rsquo;avenir de la comp\u00e9titivit\u00e9 europ\u00e9enne\u00a0\u00bb ont \u00e9t\u00e9 mises en oeuvre totalement, et environ 20% de mani\u00e8re partielle.<\/p>\n<p class=\"lead \">Les \u00e9conomistes de Deutsche Bank Marion Muehlberger et Ursula Walther jugent \u00e9galement dans une note que \u00ab\u00a0les progr\u00e8s dans l&rsquo;ensemble sont mitig\u00e9s\u00a0\u00bb, avec des \u00ab\u00a0r\u00e9formes substantielles\u00a0\u00bb mises en oeuvre ou engag\u00e9es, mais sans qu&rsquo;il y ait de quoi bouleverser la donne \u00e0 ce stade.<\/p>\n<p class=\"lead \">Parmi les principales avanc\u00e9es, la relance de l&rsquo;industrie de d\u00e9fense. <\/p>\n<p class=\"lead \">L&rsquo;urgence de r\u00e9armer l&rsquo;Europe face \u00e0 la menace russe a pouss\u00e9 les 27 \u00e0 se lancer dans un effort de r\u00e9industrialisation collectif, avec une agilit\u00e9 remarqu\u00e9e. La semaine derni\u00e8re, la Commission a ainsi annonc\u00e9 avoir allou\u00e9 150 milliards d&rsquo;euros de pr\u00eats \u00e0 19 pays, dans le cadre d&rsquo;un ensemble de mesures visant \u00e0 mobiliser jusqu&rsquo;\u00e0 800 milliards d&rsquo;euros.<\/p>\n<p class=\"lead \">L&rsquo;Europe s&rsquo;est \u00e9galement dot\u00e9e d&rsquo;une plateforme commune pour s\u00e9curiser ses approvisionnements en mati\u00e8res premi\u00e8res \u00ab\u00a0critiques\u00a0\u00bb, et a multipli\u00e9 les initiatives dans le domaine de l&rsquo;intelligence artificielle.<\/p>\n<p class=\"lead \">Autant de r\u00e9alisations mises en avant par la pr\u00e9sidente de la Commission, Ursula von der Leyen, qui, en recevant Mario Draghi, a reconnu la n\u00e9cessit\u00e9 d&rsquo;aller plus vite pour redresser la barre.<\/p>\n<p class=\"lead \">&#8211; \u00ab\u00a0Sentiment d&rsquo;urgence\u00a0\u00bb &#8211;<\/p>\n<p class=\"lead \">Elle a assur\u00e9 que la commission \u00ab\u00a0maintiendra sans rel\u00e2che le cap jusqu\u2018\u00e0 ce que tout soit accompli\u00a0\u00bb, et \u00e0 enjoint les autres institutions europ\u00e9ennes \u00e0 se joindre au mouvement, en particulier le Parlement, qui n&rsquo;a toujours pas adopt\u00e9 une s\u00e9rie de lois de simplification r\u00e9glementaire dites \u00ab\u00a0Omnibus\u00a0\u00bb.<\/p>\n<p class=\"lead \">\u00ab\u00a0Nous avons besoin d\u2019une action urgente pour faire face \u00e0 des besoins urgents, car nos entreprises et nos travailleurs ne peuvent plus attendre\u00a0\u00bb, a-t-elle exhort\u00e9.<\/p>\n<p class=\"lead \">Selon Deutsche Bank, ces mesures de simplifications pourraient faire \u00e9conomiser de l&rsquo;ordre de 9 milliards d&rsquo;euros par an aux entreprises europ\u00e9ennes.<\/p>\n<p class=\"lead \">La cheffe de l&rsquo;ex\u00e9cutif europ\u00e9en appelle aussi \u00e0 mettre en oeuvre \u00ab\u00a0avec un sentiment d&rsquo;urgence\u00a0\u00bb le parach\u00e8vement du march\u00e9 unique, un vaste projet consistant \u00e0 lever d&rsquo;ici 2028 de multiples barri\u00e8res internes qui continuent de freiner l&rsquo;activit\u00e9 \u00e9conomique dans de nombreux secteurs. <\/p>\n<p class=\"lead \">D&rsquo;apr\u00e8s le Fonds mon\u00e9taire international, ces entraves repr\u00e9sentent l&rsquo;\u00e9quivalent de 45% de droits de douane sur les biens, et de 110% sur les services.<\/p>\n<p class=\"lead \">Pour Simone Tagliapietra, expert \u00e0 l&rsquo;institut Bruegel, \u00ab\u00a0le message de M. Draghi est tr\u00e8s clair: soit l&rsquo;Europe change de mod\u00e8le \u00e9conomique, soit elle est condamn\u00e9e \u00e0 p\u00e9rir\u00a0\u00bb. Et cela s&rsquo;adresse en priorit\u00e9 aux Etats membres, l\u00e0 o\u00f9 r\u00e9side selon lui le principal obstacle aux r\u00e9formes.<\/p>\n<p class=\"small font-weight-bold text-gray3 \"> publi\u00e9 le 16 septembre \u00e0 13h05, AFP<\/p>\n<p>                             Partager<\/p>\n","protected":false},"excerpt":{"rendered":"\u00ab\u00a0Notre mod\u00e8le de croissance s&rsquo;\u00e9rode, nos vuln\u00e9rabilit\u00e9s s&rsquo;accroissent, le financement des investissements requis n&rsquo;est pas clairement trac\u00e9\u00a0\u00bb. Un&hellip;\n","protected":false},"author":2,"featured_media":396207,"comment_status":"","ping_status":"","sticky":false,"template":"","format":"standard","meta":{"footnotes":""},"categories":[1586],"tags":[13790,11,215,1777,674,1779,1011,27,693,2554,12,25,1778,364],"class_list":{"0":"post-396206","1":"post","2":"type-post","3":"status-publish","4":"format-standard","5":"has-post-thumbnail","7":"category-europe","8":"tag-conomie","9":"tag-actualites","10":"tag-commerce","11":"tag-eu","12":"tag-europe","13":"tag-european-union","14":"tag-fr","15":"tag-france","16":"tag-industrie","17":"tag-investissements","18":"tag-news","19":"tag-republique-francaise","20":"tag-ue","21":"tag-union-europeenne"},"share_on_mastodon":{"url":"https:\/\/pubeurope.com\/@fr\/115216617572831764","error":""},"_links":{"self":[{"href":"https:\/\/www.europesays.com\/fr\/wp-json\/wp\/v2\/posts\/396206","targetHints":{"allow":["GET"]}}],"collection":[{"href":"https:\/\/www.europesays.com\/fr\/wp-json\/wp\/v2\/posts"}],"about":[{"href":"https:\/\/www.europesays.com\/fr\/wp-json\/wp\/v2\/types\/post"}],"author":[{"embeddable":true,"href":"https:\/\/www.europesays.com\/fr\/wp-json\/wp\/v2\/users\/2"}],"replies":[{"embeddable":true,"href":"https:\/\/www.europesays.com\/fr\/wp-json\/wp\/v2\/comments?post=396206"}],"version-history":[{"count":0,"href":"https:\/\/www.europesays.com\/fr\/wp-json\/wp\/v2\/posts\/396206\/revisions"}],"wp:featuredmedia":[{"embeddable":true,"href":"https:\/\/www.europesays.com\/fr\/wp-json\/wp\/v2\/media\/396207"}],"wp:attachment":[{"href":"https:\/\/www.europesays.com\/fr\/wp-json\/wp\/v2\/media?parent=396206"}],"wp:term":[{"taxonomy":"category","embeddable":true,"href":"https:\/\/www.europesays.com\/fr\/wp-json\/wp\/v2\/categories?post=396206"},{"taxonomy":"post_tag","embeddable":true,"href":"https:\/\/www.europesays.com\/fr\/wp-json\/wp\/v2\/tags?post=396206"}],"curies":[{"name":"wp","href":"https:\/\/api.w.org\/{rel}","templated":true}]}}