{"id":396208,"date":"2025-09-16T23:40:13","date_gmt":"2025-09-16T23:40:13","guid":{"rendered":"https:\/\/www.europesays.com\/fr\/396208\/"},"modified":"2025-09-16T23:40:13","modified_gmt":"2025-09-16T23:40:13","slug":"real-madrid-om-penalty-scandaleux-lenorme-coup-de-gueule-de-nasri","status":"publish","type":"post","link":"https:\/\/www.europesays.com\/fr\/396208\/","title":{"rendered":"Real Madrid &#8211; OM : penalty scandaleux, l\u2019\u00e9norme coup de gueule de Nasri !"},"content":{"rendered":"<p>L\u2019<a href=\"https:\/\/www.onzemondial.com\/france\/om.html\" rel=\"nofollow noopener\" target=\"_blank\">OM<\/a> a livr\u00e9 une prestation courageuse au Santiago Bernabeu, port\u00e9e par un Geronimo Rulli exceptionnel, mais s\u2019incline 2-1 face au <a href=\"https:\/\/www.onzemondial.com\/etranger\/real-madrid.html\" rel=\"nofollow noopener\" target=\"_blank\">Real Madrid<\/a>. Les Marseillais avaient pourtant ouvert le score gr\u00e2ce \u00e0 Timothy Weah, et semblaient en mesure de r\u00e9sister, surtout apr\u00e8s le carton rouge inflig\u00e9 \u00e0 Dani Carvajal pour un vilain coup de t\u00eate sur Rulli. Mais le match a bascul\u00e9 sur un second penalty tr\u00e8s contest\u00e9 transform\u00e9 par Kylian Mbapp\u00e9.<\/p>\n<p>Le penalty, siffl\u00e9 pour une main de Facundo Medina, a provoqu\u00e9 l\u2019ire de Samir Nasri sur Canal+. \u00ab Je ne voulais pas m\u2019exprimer parce qu\u2019on va dire que je suis chauvin, marseillais. Mais pour moi il n\u2019y a jamais penalty. Peu importe, il tacle, c\u2019est sa main mais on doit jamais siffler l\u00e0 dessus. S\u2019il siffle le penalty pour compenser le carton rouge de Carvajal, garde-le, ne lui donne pas de carton rouge. Honn\u00eatement on regardait le match, on \u00e9tait en train de crier au scandale. Pour nous, il n\u2019y avait pas penalty. J\u2019aimerais bien \u00e9couter les explications de l\u2019arbitre et pourquoi il siffle le penalty. \u00bb<\/p>\n<p>Une d\u00e9cision qui a tout chang\u00e9<\/p>\n<p>Malgr\u00e9 cette injustice per\u00e7ue, l\u2019OM a tenu t\u00eate \u00e0 l\u2019une des meilleures \u00e9quipes d\u2019Europe et a montr\u00e9 de belles choses, notamment avec des occasions de Paixao et Greenwood dans les derni\u00e8res minutes, mais sans succ\u00e8s. Benjamin Pavard a lui aussi salu\u00e9 la performance : \u00ab On les a regard\u00e9s droit dans les yeux\u2026 On peut \u00eatre fiers de notre performance. \u00bb<\/p>\n<p>Cette d\u00e9faite reste frustrante, surtout que les Marseillais ont fait preuve de courage et de discipline, jouant le match de leur vie face \u00e0 une \u00e9quipe du Real r\u00e9duite \u00e0 dix apr\u00e8s l\u2019expulsion de Carvajal. Pourtant, le second penalty, jug\u00e9 s\u00e9v\u00e8re, laissera un sentiment d\u2019injustice pour un OM courageux mais sanctionn\u00e9 par des d\u00e9cisions arbitrales discutables.<\/p>\n<p>   Partagez cette info avec vos amis et vos proches en cliquant ici<br \/> Pour r\u00e9sumer<\/p>\n<p>L\u2019OM s\u2019incline 2-1 face au Real Madrid malgr\u00e9 l\u2019ouverture du score de Weah et un Rulli exceptionnel. Nasri fulmine : \u00ab Pour nous, il n\u2019y avait pas penalty\u2026 on \u00e9tait en train de crier au scandale. \u00bb Mbapp\u00e9 marque deux fois, dont un penalty tr\u00e8s s\u00e9v\u00e8re sur Medina, et Carvajal est expuls\u00e9.<\/p>\n<p>R\u00e9dacteur<\/p>\n<p><img decoding=\"async\" width=\"76\" height=\"76\" loading=\"lazy\" src=\"https:\/\/www.europesays.com\/fr\/wp-content\/uploads\/2025\/04\/logo-julien-pedebos.jpg\" alt=\"Julien P\u00e9debos\"\/><\/p>\n","protected":false},"excerpt":{"rendered":"L\u2019OM a livr\u00e9 une prestation courageuse au Santiago Bernabeu, port\u00e9e par un Geronimo Rulli exceptionnel, mais s\u2019incline 2-1&hellip;\n","protected":false},"author":2,"featured_media":396209,"comment_status":"","ping_status":"","sticky":false,"template":"","format":"standard","meta":{"footnotes":""},"categories":[2],"tags":[11,1011,27,12,25],"class_list":{"0":"post-396208","1":"post","2":"type-post","3":"status-publish","4":"format-standard","5":"has-post-thumbnail","7":"category-actualites","8":"tag-actualites","9":"tag-fr","10":"tag-france","11":"tag-news","12":"tag-republique-francaise"},"share_on_mastodon":{"url":"https:\/\/pubeurope.com\/@fr\/115216621487169882","error":""},"_links":{"self":[{"href":"https:\/\/www.europesays.com\/fr\/wp-json\/wp\/v2\/posts\/396208","targetHints":{"allow":["GET"]}}],"collection":[{"href":"https:\/\/www.europesays.com\/fr\/wp-json\/wp\/v2\/posts"}],"about":[{"href":"https:\/\/www.europesays.com\/fr\/wp-json\/wp\/v2\/types\/post"}],"author":[{"embeddable":true,"href":"https:\/\/www.europesays.com\/fr\/wp-json\/wp\/v2\/users\/2"}],"replies":[{"embeddable":true,"href":"https:\/\/www.europesays.com\/fr\/wp-json\/wp\/v2\/comments?post=396208"}],"version-history":[{"count":0,"href":"https:\/\/www.europesays.com\/fr\/wp-json\/wp\/v2\/posts\/396208\/revisions"}],"wp:featuredmedia":[{"embeddable":true,"href":"https:\/\/www.europesays.com\/fr\/wp-json\/wp\/v2\/media\/396209"}],"wp:attachment":[{"href":"https:\/\/www.europesays.com\/fr\/wp-json\/wp\/v2\/media?parent=396208"}],"wp:term":[{"taxonomy":"category","embeddable":true,"href":"https:\/\/www.europesays.com\/fr\/wp-json\/wp\/v2\/categories?post=396208"},{"taxonomy":"post_tag","embeddable":true,"href":"https:\/\/www.europesays.com\/fr\/wp-json\/wp\/v2\/tags?post=396208"}],"curies":[{"name":"wp","href":"https:\/\/api.w.org\/{rel}","templated":true}]}}