{"id":396210,"date":"2025-09-16T23:41:15","date_gmt":"2025-09-16T23:41:15","guid":{"rendered":"https:\/\/www.europesays.com\/fr\/396210\/"},"modified":"2025-09-16T23:41:15","modified_gmt":"2025-09-16T23:41:15","slug":"slimane-condamne-pour-des-faits-de-harcelement-en-marge-dun-concert","status":"publish","type":"post","link":"https:\/\/www.europesays.com\/fr\/396210\/","title":{"rendered":"Slimane condamn\u00e9 pour des faits de harc\u00e8lement en marge d\u2019un concert"},"content":{"rendered":"<p>        <img decoding=\"async\" loading=\"lazy\" src=\"https:\/\/www.europesays.com\/fr\/wp-content\/uploads\/2025\/09\/0bd4f09_1710932543265-gettyimages-1786411237.jpg\"  width=\"728\" height=\"410\" alt=\"Le chanteur Slimane, photographi\u00e9 ici le 10\u00a0novembre 2023, lors de la 25e c\u00e9r\u00e9monie des NRJ Music Awards.\"\/>  <\/p>\n<p>Stephane Cardinale &#8211; Corbis \/ Corbis via Getty Images<\/p>\n<p>Le chanteur Slimane, photographi\u00e9 ici le 10\u00a0novembre 2023, lors de la 25e c\u00e9r\u00e9monie des NRJ Music Awards.<\/p>\n<p class=\"asset asset-text\">JUSTICE &#8211; L\u2019affaire r\u00e9v\u00e9l\u00e9e par Le Parisien avait fait parler en octobre\u00a02024. Le <a href=\"https:\/\/www.huffingtonpost.fr\/justice\/article\/slimane-entendu-par-la-police-en-garde-a-vue-apres-deux-plaintes-deposees-contre-le-chanteur_245371.html\" rel=\"nofollow noopener\" target=\"_blank\">chanteur Slimane <\/a>a \u00e9t\u00e9 condamn\u00e9 ce mardi 16\u00a0septembre par le tribunal de Saint-\u00c9tienne \u00e0 payer 10\u00a0000\u00a0euros d\u2019amende pour <a href=\"https:\/\/www.huffingtonpost.fr\/justice\/article\/slimane-vise-par-une-plainte-pour-harcelement-sexuel-deposee-par-technicien-de-sa-tournee-cupidon-tour_241533.html\" rel=\"nofollow noopener\" target=\"_blank\">harc\u00e8lement <\/a>sur un technicien durant un concert fin 2023, a indiqu\u00e9 le parquet.<\/p>\n<p class=\"asset asset-text\">La condamnation sanctionne des faits de harc\u00e8lement commis par le biais d\u2019un support num\u00e9rique ou \u00e9lectronique, le 17\u00a0d\u00e9cembre\u00a02023, au Z\u00e9nith de Saint-\u00c9tienne. Le tribunal judiciaire de Saint-\u00c9tienne l\u2019a condamn\u00e9 \u00e0 une amende de 10\u00a0000\u00a0euros, dont 3\u00a0000 avec sursis.<\/p>\n<p class=\"asset asset-text\">L\u2019enqu\u00eate \u00ab\u00a0n\u2019a pas permis de caract\u00e9riser les autres plaintes d\u00e9pos\u00e9es, lesquelles sont class\u00e9es sans suite\u00a0\u00bb, a ajout\u00e9 la procureure de Saint-Etienne Anne Gache.<\/p>\n<p>    Des plaintes d\u00e9pos\u00e9es pour harc\u00e8lement sexuel et agression sexuelle    <\/p>\n<p class=\"asset asset-text\">Slimane, 35\u00a0ans, faisait l\u2019objet d\u2019une enqu\u00eate pour des faits d\u2019agression et de harc\u00e8lement sexuel sur deux techniciens dans la nuit du 17 au 18\u00a0d\u00e9cembre\u00a02023, au Z\u00e9nith de Saint-Etienne, a pr\u00e9cis\u00e9 la cheffe du parquet st\u00e9phanois.<\/p>\n<p class=\"asset asset-text\">Ce jugement en CRPC intervient apr\u00e8s une seconde convocation, cet \u00e9t\u00e9, du chanteur Slimane Nebchi par la police st\u00e9phanoise, dans le cadre de l\u2019enqu\u00eate pr\u00e9liminaire ouverte en novembre dernier.<\/p>\n<p class=\"asset asset-text\">Une premi\u00e8re plainte pour harc\u00e8lement sexuel avait \u00e9t\u00e9 d\u00e9pos\u00e9e par un technicien fin octobre\u00a02024 pour des faits qui se seraient d\u00e9roul\u00e9s \u00e0 l\u2019issue d\u2019un concert de l\u2019artiste \u00e0 Saint-Etienne, le 17\u00a0d\u00e9cembre\u00a02023.<\/p>\n<p class=\"asset asset-text\">Le 18\u00a0novembre, une deuxi\u00e8me plainte avait \u00e9t\u00e9 d\u00e9pos\u00e9e contre le chanteur fran\u00e7ais par un autre technicien de la tourn\u00e9e \u00ab\u00a0Cupidon tour\u00a0\u00bb, cette fois pour des faits d\u2019agression sexuelle et tentative qui se seraient d\u00e9roul\u00e9s lors de la m\u00eame soir\u00e9e.<\/p>\n<p class=\"asset asset-text\">Dans les deux cas les faits reproch\u00e9s \u00e0 Slimane se seraient produits en pr\u00e9sence de t\u00e9moins, dont certains auraient film\u00e9 la sc\u00e8ne \u00e0 l\u2019aide de leur smartphone, selon Anne-Sophie Charrieras, conseil des plaignants.<\/p>\n","protected":false},"excerpt":{"rendered":"Stephane Cardinale &#8211; Corbis \/ Corbis via Getty Images Le chanteur Slimane, photographi\u00e9 ici le 10\u00a0novembre 2023, lors&hellip;\n","protected":false},"author":2,"featured_media":396211,"comment_status":"","ping_status":"","sticky":false,"template":"","format":"standard","meta":{"footnotes":""},"categories":[2],"tags":[11,1696,1011,27,3668,303,12,25,9055],"class_list":{"0":"post-396210","1":"post","2":"type-post","3":"status-publish","4":"format-standard","5":"has-post-thumbnail","7":"category-actualites","8":"tag-actualites","9":"tag-chanteur","10":"tag-fr","11":"tag-france","12":"tag-harcelement","13":"tag-justice","14":"tag-news","15":"tag-republique-francaise","16":"tag-slimane"},"share_on_mastodon":{"url":"https:\/\/pubeurope.com\/@fr\/115216625426267486","error":""},"_links":{"self":[{"href":"https:\/\/www.europesays.com\/fr\/wp-json\/wp\/v2\/posts\/396210","targetHints":{"allow":["GET"]}}],"collection":[{"href":"https:\/\/www.europesays.com\/fr\/wp-json\/wp\/v2\/posts"}],"about":[{"href":"https:\/\/www.europesays.com\/fr\/wp-json\/wp\/v2\/types\/post"}],"author":[{"embeddable":true,"href":"https:\/\/www.europesays.com\/fr\/wp-json\/wp\/v2\/users\/2"}],"replies":[{"embeddable":true,"href":"https:\/\/www.europesays.com\/fr\/wp-json\/wp\/v2\/comments?post=396210"}],"version-history":[{"count":0,"href":"https:\/\/www.europesays.com\/fr\/wp-json\/wp\/v2\/posts\/396210\/revisions"}],"wp:featuredmedia":[{"embeddable":true,"href":"https:\/\/www.europesays.com\/fr\/wp-json\/wp\/v2\/media\/396211"}],"wp:attachment":[{"href":"https:\/\/www.europesays.com\/fr\/wp-json\/wp\/v2\/media?parent=396210"}],"wp:term":[{"taxonomy":"category","embeddable":true,"href":"https:\/\/www.europesays.com\/fr\/wp-json\/wp\/v2\/categories?post=396210"},{"taxonomy":"post_tag","embeddable":true,"href":"https:\/\/www.europesays.com\/fr\/wp-json\/wp\/v2\/tags?post=396210"}],"curies":[{"name":"wp","href":"https:\/\/api.w.org\/{rel}","templated":true}]}}