{"id":396212,"date":"2025-09-16T23:42:15","date_gmt":"2025-09-16T23:42:15","guid":{"rendered":"https:\/\/www.europesays.com\/fr\/396212\/"},"modified":"2025-09-16T23:42:15","modified_gmt":"2025-09-16T23:42:15","slug":"la-france-denonce-la-campagne-destructrice-menee-par-israel-qui-na-plus-de-logique-militaire","status":"publish","type":"post","link":"https:\/\/www.europesays.com\/fr\/396212\/","title":{"rendered":"la France d\u00e9nonce la \u00ab\u00a0campagne destructrice\u00a0\u00bb men\u00e9e par Isra\u00ebl \u00ab\u00a0qui n&rsquo;a plus de logique militaire\u00a0\u00bb"},"content":{"rendered":"<p>Paris a de nouveau appel\u00e9 Isra\u00ebl \u00e0 \u00ab\u00a0lever imm\u00e9diatement toutes les restrictions impos\u00e9es \u00e0 l&rsquo;entr\u00e9e de l&rsquo;aide humanitaire \u00e0 Gaza\u00a0\u00bb, et \u00e0 \u00ab\u00a0reprendre au plus vite les n\u00e9gociations en vue d&rsquo;un cessez-le-feu\u00a0\u00bb et a appel\u00e9 \u00e0 la lib\u00e9ration des otages.<\/p>\n<p>\u00c0 travers son minist\u00e8re des Affaires \u00e9trang\u00e8res, la France a d\u00e9nonc\u00e9 ce mardi 16 septembre dans un communiqu\u00e9 une \u00ab\u00a0campagne destructrice, qui n&rsquo;a plus de logique militaire\u00a0\u00bb apr\u00e8s <a href=\"https:\/\/www.bfmtv.com\/international\/moyen-orient\/palestine\/l-union-europeenne-denonce-l-offensive-israelienne-a-gaza-qui-provoquera-plus-de-destructions-plus-de-morts_AD-202509160571.html\" title=\"L&#039;Union europ\u00e9enne d\u00e9nonce l&#039;offensive isra\u00e9lienne \u00e0 Gaza qui provoquera &quot;plus de destructions, plus de morts&quot;\" class=\"internal_link\" rel=\"nofollow noopener\" target=\"_blank\">l&rsquo;intensification des attaques de Tsahal sur Gaza-ville<\/a>.<\/p>\n<p>Soulignant le \u00ab\u00a0contexte humanitaire et sanitaire d&rsquo;une gravit\u00e9 extr\u00eame marqu\u00e9 la famine, l&rsquo;absence d&rsquo;acc\u00e8s aux biens de premi\u00e8re n\u00e9cessit\u00e9 et aux soins d&rsquo;urgence\u00a0\u00bb, Paris a de nouveau appel\u00e9 Isra\u00ebl \u00e0 \u00ab\u00a0lever imm\u00e9diatement toutes les restrictions impos\u00e9es \u00e0 l&rsquo;entr\u00e9e de l&rsquo;aide humanitaire \u00e0 Gaza\u00a0\u00bb, et \u00e0 \u00ab\u00a0reprendre au plus vite les n\u00e9gociations en vue d&rsquo;un cessez-le-feu et de la lib\u00e9ration de tous les otages\u00a0\u00bb.<\/p>\n<p>\u00ab\u00a0La France condamne avec fermet\u00e9 l\u2019extension et l\u2019intensification de l\u2019offensive isra\u00e9lienne au centre de la ville de Gaza, o\u00f9 plus de 600.000 civils seraient encore pr\u00e9sents et qui ont induit le d\u00e9placement forc\u00e9 de plus de 300 000 personnes\u00a0\u00bb, ajoute la France.<\/p>\n<p>Contexte humanitaire \u00ab\u00a0d\u2019une gravit\u00e9 extr\u00eame\u00a0\u00bb<\/p>\n<p>Le message pr\u00e9cis\u00e9 que l&rsquo;intensification de cette op\u00e9ration \u00ab\u00a0s\u2019inscrit \u00e9galement dans un contexte humanitaire et sanitaire d\u2019une gravit\u00e9 extr\u00eame, marqu\u00e9 par la famine et l\u2019absence d\u2019acc\u00e8s aux biens de premi\u00e8re n\u00e9cessit\u00e9 et aux soins d\u2019urgence\u00a0\u00bb.<\/p>\n<p>La France r\u00e9it\u00e8re \u00e9galement la lev\u00e9e des restrictions impos\u00e9es \u00e0 l\u2019entr\u00e9e l\u2019aide humanitaire \u00e0 Gaza afin de permettre l&rsquo;entr\u00e9e de l&rsquo;aide humanitaire.<\/p>\n<p>La m\u00eame journ\u00e9e, et pour la premi\u00e8re fois, une commission d&rsquo;enqu\u00eate internationale mandat\u00e9e par l&rsquo;ONU a accus\u00e9 Isra\u00ebl de commettre un \u00ab\u00a0g\u00e9nocide\u00a0\u00bb \u00e0 Gaza depuis octobre 2023 avec l&rsquo;intention de \u00ab\u00a0d\u00e9truire\u00a0\u00bb les Palestiniens, mettant en cause le Premier ministre et d&rsquo;autres responsables isra\u00e9liens.<\/p>\n<p>\u00ab\u00a0Un g\u00e9nocide se produit \u00e0 Gaza\u00a0\u00bb<\/p>\n<p>La commission, qui ne s&rsquo;exprime pas au nom de l&rsquo;ONU, est arriv\u00e9e \u00ab\u00a0\u00e0 la conclusion qu&rsquo;un g\u00e9nocide se produit \u00e0 Gaza et continue de se produire\u00a0\u00bb dans ce territoire palestinien, a d\u00e9clar\u00e9 sa pr\u00e9sidente, Navi Pillay.<\/p>\n<p>C&rsquo;est la premi\u00e8re fois qu&rsquo;une commission d&rsquo;enqu\u00eate mandat\u00e9e par l&rsquo;ONU accuse Isra\u00ebl de \u00ab\u00a0g\u00e9nocide\u00a0\u00bb. Selon Navi Pillay, le rapport devrait \u00ab\u00a0inciter les hauts dirigeants de l&rsquo;ONU\u00a0\u00bb \u00e0 en faire autant.<\/p>\n<p>Apr\u00e8s la publication du rapport, le chef des droits de l&rsquo;homme de l&rsquo;ONU, Volker T\u00fcrk, a indiqu\u00e9 voir des \u00ab\u00a0preuves grandissantes\u00a0\u00bb d&rsquo;un \u00ab\u00a0g\u00e9nocide\u00a0\u00bb \u00e0 Gaza.<\/p>\n<p>De son c\u00f4t\u00e9, Isra\u00ebl a \u00ab\u00a0rejet\u00e9 cat\u00e9goriquement\u00a0\u00bb ce \u00ab\u00a0rapport biais\u00e9 et mensonger\u00a0\u00bb et appelle \u00e0 la \u00ab\u00a0dissolution imm\u00e9diate\u00a0\u00bb de cette commission mandat\u00e9e par le Conseil des droits de l&rsquo;homme de l&rsquo;ONU.<\/p>\n<p>Chris Sidoti, l&rsquo;un des trois commissaires, a balay\u00e9 en conf\u00e9rence de presse les r\u00e9ponses isra\u00e9liennes, affirmant qu&rsquo;elles semblaient sorties de \u00ab\u00a0ChatGPT\u00a0\u00bb : \u00ab\u00a0Ils disent toujours la m\u00eame chose\u00a0\u00bb et n&rsquo;apportent \u00ab\u00a0jamais de preuves\u00a0\u00bb.<\/p>\n<p>Selon la commission, les autorit\u00e9s et forces de s\u00e9curit\u00e9 isra\u00e9liennes ont commis \u00ab\u00a0quatre des cinq actes g\u00e9nocidaires\u00a0\u00bb d\u00e9finis par la Convention de 1948 sur le g\u00e9nocide.<\/p>\n","protected":false},"excerpt":{"rendered":"Paris a de nouveau appel\u00e9 Isra\u00ebl \u00e0 \u00ab\u00a0lever imm\u00e9diatement toutes les restrictions impos\u00e9es \u00e0 l&rsquo;entr\u00e9e de l&rsquo;aide humanitaire&hellip;\n","protected":false},"author":2,"featured_media":288547,"comment_status":"","ping_status":"","sticky":false,"template":"","format":"standard","meta":{"footnotes":""},"categories":[4],"tags":[11,1011,27,12,25],"class_list":{"0":"post-396212","1":"post","2":"type-post","3":"status-publish","4":"format-standard","5":"has-post-thumbnail","7":"category-france","8":"tag-actualites","9":"tag-fr","10":"tag-france","11":"tag-news","12":"tag-republique-francaise"},"share_on_mastodon":{"url":"https:\/\/pubeurope.com\/@fr\/115216629320033024","error":""},"_links":{"self":[{"href":"https:\/\/www.europesays.com\/fr\/wp-json\/wp\/v2\/posts\/396212","targetHints":{"allow":["GET"]}}],"collection":[{"href":"https:\/\/www.europesays.com\/fr\/wp-json\/wp\/v2\/posts"}],"about":[{"href":"https:\/\/www.europesays.com\/fr\/wp-json\/wp\/v2\/types\/post"}],"author":[{"embeddable":true,"href":"https:\/\/www.europesays.com\/fr\/wp-json\/wp\/v2\/users\/2"}],"replies":[{"embeddable":true,"href":"https:\/\/www.europesays.com\/fr\/wp-json\/wp\/v2\/comments?post=396212"}],"version-history":[{"count":0,"href":"https:\/\/www.europesays.com\/fr\/wp-json\/wp\/v2\/posts\/396212\/revisions"}],"wp:featuredmedia":[{"embeddable":true,"href":"https:\/\/www.europesays.com\/fr\/wp-json\/wp\/v2\/media\/288547"}],"wp:attachment":[{"href":"https:\/\/www.europesays.com\/fr\/wp-json\/wp\/v2\/media?parent=396212"}],"wp:term":[{"taxonomy":"category","embeddable":true,"href":"https:\/\/www.europesays.com\/fr\/wp-json\/wp\/v2\/categories?post=396212"},{"taxonomy":"post_tag","embeddable":true,"href":"https:\/\/www.europesays.com\/fr\/wp-json\/wp\/v2\/tags?post=396212"}],"curies":[{"name":"wp","href":"https:\/\/api.w.org\/{rel}","templated":true}]}}