{"id":396225,"date":"2025-09-16T23:52:14","date_gmt":"2025-09-16T23:52:14","guid":{"rendered":"https:\/\/www.europesays.com\/fr\/396225\/"},"modified":"2025-09-16T23:52:14","modified_gmt":"2025-09-16T23:52:14","slug":"genevieve-de-fontenay-sa-petite-fille-adele-attaque-la-mechante-sylvie-tellier","status":"publish","type":"post","link":"https:\/\/www.europesays.com\/fr\/396225\/","title":{"rendered":"Genevi\u00e8ve de Fontenay : sa petite-fille Ad\u00e8le attaque \u00ab\u00a0la m\u00e9chante\u00a0\u00bb Sylvie Tellier"},"content":{"rendered":"<p>L&rsquo;an dernier, des dizaines d&rsquo;anciennes Miss France ont profit\u00e9 de l&rsquo;\u00e9lection d&rsquo;<a href=\"https:\/\/www.public.fr\/miss-france-2026-lealine-patry-elue-miss-martinique-angelique-angarni-filopon-emue-aux-larmes\" target=\"_blank\" rel=\"noopener\">Ang\u00e9lique Angarni-Filopon<\/a> pour rendre un <strong>hommage appuy\u00e9 \u00e0 Genevi\u00e8ve de\u00a0Fontenay<\/strong>. Ainsi, sur sc\u00e8ne, ces reines de beaut\u00e9 ont d\u00e9fil\u00e9 <strong>sur la sc\u00e8ne de l&rsquo;Arena Futuroscope<\/strong> dans la Vienne. Toutefois, il y a <strong>une Miss qui a attir\u00e9 tous les regards<\/strong> ce soir-l\u00e0\u00a0: c&rsquo;est <strong>Sylvie Tellier<\/strong>. En effet, de nombreux internautes ont relev\u00e9 l&rsquo;attitude de <a href=\"https:\/\/www.public.fr\/empoisonnee-et-enterree-sylvie-tellier-a-traumatise-ses-enfants-en-participant-aux-traitres\" target=\"_blank\" rel=\"noopener\">la Nantaise de 47 ans<\/a> \u00e0 priori <strong>peu investie et peu \u00e9mue par la s\u00e9quence<\/strong> organis\u00e9e par la soci\u00e9t\u00e9 Miss France.<\/p>\n<p>Pour rappel, Genevi\u00e8ve de\u00a0Fontenay est <strong>morte le 1er\u00a0ao\u00fbt 2023 \u00e0 l&rsquo;\u00e2ge de 90 ans.<\/strong> <strong>De 1981 \u00e0 2010<\/strong>, celle que l&rsquo;on surnommait <a href=\"https:\/\/www.public.fr\/genevieve-de-fontenay-est-dans-le-coffre-camille-cerf-et-valerie-begue-esquivent-une-question-genante-sur-le-tournage-dintervilles\" target=\"_blank\" rel=\"noopener\">la \u00ab\u00a0dame au chapeau\u00a0\u00bb<\/a> a pr\u00e9sid\u00e9 la soci\u00e9t\u00e9 Miss France avant que Sylvie Tellier ne lui succ\u00e8de. Une passation qui, \u00e0 priori, ne s&rsquo;est pas faite sans heurt alors que les deux femmes ne s&rsquo;appr\u00e9ciaient gu\u00e8re. D&rsquo;ailleurs, ce n&rsquo;est pas l&rsquo;<strong><a href=\"https:\/\/www.public.fr\/diaporamas\/genevieve-de-fontenay-sa-petite-fille-adele-engagee-en-politique-aupres-de-marine-le-pen-la-photo-instagram-qui-surprend\" target=\"_blank\" rel=\"noopener\">une des petites filles<\/a> de Genevi\u00e8ve de\u00a0Fontenay<\/strong> qui dira le contraire. Ce 15\u00a0septembre, Ad\u00e8le a pris la parole dans l&rsquo;\u00e9mission YouTube \u00ab\u00a0En toute intimit\u00e9\u00a0\u00bb de Sam Zirah.<\/p>\n<p>Pour l&rsquo;occasion, la jolie brune a parl\u00e9 sans filtre de sa vie aux c\u00f4t\u00e9s d&rsquo;<a href=\"https:\/\/www.public.fr\/genevieve-de-fontenay-volee-par-sa-petite-fille-elle-l-affiche-sur-les-reseaux\" target=\"_blank\" rel=\"noopener\">une ic\u00f4ne<\/a>. Puis, <strong>Ad\u00e8le s&rsquo;en est prise \u00e0 <a href=\"https:\/\/www.public.fr\/scandale-des-miss-sylvie-tellier-affirme-a-son-tour-navoir-jamais-ete-interviewee-par-hubert-guerin-et-en-appelle-a-la-justice\" target=\"_blank\" rel=\"noopener\">Miss France 2002<\/a><\/strong> n&rsquo;h\u00e9sitant pas \u00e0 la qualifier ouvertement de <strong>\u00ab\u00a0m\u00e9chante\u00a0\u00bb<\/strong>. Mais alors que s&rsquo;est-il pass\u00e9 entre les deux femmes\u00a0? <a href=\"https:\/\/www.public.fr\/exclu-public-genevieve-de-fontenay-son-fils-xavier-tres-violent-avec-elle-la-grosse-mise-au-point-dadele-sa-petite-fille\" target=\"_blank\" rel=\"noopener\">L&rsquo;invit\u00e9e de Sam Zirah<\/a> est revenue sur<strong> leur brouille <\/strong>qui n&rsquo;a pas affect\u00e9 uniquement <a href=\"https:\/\/www.public.fr\/exclu-public-genevieve-de-fontenay-son-fils-xavier-tres-violent-avec-elle-la-grosse-mise-au-point-dadele-sa-petite-fille\" target=\"_blank\" rel=\"noopener\">sa c\u00e9l\u00e8bre grand-m\u00e8re<\/a>.<\/p>\n<p><img loading=\"lazy\" decoding=\"async\" width=\"1024\" height=\"675\" src=\"https:\/\/www.europesays.com\/fr\/wp-content\/uploads\/2025\/09\/BESTIMAGE_00086170_000016-1024x675.jpg\" alt=\"Genevi\u00e8ve de Fontenay : sa petite-fille Ad\u00e8le  attaque &quot;la m\u00e9chante&quot; Sylvie Tellier\"  \/><\/p>\n<p>Cr\u00e9dit : Bestimage<\/p>\n<p>Genevi\u00e8ve de Fontenay : avec Sylvie Tellier, l&rsquo;ambiance \u00e9tait visiblement \u00e9lectrique<\/p>\n<p>Lors de cet entretien fleuve, Ad\u00e8le de Fontenay n&rsquo;y est pas all\u00e9e de main morte. Autant dire que les oreilles de <a href=\"https:\/\/www.google.com\/url?sa=t&amp;source=web&amp;rct=j&amp;opi=89978449&amp;url=https:\/\/vsd.fr\/61679-jai-fait-nimporte-quoi-sylvie-tellier-blessee-elle-a-du-mal-a-remonter-la-pente\/&amp;ved=2ahUKEwiH_5Lt8N2PAxWhVaQEHeSvNpAQFnoECBsQAQ&amp;usg=AOvVaw26RT1nLC5ofIFvXlEFJIBP\" target=\"_blank\" rel=\"noopener\">l&rsquo;actuelle candidate des \u00ab\u00a0Tra\u00eetres\u00a0\u00bb<\/a> sur M6 ont d\u00fb siffler ce 15 septembre. Tout d&rsquo;abord, la petite-fille de Genevi\u00e8ve a <strong>d\u00e9menti les propos prononc\u00e9s par Sylvie au d\u00e9c\u00e8s <\/strong>de <a href=\"https:\/\/www.google.com\/url?sa=t&amp;source=web&amp;rct=j&amp;opi=89978449&amp;url=https:\/\/vsd.fr\/39612-genevieve-de-fontenay-la-dame-au-chapeau-tire-sa-reverence-a-90-ans\/&amp;ved=2ahUKEwi_jOHS8N2PAxXvVKQEHaPaFegQFnoECBoQAQ&amp;usg=AOvVaw1Hns76cbE1ljpK0Sbfl0pO\" target=\"_blank\" rel=\"noopener\">sa grand-m\u00e8re<\/a> assurant qu&rsquo;elle se sentait <strong>particuli\u00e8rement \u00ab\u00a0seule\u00a0\u00bb<\/strong>. \u00ab\u00a0\u00c7a, c\u2019est le dernier petit coup de couteau pour bien remuer dans la plaie\u2026 Franchement, \u00e7a la caract\u00e9rise, <strong>c\u2019est ce qu\u2019elle est : m\u00e9chante<\/strong>. Je pense que, pour le coup, dire \u00e7a, c\u2019est juste de la m\u00e9chancet\u00e9, <strong>c\u2019est \u00e9videmment faux\u2026<\/strong>\u00ab\u00a0, a-t-elle tenu \u00e0 rectifier. <\/p>\n<p>Mais alors <strong>pourquoi sortir cette fausse information ?<\/strong> Pour la consultante en communication politique, cela ne fait aucun doute. \u00ab\u00a0<strong>Elle d\u00e9teste mon p\u00e8re, mon p\u00e8re la d\u00e9teste. <a href=\"https:\/\/vsd.fr\/63989-un-moment-absolument-fou-sylvie-tellier-revele-les-dessous-du-depart-fracassant-de-genevieve-de-fontenay-du-comite-miss-france\/\" target=\"_blank\" rel=\"noopener\">Elle d\u00e9testait ma grand-m\u00e8re<\/a>, ma grand-m\u00e8re la d\u00e9testait.<\/strong> Elle a beau dire ce qu\u2019elle veut, les gens savent. \u00c0 chaque fois qu\u2019on me parle d\u2019elle, c\u2019est pour me dire \u00e7a, qu\u2019<strong><a href=\"https:\/\/vsd.fr\/63887-tout-cela-est-dune-tristesse-infinie-sylvie-tellier-revele-les-conditions-particulieres-de-genevieve-de-fontenay-pour-son-enterrement\/\" target=\"_blank\" rel=\"noopener\">elle a trahi ma grand-m\u00e8re<\/a><\/strong>\u00ab\u00a0, a ajout\u00e9 Ad\u00e8le sans langue de bois.<\/p>\n<p>      Mentionn\u00e9s dans cet article<\/p>\n<p>      Sur le m\u00eame sujet<\/p>\n","protected":false},"excerpt":{"rendered":"L&rsquo;an dernier, des dizaines d&rsquo;anciennes Miss France ont profit\u00e9 de l&rsquo;\u00e9lection d&rsquo;Ang\u00e9lique Angarni-Filopon pour rendre un hommage appuy\u00e9&hellip;\n","protected":false},"author":2,"featured_media":396226,"comment_status":"","ping_status":"","sticky":false,"template":"","format":"standard","meta":{"footnotes":""},"categories":[1359],"tags":[12232,903,50769,58,59,1011,27,35788,3034,973,35787],"class_list":{"0":"post-396225","1":"post","2":"type-post","3":"status-publish","4":"format-standard","5":"has-post-thumbnail","7":"category-people","8":"tag-clash","9":"tag-concours","10":"tag-concours-de-beaute","11":"tag-divertissement","12":"tag-entertainment","13":"tag-fr","14":"tag-france","15":"tag-genevieve-de-fontenay","16":"tag-miss-france","17":"tag-people","18":"tag-sylvie-tellier"},"share_on_mastodon":{"url":"https:\/\/pubeurope.com\/@fr\/115216668675667531","error":""},"_links":{"self":[{"href":"https:\/\/www.europesays.com\/fr\/wp-json\/wp\/v2\/posts\/396225","targetHints":{"allow":["GET"]}}],"collection":[{"href":"https:\/\/www.europesays.com\/fr\/wp-json\/wp\/v2\/posts"}],"about":[{"href":"https:\/\/www.europesays.com\/fr\/wp-json\/wp\/v2\/types\/post"}],"author":[{"embeddable":true,"href":"https:\/\/www.europesays.com\/fr\/wp-json\/wp\/v2\/users\/2"}],"replies":[{"embeddable":true,"href":"https:\/\/www.europesays.com\/fr\/wp-json\/wp\/v2\/comments?post=396225"}],"version-history":[{"count":0,"href":"https:\/\/www.europesays.com\/fr\/wp-json\/wp\/v2\/posts\/396225\/revisions"}],"wp:featuredmedia":[{"embeddable":true,"href":"https:\/\/www.europesays.com\/fr\/wp-json\/wp\/v2\/media\/396226"}],"wp:attachment":[{"href":"https:\/\/www.europesays.com\/fr\/wp-json\/wp\/v2\/media?parent=396225"}],"wp:term":[{"taxonomy":"category","embeddable":true,"href":"https:\/\/www.europesays.com\/fr\/wp-json\/wp\/v2\/categories?post=396225"},{"taxonomy":"post_tag","embeddable":true,"href":"https:\/\/www.europesays.com\/fr\/wp-json\/wp\/v2\/tags?post=396225"}],"curies":[{"name":"wp","href":"https:\/\/api.w.org\/{rel}","templated":true}]}}