{"id":396227,"date":"2025-09-16T23:54:42","date_gmt":"2025-09-16T23:54:42","guid":{"rendered":"https:\/\/www.europesays.com\/fr\/396227\/"},"modified":"2025-09-16T23:54:42","modified_gmt":"2025-09-16T23:54:42","slug":"isabella-hammad-le-genocide-en-cours-change-la-perception-de-mon-livre","status":"publish","type":"post","link":"https:\/\/www.europesays.com\/fr\/396227\/","title":{"rendered":"Isabella Hammad: \u00abLe g\u00e9nocide en cours change la perception de mon livre\u00bb"},"content":{"rendered":"<p>    R\u00e9sum\u00e9 en 20 secondes<\/p>\n<p>        En savoir plus sur ce type de contenu<\/p>\n<p>Ce r\u00e9sum\u00e9 peut avoir \u00e9t\u00e9 \u00e9crit avec l&rsquo;assistance d\u2019une IA g\u00e9n\u00e9rative. <a href=\"https:\/\/www.letemps.ch\/cyber\/l-usage-de-l-ia-generative-par-les-journalistes-du-temps\" target=\"_blank\" rel=\"noopener\">En savoir plus<\/a><\/p>\n<p class=\"article__abstract-call-to-action\" data-ariato=\"TrackableElement\" data-trackable-element-type=\"article_abstract_cta\" data-trackable-element-location=\"article_header\" data-trackable-element-id=\"506154\">\n        <a data-event=\"click-&gt;clicked\" href=\"https:\/\/www.letemps.ch\/abonnements\" target=\"_blank\" rel=\"noopener\">Abonnez-vous<\/a> pour acc\u00e9der au r\u00e9sum\u00e9 en 20 secondes.\n      <\/p>\n<p>Depuis son premier roman, The Parisian, (que l\u2019on attend en traduction fran\u00e7aise), Isabella Hammad compte parmi les plumes britanniques les plus en vue. Paru en 2019, plac\u00e9 sur les listes des meilleurs romans de l\u2019ann\u00e9e par tous les grands m\u00e9dias anglais et am\u00e9ricains, le livre s\u2019inspire de la vie de l\u2019arri\u00e8re-grand-p\u00e8re de l\u2019autrice. \u00abJe suis devenue \u00e9crivaine pour raconter son histoire. Je portais ce livre en moi depuis l\u2019adolescence\u00bb, nous explique Isabella Hammad \u00e0 Morges, o\u00f9 elle \u00e9tait invit\u00e9e au Livre sur les quais pour son deuxi\u00e8me roman, Hamlet le long du mur. Nous y reviendrons.<\/p>\n<p>N\u00e9 \u00e0 Naplouse dans la Palestine ottomane, l\u2019arri\u00e8re-grand-p\u00e8re \u00e9tait un jeune homme \u00e9l\u00e9gant et r\u00eaveur parti \u00e9tudier la m\u00e9decine en France. A son retour, au d\u00e9but des ann\u00e9es 1920, il retrouve la Palestine sous mandat britannique, bruissante des d\u00e9buts de son combat pour l\u2019ind\u00e9pendance.<\/p>\n","protected":false},"excerpt":{"rendered":"R\u00e9sum\u00e9 en 20 secondes En savoir plus sur ce type de contenu Ce r\u00e9sum\u00e9 peut avoir \u00e9t\u00e9 \u00e9crit&hellip;\n","protected":false},"author":2,"featured_media":396228,"comment_status":"","ping_status":"","sticky":false,"template":"","format":"standard","meta":{"footnotes":""},"categories":[1357],"tags":[1379,58,59,3297,1011,27,1380,301],"class_list":{"0":"post-396227","1":"post","2":"type-post","3":"status-publish","4":"format-standard","5":"has-post-thumbnail","7":"category-livres","8":"tag-books","9":"tag-divertissement","10":"tag-entertainment","11":"tag-entre-temps","12":"tag-fr","13":"tag-france","14":"tag-livres","15":"tag-premium"},"share_on_mastodon":{"url":"https:\/\/pubeurope.com\/@fr\/115216676614053199","error":""},"_links":{"self":[{"href":"https:\/\/www.europesays.com\/fr\/wp-json\/wp\/v2\/posts\/396227","targetHints":{"allow":["GET"]}}],"collection":[{"href":"https:\/\/www.europesays.com\/fr\/wp-json\/wp\/v2\/posts"}],"about":[{"href":"https:\/\/www.europesays.com\/fr\/wp-json\/wp\/v2\/types\/post"}],"author":[{"embeddable":true,"href":"https:\/\/www.europesays.com\/fr\/wp-json\/wp\/v2\/users\/2"}],"replies":[{"embeddable":true,"href":"https:\/\/www.europesays.com\/fr\/wp-json\/wp\/v2\/comments?post=396227"}],"version-history":[{"count":0,"href":"https:\/\/www.europesays.com\/fr\/wp-json\/wp\/v2\/posts\/396227\/revisions"}],"wp:featuredmedia":[{"embeddable":true,"href":"https:\/\/www.europesays.com\/fr\/wp-json\/wp\/v2\/media\/396228"}],"wp:attachment":[{"href":"https:\/\/www.europesays.com\/fr\/wp-json\/wp\/v2\/media?parent=396227"}],"wp:term":[{"taxonomy":"category","embeddable":true,"href":"https:\/\/www.europesays.com\/fr\/wp-json\/wp\/v2\/categories?post=396227"},{"taxonomy":"post_tag","embeddable":true,"href":"https:\/\/www.europesays.com\/fr\/wp-json\/wp\/v2\/tags?post=396227"}],"curies":[{"name":"wp","href":"https:\/\/api.w.org\/{rel}","templated":true}]}}