{"id":396251,"date":"2025-09-17T00:07:36","date_gmt":"2025-09-17T00:07:36","guid":{"rendered":"https:\/\/www.europesays.com\/fr\/396251\/"},"modified":"2025-09-17T00:07:36","modified_gmt":"2025-09-17T00:07:36","slug":"journees-europeennes-du-patrimoine-2025-que-faire-dans-la-loire-2","status":"publish","type":"post","link":"https:\/\/www.europesays.com\/fr\/396251\/","title":{"rendered":"Journ\u00e9es europ\u00e9ennes du patrimoine 2025 : que faire dans la Loire ?"},"content":{"rendered":"<p>Les Journ\u00e9es europ\u00e9ennes du patrimoine reviennent les 20 et 21 septembre 2025. Comme partout en France, la Loire met son patrimoine \u00e0 l\u2019honneur avec de nombreuses visites, animations et ouvertures exceptionnelles. <\/p>\n<p>Cette <strong>42\u1d49 \u00e9dition<\/strong> a pour th\u00e8me : \u00ab Patrimoine architectural \u00bb.<\/p>\n<p><strong> Saint-\u00c9tienne, c\u0153ur battant du patrimoine lig\u00e9rien<\/strong><br \/>Dans la capitale lig\u00e9rienne, les habitants pourront d\u00e9couvrir des lieux rarement accessibles : la <strong>Pr\u00e9fecture<\/strong>, la <strong>Banque de France<\/strong> ou encore la <strong>Cit\u00e9 du Design<\/strong>. Des visites guid\u00e9es, expositions et animations rythmeront tout le week-end dans l\u2019hyper-centre.<\/p>\n<p>Nos coups de coeur:<\/p>\n<p>&#8211;\u00a0 <strong>Mus\u00e9e de la Mine<\/strong> (Couriot).\u00a0 Animations familiales : siestes cont\u00e9es, visites flash, circuits de d\u00e9couverte, jeux pour les enfants, etc.\u00a0 <strong>Samedi &amp; dimanche de 10h \u00e0 18h<\/strong><br \/>&#8211; <strong>L&rsquo;immeuble Loubet<\/strong>. Plusieurs temps forts sont propos\u00e9s dans le futur p\u00f4le patrimonial qui abritera les Archives municipales et m\u00e9tropolitaine, la Cin\u00e9math\u00e8que et le M\u00e9morial de la R\u00e9sistance et de la D\u00e9portation. <strong>Samedi 20 et dimanche 21<\/strong>.<\/p>\n<p><strong>Le Forez en lumi\u00e8re<\/strong><\/p>\n<p> Des parcours ludiques et ateliers permettront aux familles de mieux comprendre le patrimoine for\u00e9zien. Les mus\u00e9es ouvrent leurs portes gratuitement et des d\u00e9monstrations autour des m\u00e9tiers d\u2019autrefois viendront compl\u00e9ter les visites.<\/p>\n<p>Nos coups de coeur:<\/p>\n<p>&#8211;\u00a0 <strong>Coll\u00e9giale Notre-Dame-d\u2019Esp\u00e9rance<\/strong>.\u00a0 \u00c9difice religieux vieux de plus de 800 ans. Visite comment\u00e9e avec d\u00e9monstration d\u2019orgue Callinet, animations de p\u00e8lerins de Saint-Jacques-de-Compostelle.\u00a0 <strong>Samedi 20 septembre de 14h \u00e0 17h<\/strong><br \/>&#8211;\u00a0 Visites comment\u00e9es du <strong>quartier historique de Saint-Rambert &amp; parcours des mariniers<\/strong>.\u00a0 <strong>Samedi &amp; dimanche de 14h \u00e0 18h<\/strong><\/p>\n<p><strong><br \/>Des d\u00e9couvertes dans tout le d\u00e9partement<br \/><\/strong><\/p>\n<p>&#8211;\u00a0 <strong>Randonn\u00e9e Patrimoine \u00e0 Saint-Chamond<\/strong>.\u00a0 Balade dans la ville pour d\u00e9couvrir des \u00e9l\u00e9ments historiques : ancienne demeure des Palermes, puits vieux de 400 ans.\u00a0 <strong>Dimanche 21 septembre \u00e0 14h.<\/strong><\/p>\n<p><strong>&#8211;\u00a0 Ch\u00e2teau de la B\u00e2tie d\u2019Urf\u00e9 \u00e0 Saint-\u00c9tienne-le-Molard.\u00a0<\/strong>Appartements du ch\u00e2teau, grotte, chapelle. Visites libres ou flash. Le ch\u00e2teau Renaissance vous ouvre ses portes pour explorer son architecture et ses espaces int\u00e9rieurs.\u00a0 <strong>Samedi &amp; dimanche de 10h \u00e0 18h.<\/strong><br \/>&#8211;\u00a0 <strong>Mus\u00e9e d\u2019Art Moderne et Contemporain de Saint-Priest-en-Jarez<\/strong>.\u00a0 Histoire du b\u00e2timent, expositions. Visites gratuites, coulisses, d\u00e9couverte des \u0153uvres architecturales.\u00a0<strong>Samedi &amp; dimanche 10h-18h30<\/strong>.<\/p>\n<p>&#8211;\u00a0 <strong>\u201cSi les pierres pouvaient parler\u201d \u00e0 Montrond-les-Bains<\/strong>.\u00a0Une visite patrimoine cont\u00e9e de 45 min pour d\u00e9couvrir l\u2019histoire de la station thermale.\u00a0 <strong>Samedi 20 septembre, \u00e0 9h30 et 11h.<\/strong><\/p>\n<p> Les entr\u00e9es sont <strong>gratuites<\/strong>, mais certaines visites n\u00e9cessitent une <strong>r\u00e9servation pr\u00e9alable<\/strong> en raison du nombre de places limit\u00e9.<\/p>\n<p>C. Ercilla<\/p>\n","protected":false},"excerpt":{"rendered":"Les Journ\u00e9es europ\u00e9ennes du patrimoine reviennent les 20 et 21 septembre 2025. Comme partout en France, la Loire&hellip;\n","protected":false},"author":2,"featured_media":396252,"comment_status":"","ping_status":"","sticky":false,"template":"","format":"standard","meta":{"footnotes":""},"categories":[9653],"tags":[1111,11,2430,1777,674,1011,27,12,25,4001],"class_list":{"0":"post-396251","1":"post","2":"type-post","3":"status-publish","4":"format-standard","5":"has-post-thumbnail","7":"category-saint-etienne","8":"tag-actu","9":"tag-actualites","10":"tag-auvergne-rhone-alpes","11":"tag-eu","12":"tag-europe","13":"tag-fr","14":"tag-france","15":"tag-news","16":"tag-republique-francaise","17":"tag-saint-etienne"},"share_on_mastodon":{"url":"https:\/\/pubeurope.com\/@fr\/115216727638527662","error":""},"_links":{"self":[{"href":"https:\/\/www.europesays.com\/fr\/wp-json\/wp\/v2\/posts\/396251","targetHints":{"allow":["GET"]}}],"collection":[{"href":"https:\/\/www.europesays.com\/fr\/wp-json\/wp\/v2\/posts"}],"about":[{"href":"https:\/\/www.europesays.com\/fr\/wp-json\/wp\/v2\/types\/post"}],"author":[{"embeddable":true,"href":"https:\/\/www.europesays.com\/fr\/wp-json\/wp\/v2\/users\/2"}],"replies":[{"embeddable":true,"href":"https:\/\/www.europesays.com\/fr\/wp-json\/wp\/v2\/comments?post=396251"}],"version-history":[{"count":0,"href":"https:\/\/www.europesays.com\/fr\/wp-json\/wp\/v2\/posts\/396251\/revisions"}],"wp:featuredmedia":[{"embeddable":true,"href":"https:\/\/www.europesays.com\/fr\/wp-json\/wp\/v2\/media\/396252"}],"wp:attachment":[{"href":"https:\/\/www.europesays.com\/fr\/wp-json\/wp\/v2\/media?parent=396251"}],"wp:term":[{"taxonomy":"category","embeddable":true,"href":"https:\/\/www.europesays.com\/fr\/wp-json\/wp\/v2\/categories?post=396251"},{"taxonomy":"post_tag","embeddable":true,"href":"https:\/\/www.europesays.com\/fr\/wp-json\/wp\/v2\/tags?post=396251"}],"curies":[{"name":"wp","href":"https:\/\/api.w.org\/{rel}","templated":true}]}}