{"id":396275,"date":"2025-09-17T00:30:15","date_gmt":"2025-09-17T00:30:15","guid":{"rendered":"https:\/\/www.europesays.com\/fr\/396275\/"},"modified":"2025-09-17T00:30:15","modified_gmt":"2025-09-17T00:30:15","slug":"proche-orient-israel-lance-une-offensive-terrestre-a-gaza-ville-la-france-condamne-lessentiel-de-la-journee-mardi","status":"publish","type":"post","link":"https:\/\/www.europesays.com\/fr\/396275\/","title":{"rendered":"Proche-Orient. Isra\u00ebl lance une offensive terrestre \u00e0 Gaza-ville, la France condamne&#8230; L&rsquo;essentiel de la journ\u00e9e mardi"},"content":{"rendered":"<p><strong>La ville de Gaza a \u00e9t\u00e9 la cible de violents bombardements isra\u00e9liens.<\/strong> Quelques heures plus tard, un responsable militaire isra\u00e9lien a confirm\u00e9 le d\u00e9but de l&rsquo;offensive \u00ab principale \u00bb sur la cit\u00e9 avec 130 000 soldats, estimant \u00e0 \u00ab 2 000 \u00e0 3 000 \u00bb le nombre de combattants du Hamas. L&rsquo;op\u00e9ration a \u00e9t\u00e9 appel\u00e9e \u00ab\u00a0Chars de G\u00e9d\u00e9on II\u00a0\u00bb par Tsahal.<\/p>\n<p><strong>Une commission mandat\u00e9e par l&rsquo;ONU accuse Isra\u00ebl de \u00ab g\u00e9nocide \u00bb.<\/strong> Pour la premi\u00e8re fois, une commission d&rsquo;enqu\u00eate internationale ind\u00e9pendante, mandat\u00e9e par l&rsquo;ONU, accuse Isra\u00ebl de commettre un \u00ab g\u00e9nocide \u00bb \u00e0 Gaza depuis octobre 2023, avec l&rsquo;intention de \u00ab d\u00e9truire \u00bb les Palestiniens. Son rapport met en cause le Premier ministre Benjamin Netanyahou et d&rsquo;autres responsables isra\u00e9liens.<\/p>\n<p><strong>L&rsquo;op\u00e9ration isra\u00e9lienne va aggraver \u00ab la situation humanitaire d\u00e9j\u00e0 catastrophique \u00bb, selon l&rsquo;UE.<\/strong> L&rsquo;offensive isra\u00e9lienne de mardi sur la ville de Gaza provoquera \u00ab plus de destruction, plus de morts et de d\u00e9placements \u00bb de la population, a d\u00e9plor\u00e9 un porte-parole de l&rsquo;Union europ\u00e9enne \u00e0 Bruxelles.<\/p>\n<p><strong>La France d\u00e9nonce une \u00ab campagne destructrice, qui n&rsquo;a plus de logique militaire \u00bb. <\/strong>La France a condamn\u00e9 l&rsquo;offensive terrestre, appelant le gouvernement \u00e0 \u00ab mettre fin \u00e0 cette campagne destructrice, qui n\u2019a plus de logique militaire \u00bb, dans un communiqu\u00e9 du minist\u00e8re des Affaires \u00e9trang\u00e8res. Soulignant le \u00ab contexte humanitaire et sanitaire d&rsquo;une gravit\u00e9 extr\u00eame marqu\u00e9 la famine, l&rsquo;absence d\u2019acc\u00e8s aux biens de premi\u00e8re n\u00e9cessit\u00e9 et aux soins d\u2019urgence \u00bb, Paris a de nouveau appel\u00e9 Isra\u00ebl \u00e0 \u00ab lever imm\u00e9diatement toutes les restrictions impos\u00e9es \u00e0 l&rsquo;entr\u00e9e de l&rsquo;aide humanitaire \u00e0 Gaza \u00bb, et \u00e0 \u00ab reprendre au plus vite les n\u00e9gociations en vue d\u2019un cessez-le-feu et de la lib\u00e9ration de tous les otages \u00bb.<\/p>\n<p><strong>La Commission europ\u00e9enne va prendre des sanctions commerciales contre Isra\u00ebl.<\/strong> La Commission europ\u00e9enne va approuver demain un train de sanctions contre Isra\u00ebl, selon Paula Pinho, porte-parole de l&rsquo;institution. \u00ab Les commissaires adopteront un paquet de mesures concernant Isra\u00ebl \u00bb, a-t-elle d\u00e9clar\u00e9. Ces sanctions inclueront \u00ab une proposition visant \u00e0 suspendre certaines dispositions commerciales dans les accords entre l&rsquo;Union europ\u00e9enne et Isra\u00ebl \u00bb.<\/p>\n<p><strong>Isra\u00ebl semble \u00ab d\u00e9termin\u00e9 \u00e0 aller jusqu&rsquo;au bout \u00bb, d\u00e9plore le chef de l&rsquo;ONU.<\/strong> Isra\u00ebl semble \u00ab d\u00e9termin\u00e9 \u00e0 aller jusqu&rsquo;au bout \u00bb dans sa guerre \u00e0 Gaza, a estim\u00e9 mardi le secr\u00e9taire g\u00e9n\u00e9ral de l&rsquo;ONU Antonio Guterres, d\u00e9plorant l&rsquo;absence de volont\u00e9 de \u00ab n\u00e9gociations s\u00e9rieuses \u00bb vers un cessez-le-feu. Face \u00e0 la presse, il a d\u00e9nonc\u00e9 une situation \u00ab moralement, politiquement et l\u00e9galement intol\u00e9rable \u00bb \u00e0 Gaza.<\/p>\n","protected":false},"excerpt":{"rendered":"La ville de Gaza a \u00e9t\u00e9 la cible de violents bombardements isra\u00e9liens. Quelques heures plus tard, un responsable&hellip;\n","protected":false},"author":2,"featured_media":396276,"comment_status":"","ping_status":"","sticky":false,"template":"","format":"standard","meta":{"footnotes":""},"categories":[2820],"tags":[1111,11,3206,1777,674,107,1011,27,329,775,664,12,3518,25,640],"class_list":{"0":"post-396275","1":"post","2":"type-post","3":"status-publish","4":"format-standard","5":"has-post-thumbnail","7":"category-strasbourg","8":"tag-actu","9":"tag-actualites","10":"tag-defense-guerre-conflit","11":"tag-eu","12":"tag-europe","13":"tag-fil-info","14":"tag-fr","15":"tag-france","16":"tag-france-monde","17":"tag-grand-est","18":"tag-israel","19":"tag-news","20":"tag-palestine","21":"tag-republique-francaise","22":"tag-strasbourg"},"share_on_mastodon":{"url":"https:\/\/pubeurope.com\/@fr\/115216818054528998","error":""},"_links":{"self":[{"href":"https:\/\/www.europesays.com\/fr\/wp-json\/wp\/v2\/posts\/396275","targetHints":{"allow":["GET"]}}],"collection":[{"href":"https:\/\/www.europesays.com\/fr\/wp-json\/wp\/v2\/posts"}],"about":[{"href":"https:\/\/www.europesays.com\/fr\/wp-json\/wp\/v2\/types\/post"}],"author":[{"embeddable":true,"href":"https:\/\/www.europesays.com\/fr\/wp-json\/wp\/v2\/users\/2"}],"replies":[{"embeddable":true,"href":"https:\/\/www.europesays.com\/fr\/wp-json\/wp\/v2\/comments?post=396275"}],"version-history":[{"count":0,"href":"https:\/\/www.europesays.com\/fr\/wp-json\/wp\/v2\/posts\/396275\/revisions"}],"wp:featuredmedia":[{"embeddable":true,"href":"https:\/\/www.europesays.com\/fr\/wp-json\/wp\/v2\/media\/396276"}],"wp:attachment":[{"href":"https:\/\/www.europesays.com\/fr\/wp-json\/wp\/v2\/media?parent=396275"}],"wp:term":[{"taxonomy":"category","embeddable":true,"href":"https:\/\/www.europesays.com\/fr\/wp-json\/wp\/v2\/categories?post=396275"},{"taxonomy":"post_tag","embeddable":true,"href":"https:\/\/www.europesays.com\/fr\/wp-json\/wp\/v2\/tags?post=396275"}],"curies":[{"name":"wp","href":"https:\/\/api.w.org\/{rel}","templated":true}]}}