{"id":39630,"date":"2025-04-20T19:25:10","date_gmt":"2025-04-20T19:25:10","guid":{"rendered":"https:\/\/www.europesays.com\/fr\/39630\/"},"modified":"2025-04-20T19:25:10","modified_gmt":"2025-04-20T19:25:10","slug":"celebration-2027-los-angeles-du-1-au-4-avril-2027-actualites-communaute-star-wars-universe","status":"publish","type":"post","link":"https:\/\/www.europesays.com\/fr\/39630\/","title":{"rendered":"[Celebration 2027] Los Angeles &#8211; du 1 au 4 avril 2027 \u2022 Actualit\u00e9s Communaut\u00e9 \u2022 Star Wars Universe"},"content":{"rendered":"<p><a href=\"https:\/\/www.europesays.com\/fr\/wp-content\/uploads\/2025\/04\/SWC27-Logo.png\" class=\"fancybox\"><img decoding=\"async\" style=\"display: block; margin-left: auto; margin-right: auto;\" src=\"https:\/\/www.europesays.com\/fr\/wp-content\/uploads\/2025\/04\/SWC27-Logo.png\" alt=\"logo 2027\" width=\"400\" height=\"\"\/><\/a><\/p>\n<p>\u00a0<\/p>\n<p><b>C\u2019est d\u00e9sormais officiel : la prochaine Hayden Star Wars Celebration aura lieu \u00e0 Los Angeles en 2027 !<\/b><\/p>\n<p>Comme le veut la tradition, la c\u00e9r\u00e9monie de cl\u00f4ture de Celebration Japon 2025 a \u00e9t\u00e9 l&rsquo;occasion d&rsquo;annoncer les dates et le lieu de la prochaine \u00e9dition !<\/p>\n<p>Sans grande surprise, apr\u00e8s deux ans organis\u00e9es hors des Etats-Unis, la Hayden Star Wars Celebration fait son grand retour en Californie. Rendez-vous donc en 2027 au\u00a0<b>Los Angeles Convention Center !<\/b><\/p>\n<p>A noter, trois points \ud83d\ude42<\/p>\n<ul>\n<li>Il s&rsquo;agira bien \u00e9videmment de f\u00eater les 50 ans d&rsquo;Un Nouvel Espoir,<\/li>\n<li>La derni\u00e8re \u00e9dition \u00e0 Los Angeles remonte \u00e0 2007 pour les 30 ans du film,<\/li>\n<li>Et non, cela ne devrait pas \u00eatre un poisson d&rsquo;avril.<\/li>\n<\/ul>\n<p>Reste plus que la confirmation de la venue d&rsquo;Hayden Christensen et on pourra alors vraiment parler d&rsquo;une convention digne de ce nom \ud83d\ude42<\/p>\n<p>Anakinement v\u00f4tre.\u00a0<\/p>\n","protected":false},"excerpt":{"rendered":"\u00a0 C\u2019est d\u00e9sormais officiel : la prochaine Hayden Star Wars Celebration aura lieu \u00e0 Los Angeles en 2027&hellip;\n","protected":false},"author":2,"featured_media":2002,"comment_status":"","ping_status":"","sticky":false,"template":"","format":"standard","meta":{"footnotes":""},"categories":[1354],"tags":[12319,1573,1519,1548,11,1557,1505,1501,1571,1545,1525,1497,1488,4371,1523,1543,1524,1510,1511,58,1555,1574,1495,1496,1494,59,1564,1565,1566,1567,1568,1569,1558,1559,1560,1561,1562,1563,1500,1346,1547,1011,27,1538,1492,1487,1549,1544,1526,1532,1553,1520,1552,1508,1577,1576,1499,1503,1529,1493,1537,1531,1535,1533,1530,1541,1540,1534,1502,1517,1551,1512,1360,1522,1550,1507,1504,1515,1518,1509,1556,1575,1572,1539,1528,1004,521,1554,1506,1536,974,1480,1542,1481,1484,1486,1485,1521,1489,1490,1498,1570,1491,1483,1514,1513,1482,1546,1527,1516],"class_list":{"0":"post-39630","1":"post","2":"type-post","3":"status-publish","4":"format-standard","5":"has-post-thumbnail","7":"category-films","8":"tag-celebration-2027-los-angeles-du-1-au-4-avril-2027","9":"tag-a-new-hope","10":"tag-ackbar","11":"tag-activision","12":"tag-actualites","13":"tag-alliance","14":"tag-amidala","15":"tag-anakin","16":"tag-attack-of-the-clones","17":"tag-attakus","18":"tag-bespin","19":"tag-chronologie","20":"tag-clone-wars","21":"tag-communaute","22":"tag-coruscant","23":"tag-courleciel","24":"tag-dagobah","25":"tag-dark","26":"tag-darth","27":"tag-divertissement","28":"tag-empire","29":"tag-empire-strikes-back","30":"tag-encyclopaedia","31":"tag-encyclopedia","32":"tag-encyclopedie","33":"tag-entertainment","34":"tag-episode-1","35":"tag-episode-2","36":"tag-episode-3","37":"tag-episode-4","38":"tag-episode-5","39":"tag-episode-6","40":"tag-episode-i","41":"tag-episode-ii","42":"tag-episode-iii","43":"tag-episode-iv","44":"tag-episode-v","45":"tag-episode-vi","46":"tag-fate-of-the-jedi","47":"tag-films","48":"tag-fleuve-noir","49":"tag-fr","50":"tag-france","51":"tag-george","52":"tag-guerre-des-clones","53":"tag-guerre-des-etoiles","54":"tag-harisson-ford","55":"tag-hasbro","56":"tag-hoth","57":"tag-ilm","58":"tag-jedi","59":"tag-kamino","60":"tag-kenny-baker","61":"tag-kenobi","62":"tag-l","63":"tag-la-menace-fantome","64":"tag-legacy-of-the-force","65":"tag-leia","66":"tag-lightsaber","67":"tag-live-serie","68":"tag-lucas","69":"tag-lucasarts","70":"tag-lucasbooks","71":"tag-lucasdigital","72":"tag-lucasfilm","73":"tag-lucasfilm-magazine","74":"tag-lucasmag","75":"tag-lucasonline","76":"tag-luke","77":"tag-mace-windu","78":"tag-mark-hamill","79":"tag-maul","80":"tag-movies","81":"tag-naboo","82":"tag-natalie-portman","83":"tag-obi-wan","84":"tag-padme","85":"tag-palpatine","86":"tag-piett","87":"tag-qui-gon-jinn","88":"tag-rebellion","89":"tag-return-of-the-jedi","90":"tag-revenge-of-the-sith","91":"tag-rick-mc-callum","92":"tag-sabre-laser","93":"tag-senat","94":"tag-serie","95":"tag-sith","96":"tag-skywalker","97":"tag-skywalker-ranch","98":"tag-star","99":"tag-star-wars","100":"tag-star-wars-magazine","101":"tag-starwars","102":"tag-starwars-universe","103":"tag-swoo","104":"tag-swu","105":"tag-tatooine","106":"tag-the-clone-wars","107":"tag-the-force-unleashed","108":"tag-the-old-republic","109":"tag-the-phantom-menace","110":"tag-univers-etendu","111":"tag-universe","112":"tag-vader","113":"tag-vador","114":"tag-wars","115":"tag-wizard","116":"tag-yavin","117":"tag-yoda"},"share_on_mastodon":{"url":"","error":"Validation failed: Text character limit of 500 exceeded"},"_links":{"self":[{"href":"https:\/\/www.europesays.com\/fr\/wp-json\/wp\/v2\/posts\/39630","targetHints":{"allow":["GET"]}}],"collection":[{"href":"https:\/\/www.europesays.com\/fr\/wp-json\/wp\/v2\/posts"}],"about":[{"href":"https:\/\/www.europesays.com\/fr\/wp-json\/wp\/v2\/types\/post"}],"author":[{"embeddable":true,"href":"https:\/\/www.europesays.com\/fr\/wp-json\/wp\/v2\/users\/2"}],"replies":[{"embeddable":true,"href":"https:\/\/www.europesays.com\/fr\/wp-json\/wp\/v2\/comments?post=39630"}],"version-history":[{"count":0,"href":"https:\/\/www.europesays.com\/fr\/wp-json\/wp\/v2\/posts\/39630\/revisions"}],"wp:featuredmedia":[{"embeddable":true,"href":"https:\/\/www.europesays.com\/fr\/wp-json\/wp\/v2\/media\/2002"}],"wp:attachment":[{"href":"https:\/\/www.europesays.com\/fr\/wp-json\/wp\/v2\/media?parent=39630"}],"wp:term":[{"taxonomy":"category","embeddable":true,"href":"https:\/\/www.europesays.com\/fr\/wp-json\/wp\/v2\/categories?post=39630"},{"taxonomy":"post_tag","embeddable":true,"href":"https:\/\/www.europesays.com\/fr\/wp-json\/wp\/v2\/tags?post=39630"}],"curies":[{"name":"wp","href":"https:\/\/api.w.org\/{rel}","templated":true}]}}