{"id":396315,"date":"2025-09-17T00:59:01","date_gmt":"2025-09-17T00:59:01","guid":{"rendered":"https:\/\/www.europesays.com\/fr\/396315\/"},"modified":"2025-09-17T00:59:01","modified_gmt":"2025-09-17T00:59:01","slug":"%f0%9f%93%9d-bienvenue-a-paris-nora-harnes-haheim-%f0%9f%87%b3%f0%9f%87%b4%f0%9f%94%b5%e2%9a%aa","status":"publish","type":"post","link":"https:\/\/www.europesays.com\/fr\/396315\/","title":{"rendered":"\ud83d\udcdd Bienvenue \u00e0 Paris, Nora Harnes H\u00e5heim ! \ud83c\uddf3\ud83c\uddf4\ud83d\udd35\u26aa"},"content":{"rendered":"<p><img fetchpriority=\"high\" decoding=\"async\" width=\"2451\" height=\"3064\" src=\"data:image\/svg+xml,%3Csvg%20xmlns=\" http:=\"\" alt=\"\" class=\"wp-image-105661\" data-lazy-src=\"https:\/\/www.europesays.com\/fr\/wp-content\/uploads\/2025\/09\/DSC00230-Enhanced-NR.jpg\"\/><\/p>\n<p>Le Paris FC est fier d\u2019annoncer l\u2019arriv\u00e9e de l\u2019attaquante internationale norv\u00e9gienne Nora Harnes H\u00e5heim (23 ans) au sein de son effectif pour cette nouvelle saison.<br \/>Dot\u00e9e d\u2019une grande polyvalence sur le front de l\u2019attaque, Nora peut \u00e9voluer \u00e0 tous les postes offensifs. Avec ses 175 cm, sa capacit\u00e9 \u00e0 combiner, \u00e0 faire jouer ses co\u00e9quipi\u00e8res et \u00e0 se projeter dans la surface, elle vient renforcer une ligne offensive ambitieuse.<\/p>\n<p>\ud83d\udd0e Un parcours solide et en constante progression<br \/>Form\u00e9e en Norv\u00e8ge, Nora d\u00e9bute tr\u00e8s jeune au Molde FK qu\u2019elle rejoint en 2018 \u00e0 seulement 16 ans. En 4 saisons, elle inscrit 37 buts en 40 matchs, un rendement impressionnant qui attire l\u2019attention.<br \/>Elle poursuit sa progression en deuxi\u00e8me division norv\u00e9gienne avec AaFK Fortuna, o\u00f9 elle s\u2019impose comme une valeur s\u00fbre du championnat. Elle y joue 57 matchs, inscrit 21 buts et d\u00e9livre 11 passes d\u00e9cisives en deux saisons (2022-2023). Son influence grandit, et elle se distingue notamment par le plus beau but de la saison, plusieurs troph\u00e9es de joueuse du mois et une 2e place au classement des buteuses en 2023.<br \/>Malgr\u00e9 deux magnifiques saisons collectives, l\u2019AaFK \u00e9choue de peu \u00e0 l\u2019accession en premi\u00e8re division \u00e0 deux reprises en playoffs.<\/p>\n<p><img loading=\"lazy\" decoding=\"async\" width=\"2747\" height=\"1835\" src=\"data:image\/svg+xml,%3Csvg%20xmlns=\" http:=\"\" alt=\"\" class=\"wp-image-105625\" data-lazy-src=\"https:\/\/www.europesays.com\/fr\/wp-content\/uploads\/2025\/09\/DSC00263-Enhanced-NR.jpg\"\/><\/p>\n<p>\ud83c\udf0d Premi\u00e8re division su\u00e9doise, puis retour en Norv\u00e8ge<br \/>En 2024, Nora d\u00e9couvre l\u2019\u00e9lite su\u00e9doise avec le KIF \u00d6rebro DFF, un championnat r\u00e9put\u00e9 pour son intensit\u00e9 et sa technicit\u00e9. En 29 matchs, elle marque 4 buts et offre 5 passes d\u00e9cisives, montrant sa capacit\u00e9 \u00e0 s\u2019adapter \u00e0 un nouveau contexte.<br \/>Elle revient ensuite dans son pays natal en 2025 au Lyn Fotball, en premi\u00e8re division norv\u00e9gienne. Elle y dispute 20 matchs, signe 7 passes d\u00e9cisives, ce qui la place 2e meilleure passeuse du championnat, \u00e0 seulement une unit\u00e9 de la premi\u00e8re.<\/p>\n<p><img loading=\"lazy\" decoding=\"async\" width=\"2586\" height=\"3233\" src=\"data:image\/svg+xml,%3Csvg%20xmlns=\" http:=\"\" alt=\"\" class=\"wp-image-105631\" data-lazy-src=\"https:\/\/www.europesays.com\/fr\/wp-content\/uploads\/2025\/09\/DSC00328-Enhanced-NR.jpg\"\/><\/p>\n<p>\ud83c\uddf3\ud83c\uddf4 Une internationale en devenir<br \/>Nora est \u00e9galement internationale U23 avec la Norv\u00e8ge (5 s\u00e9lections, 1 but). Suivie de pr\u00e8s par le staff de la s\u00e9lection A, elle est consid\u00e9r\u00e9e comme une joueuse \u00e0 fort potentiel d\u2019avenir sur la sc\u00e8ne europ\u00e9enne.<\/p>\n<p><img loading=\"lazy\" decoding=\"async\" width=\"2832\" height=\"3540\" src=\"data:image\/svg+xml,%3Csvg%20xmlns=\" http:=\"\" alt=\"\" class=\"wp-image-105655\" data-lazy-src=\"https:\/\/www.europesays.com\/fr\/wp-content\/uploads\/2025\/09\/DSC00215-Enhanced-NR.jpg\"\/><\/p>\n<p>\ud83c\udf99\ufe0f Le mot du club<br \/>\u201cNora est un profil de joueuse que nous n\u2019avions pas. On est tr\u00e8s contents de l\u2019accueillir, je pense qu\u2019elle va cr\u00e9er la surprise. nous sommes convaincus qu\u2019elle a tout pour r\u00e9ussir ici.\u201d<br \/>\u2014 Marie Christine Terroni, pr\u00e9sidente de la section f\u00e9minine du Paris FC.<\/p>\n<p>\ud83d\udd1c Place \u00e0 l\u2019action<br \/>Nora int\u00e9grera le groupe professionnel cette semaine. Bienvenue \u00e0 elle !<br \/>\ud83d\udcf8 Suivez ses premiers pas dans la capitale sur nos r\u00e9seaux sociaux.<\/p>\n","protected":false},"excerpt":{"rendered":"Le Paris FC est fier d\u2019annoncer l\u2019arriv\u00e9e de l\u2019attaquante internationale norv\u00e9gienne Nora Harnes H\u00e5heim (23 ans) au sein&hellip;\n","protected":false},"author":2,"featured_media":396316,"comment_status":"","ping_status":"","sticky":false,"template":"","format":"standard","meta":{"footnotes":""},"categories":[1888],"tags":[11,1777,674,1011,27,12,626,25],"class_list":{"0":"post-396315","1":"post","2":"type-post","3":"status-publish","4":"format-standard","5":"has-post-thumbnail","7":"category-paris","8":"tag-actualites","9":"tag-eu","10":"tag-europe","11":"tag-fr","12":"tag-france","13":"tag-news","14":"tag-paris","15":"tag-republique-francaise"},"share_on_mastodon":{"url":"https:\/\/pubeurope.com\/@fr\/115216932521856001","error":""},"_links":{"self":[{"href":"https:\/\/www.europesays.com\/fr\/wp-json\/wp\/v2\/posts\/396315","targetHints":{"allow":["GET"]}}],"collection":[{"href":"https:\/\/www.europesays.com\/fr\/wp-json\/wp\/v2\/posts"}],"about":[{"href":"https:\/\/www.europesays.com\/fr\/wp-json\/wp\/v2\/types\/post"}],"author":[{"embeddable":true,"href":"https:\/\/www.europesays.com\/fr\/wp-json\/wp\/v2\/users\/2"}],"replies":[{"embeddable":true,"href":"https:\/\/www.europesays.com\/fr\/wp-json\/wp\/v2\/comments?post=396315"}],"version-history":[{"count":0,"href":"https:\/\/www.europesays.com\/fr\/wp-json\/wp\/v2\/posts\/396315\/revisions"}],"wp:featuredmedia":[{"embeddable":true,"href":"https:\/\/www.europesays.com\/fr\/wp-json\/wp\/v2\/media\/396316"}],"wp:attachment":[{"href":"https:\/\/www.europesays.com\/fr\/wp-json\/wp\/v2\/media?parent=396315"}],"wp:term":[{"taxonomy":"category","embeddable":true,"href":"https:\/\/www.europesays.com\/fr\/wp-json\/wp\/v2\/categories?post=396315"},{"taxonomy":"post_tag","embeddable":true,"href":"https:\/\/www.europesays.com\/fr\/wp-json\/wp\/v2\/tags?post=396315"}],"curies":[{"name":"wp","href":"https:\/\/api.w.org\/{rel}","templated":true}]}}