{"id":396329,"date":"2025-09-17T01:06:21","date_gmt":"2025-09-17T01:06:21","guid":{"rendered":"https:\/\/www.europesays.com\/fr\/396329\/"},"modified":"2025-09-17T01:06:21","modified_gmt":"2025-09-17T01:06:21","slug":"amir-explique-avoir-eu-peur-pour-la-securite-de-ses-enfants-apres-lappel-au-boycott-de-son-concert","status":"publish","type":"post","link":"https:\/\/www.europesays.com\/fr\/396329\/","title":{"rendered":"Amir explique avoir eu peur pour la se\u0301curite\u0301 de ses enfants apre\u0300s l&rsquo;appel au boycott de son concert"},"content":{"rendered":"<p>Publi\u00e9 le 17 sept. 2025 \u00e0 00:24<\/p>\n<p><strong>Une pol\u00e9mique a \u00e9clabouss\u00e9 le chanteur franco-isra\u00e9lien Amir cet \u00e9t\u00e9. Plusieurs voix, dont celles d&rsquo;artistes, se sont \u00e9lev\u00e9es pour appeler au boycott de son concert aux Francofolies de Spa, en Belgique. Il s&rsquo;est pourtant bien produit sur sc\u00e8ne. Il est revenu sur cet \u00e9v\u00e9nement pour Le Parisien ce mardi 16 septembre 2025.<\/strong><\/p>\n<p>L&rsquo;affaire a commenc\u00e9 par un communiqu\u00e9 de plusieurs artistes programm\u00e9s aux Francofolies de Spa. Sur les r\u00e9seaux sociaux, ils se disaient alors \u00ab\u00a0mal \u00e0 l\u2019aise par rapport \u00e0 la participation d\u2019Amir au festival, suite aux r\u00e9v\u00e9lations faites par des associations militantes\u00a0\u00bb. En cons\u00e9quence, la chanteuse Yoa avait annul\u00e9 sa venue au festival belge. Alors, quels \u00e9taient les faits reproch\u00e9s \u00e0 Amir\u00a0? L&rsquo;association Li\u00e8ge Occupation Free a r\u00e9v\u00e9l\u00e9 sa participation \u00ab\u00a0\u00e0 un \u00e9v\u00e9nement dans la colonie ill\u00e9gale d\u2019H\u00e9bron\u00a0\u00bb en 2014 et \u00e0 une soir\u00e9e en soutien aux soldats de Tsahal.<\/p>\n<p>Dans leur communiqu\u00e9, les artistes lui ont aussi reproch\u00e9 \u00ab\u00a0l&rsquo;absence de prise de position critique face aux crimes commis par le gouvernement isra\u00e9lien, tout en ayant publiquement exprim\u00e9 son soutien \u00e0 celui-ci\u00a0\u00bb. L&rsquo;interpr\u00e8te de R\u00e9tine a d\u00e9j\u00e0 mis les choses au clair apr\u00e8s l&rsquo;appel au boycott. Ce mardi soir, il s&rsquo;est (&#8230;)<\/p>\n","protected":false},"excerpt":{"rendered":"Publi\u00e9 le 17 sept. 2025 \u00e0 00:24 Une pol\u00e9mique a \u00e9clabouss\u00e9 le chanteur franco-isra\u00e9lien Amir cet \u00e9t\u00e9. Plusieurs&hellip;\n","protected":false},"author":2,"featured_media":396330,"comment_status":"","ping_status":"","sticky":false,"template":"","format":"standard","meta":{"footnotes":""},"categories":[1586],"tags":[11,1777,674,1779,1011,27,12,25,1778,364],"class_list":{"0":"post-396329","1":"post","2":"type-post","3":"status-publish","4":"format-standard","5":"has-post-thumbnail","7":"category-europe","8":"tag-actualites","9":"tag-eu","10":"tag-europe","11":"tag-european-union","12":"tag-fr","13":"tag-france","14":"tag-news","15":"tag-republique-francaise","16":"tag-ue","17":"tag-union-europeenne"},"share_on_mastodon":{"url":"https:\/\/pubeurope.com\/@fr\/115216959623546356","error":""},"_links":{"self":[{"href":"https:\/\/www.europesays.com\/fr\/wp-json\/wp\/v2\/posts\/396329","targetHints":{"allow":["GET"]}}],"collection":[{"href":"https:\/\/www.europesays.com\/fr\/wp-json\/wp\/v2\/posts"}],"about":[{"href":"https:\/\/www.europesays.com\/fr\/wp-json\/wp\/v2\/types\/post"}],"author":[{"embeddable":true,"href":"https:\/\/www.europesays.com\/fr\/wp-json\/wp\/v2\/users\/2"}],"replies":[{"embeddable":true,"href":"https:\/\/www.europesays.com\/fr\/wp-json\/wp\/v2\/comments?post=396329"}],"version-history":[{"count":0,"href":"https:\/\/www.europesays.com\/fr\/wp-json\/wp\/v2\/posts\/396329\/revisions"}],"wp:featuredmedia":[{"embeddable":true,"href":"https:\/\/www.europesays.com\/fr\/wp-json\/wp\/v2\/media\/396330"}],"wp:attachment":[{"href":"https:\/\/www.europesays.com\/fr\/wp-json\/wp\/v2\/media?parent=396329"}],"wp:term":[{"taxonomy":"category","embeddable":true,"href":"https:\/\/www.europesays.com\/fr\/wp-json\/wp\/v2\/categories?post=396329"},{"taxonomy":"post_tag","embeddable":true,"href":"https:\/\/www.europesays.com\/fr\/wp-json\/wp\/v2\/tags?post=396329"}],"curies":[{"name":"wp","href":"https:\/\/api.w.org\/{rel}","templated":true}]}}