{"id":396382,"date":"2025-09-17T01:38:51","date_gmt":"2025-09-17T01:38:51","guid":{"rendered":"https:\/\/www.europesays.com\/fr\/396382\/"},"modified":"2025-09-17T01:38:51","modified_gmt":"2025-09-17T01:38:51","slug":"la-guinguette-du-rockhatry","status":"publish","type":"post","link":"https:\/\/www.europesays.com\/fr\/396382\/","title":{"rendered":"La guinguette du Rockhatry"},"content":{"rendered":"<p>Venez d\u00e9couvrir le Rockhatry \u00e0 Belfort, lieu de vie d\u00e9di\u00e9 aux musiques actuelles\u00a0! Lives de musiciens du Rockhatry et du Conservatoire voisin, p\u00e9tanque, jam sessions, brocante d\u2019instruments, association La Caponni\u00e8re et d\u00e9couverte du mix sur cassette audio, v\u00e9ritable objet patrimonial\u00a0! Entr\u00e9e libre, animations gratuites.<\/p>\n<p class=\"note\">Samedi\u00a020 de 14\u00a0h \u00e0 22\u00a0h et dimanche 21\u00a0septembre de 14\u00a0h \u00e0 19\u00a0h. Contact\u00a0: communication@poudriere.com<\/p>\n","protected":false},"excerpt":{"rendered":"Venez d\u00e9couvrir le Rockhatry \u00e0 Belfort, lieu de vie d\u00e9di\u00e9 aux musiques actuelles\u00a0! Lives de musiciens du Rockhatry&hellip;\n","protected":false},"author":2,"featured_media":396383,"comment_status":"","ping_status":"","sticky":false,"template":"","format":"standard","meta":{"footnotes":""},"categories":[9635],"tags":[1111,11,22758,22759,1687,10332,1777,674,1011,27,775,1702,12,25],"class_list":{"0":"post-396382","1":"post","2":"type-post","3":"status-publish","4":"format-standard","5":"has-post-thumbnail","7":"category-nancy","8":"tag-actu","9":"tag-actualites","10":"tag-belfort","11":"tag-belfort-ville-90a","12":"tag-culture-loisirs","13":"tag-edition-belfort-hericourt-montbeliard","14":"tag-eu","15":"tag-europe","16":"tag-fr","17":"tag-france","18":"tag-grand-est","19":"tag-nancy","20":"tag-news","21":"tag-republique-francaise"},"share_on_mastodon":{"url":"https:\/\/pubeurope.com\/@fr\/115217089318588843","error":""},"_links":{"self":[{"href":"https:\/\/www.europesays.com\/fr\/wp-json\/wp\/v2\/posts\/396382","targetHints":{"allow":["GET"]}}],"collection":[{"href":"https:\/\/www.europesays.com\/fr\/wp-json\/wp\/v2\/posts"}],"about":[{"href":"https:\/\/www.europesays.com\/fr\/wp-json\/wp\/v2\/types\/post"}],"author":[{"embeddable":true,"href":"https:\/\/www.europesays.com\/fr\/wp-json\/wp\/v2\/users\/2"}],"replies":[{"embeddable":true,"href":"https:\/\/www.europesays.com\/fr\/wp-json\/wp\/v2\/comments?post=396382"}],"version-history":[{"count":0,"href":"https:\/\/www.europesays.com\/fr\/wp-json\/wp\/v2\/posts\/396382\/revisions"}],"wp:featuredmedia":[{"embeddable":true,"href":"https:\/\/www.europesays.com\/fr\/wp-json\/wp\/v2\/media\/396383"}],"wp:attachment":[{"href":"https:\/\/www.europesays.com\/fr\/wp-json\/wp\/v2\/media?parent=396382"}],"wp:term":[{"taxonomy":"category","embeddable":true,"href":"https:\/\/www.europesays.com\/fr\/wp-json\/wp\/v2\/categories?post=396382"},{"taxonomy":"post_tag","embeddable":true,"href":"https:\/\/www.europesays.com\/fr\/wp-json\/wp\/v2\/tags?post=396382"}],"curies":[{"name":"wp","href":"https:\/\/api.w.org\/{rel}","templated":true}]}}