{"id":396390,"date":"2025-09-17T01:44:20","date_gmt":"2025-09-17T01:44:20","guid":{"rendered":"https:\/\/www.europesays.com\/fr\/396390\/"},"modified":"2025-09-17T01:44:20","modified_gmt":"2025-09-17T01:44:20","slug":"des-cables-de-fibre-optique-detruits-par-des-ragondins-pres-de-10-000-usages-impactes-en-seine-maritime","status":"publish","type":"post","link":"https:\/\/www.europesays.com\/fr\/396390\/","title":{"rendered":"Des c\u00e2bles de fibre optique d\u00e9truits par des ragondins, pr\u00e8s de 10\u00a0000 usag\u00e9s impact\u00e9s en Seine-Maritime"},"content":{"rendered":"<p class=\"paragraph text_align_left lp-f-body-02\">Si vous vivez en <a href=\"https:\/\/france3-regions.franceinfo.fr\/normandie\/seine-maritime\/panne-de-telephone-et-internet-en-seine-maritime-de-gros-rongeurs-ont-grignote-les-cables-de-la-fibre-3217004.html\" target=\"_self\" rel=\"nofollow noopener\">Seine-Maritime (76)<\/a> et que votre connexion Internet a saut\u00e9 ce week-end, ce n\u2019est pas un probl\u00e8me li\u00e9 \u00e0 votre op\u00e9rateur mais bien \u00e0\u2026 des rongeurs. D\u2019apr\u00e8s les informations transmises par Orange \u00e0 <a href=\"https:\/\/france3-regions.franceinfo.fr\/normandie\/seine-maritime\/panne-de-telephone-et-internet-en-seine-maritime-de-gros-rongeurs-ont-grignote-les-cables-de-la-fibre-3217004.html\" target=\"_self\" rel=\"nofollow noopener\">France\u00a03 Normandie<\/a>, des ragondins auraient grignot\u00e9 24 c\u00e2bles de <a href=\"https:\/\/www.leparisien.fr\/essonne-91\/fibre-optique-en-essonne-apres-une-operation-damelioration-du-reseau-de-six-mois-le-bilan-reste-mitige-25-10-2024-ERA76EIMOVH7TAMHOA4Y4WXOWY.php\" target=\"_self\" rel=\"nofollow noopener\">fibre optique<\/a>, causant des pannes sur les r\u00e9seaux mobiles et Internet de tous les op\u00e9rateurs entre Sandouville et Lillebonne ce dimanche.<\/p>\n<p class=\"paragraph text_align_left lp-f-body-02\">Au total, c\u2019est un peu moins de 10 000 abonn\u00e9s qui ont \u00e9t\u00e9 impact\u00e9s par la destruction des c\u00e2bles. Sur le secteur, un retour progressif \u00e0 la normale a toutefois \u00e9t\u00e9 constat\u00e9 \u00e0 partir de midi ce lundi gr\u00e2ce au travail des techniciens.<\/p>\n<p>Attir\u00e9s par les gaines en amidon de ma\u00efs<\/p>\n<p class=\"paragraph text_align_left lp-f-body-02\">D\u2019apr\u00e8s le service communication d\u2019Orange, une dizaine d\u2019entre eux ont \u00e9t\u00e9 mobilis\u00e9s pour \u00ab\u00a0r\u00e9parer ce r\u00e9seau enterr\u00e9\u00a0\u00bb, toujours selon France\u00a03. \u00ab\u00a0Ces gros rongeurs &#8211; on parle de ragondins au vu des d\u00e9g\u00e2ts &#8211; ont tout d\u00e9truit.\u00a0\u00bb<\/p>\n<p class=\"paragraph text_align_left lp-f-body-02\">\u00ab\u00a0Les techniciens vont remettre en route le r\u00e9seau au fur et \u00e0 mesure\u00a0\u00bb, a-t-il \u00e9t\u00e9 promis, alors que l\u2019op\u00e9rateur parlait d\u2019un retour \u00e0 une situation totalement normale d\u2019ici la fin de la journ\u00e9e.<\/p>\n<p class=\"paragraph text_align_left lp-f-body-02\">Quant \u00e0 savoir pourquoi ces rongeurs se sont attaqu\u00e9s \u00e0 ces c\u00e2bles, la r\u00e9ponse est \u00e0 chercher dans les gaines en amidon de ma\u00efs entourant les fils. Ces derni\u00e8res, pens\u00e9es pour un meilleur respect de l\u2019environnement, ont le d\u00e9faut d\u2019attirer ces animaux. Ce n\u2019est d\u2019ailleurs pas la premi\u00e8re fois que ce type d\u2019incidents se produit et des solutions pourraient \u00eatre envisag\u00e9es par Orange, rapporte France\u00a03.<\/p>\n","protected":false},"excerpt":{"rendered":"Si vous vivez en Seine-Maritime (76) et que votre connexion Internet a saut\u00e9 ce week-end, ce n\u2019est pas&hellip;\n","protected":false},"author":2,"featured_media":396391,"comment_status":"","ping_status":"","sticky":false,"template":"","format":"standard","meta":{"footnotes":""},"categories":[9587],"tags":[1111,11,459,1777,674,1011,27,12,5161,25,9590,104],"class_list":{"0":"post-396390","1":"post","2":"type-post","3":"status-publish","4":"format-standard","5":"has-post-thumbnail","7":"category-rouen","8":"tag-actu","9":"tag-actualites","10":"tag-departements-horsidfo","11":"tag-eu","12":"tag-europe","13":"tag-fr","14":"tag-france","15":"tag-news","16":"tag-normandie","17":"tag-republique-francaise","18":"tag-rouen","19":"tag-societe"},"share_on_mastodon":{"url":"https:\/\/pubeurope.com\/@fr\/115217109100870157","error":""},"_links":{"self":[{"href":"https:\/\/www.europesays.com\/fr\/wp-json\/wp\/v2\/posts\/396390","targetHints":{"allow":["GET"]}}],"collection":[{"href":"https:\/\/www.europesays.com\/fr\/wp-json\/wp\/v2\/posts"}],"about":[{"href":"https:\/\/www.europesays.com\/fr\/wp-json\/wp\/v2\/types\/post"}],"author":[{"embeddable":true,"href":"https:\/\/www.europesays.com\/fr\/wp-json\/wp\/v2\/users\/2"}],"replies":[{"embeddable":true,"href":"https:\/\/www.europesays.com\/fr\/wp-json\/wp\/v2\/comments?post=396390"}],"version-history":[{"count":0,"href":"https:\/\/www.europesays.com\/fr\/wp-json\/wp\/v2\/posts\/396390\/revisions"}],"wp:featuredmedia":[{"embeddable":true,"href":"https:\/\/www.europesays.com\/fr\/wp-json\/wp\/v2\/media\/396391"}],"wp:attachment":[{"href":"https:\/\/www.europesays.com\/fr\/wp-json\/wp\/v2\/media?parent=396390"}],"wp:term":[{"taxonomy":"category","embeddable":true,"href":"https:\/\/www.europesays.com\/fr\/wp-json\/wp\/v2\/categories?post=396390"},{"taxonomy":"post_tag","embeddable":true,"href":"https:\/\/www.europesays.com\/fr\/wp-json\/wp\/v2\/tags?post=396390"}],"curies":[{"name":"wp","href":"https:\/\/api.w.org\/{rel}","templated":true}]}}