{"id":396412,"date":"2025-09-17T01:57:21","date_gmt":"2025-09-17T01:57:21","guid":{"rendered":"https:\/\/www.europesays.com\/fr\/396412\/"},"modified":"2025-09-17T01:57:21","modified_gmt":"2025-09-17T01:57:21","slug":"cf-gestion-privee-acquiert-le-toulousain-fortunea-invest","status":"publish","type":"post","link":"https:\/\/www.europesays.com\/fr\/396412\/","title":{"rendered":"CF Gestion Priv\u00e9e acquiert le Toulousain Fortunea Invest"},"content":{"rendered":"<p>\n\t\t\t\t\t\t\t\t\tLe cabinet CF Gestion Priv\u00e9e compte quatre associ\u00e9s, et 30 collaborateurs. Cr\u00e9dits : CF Gestion Priv\u00e9e\n\t\t\t\t\t\t\t\t<\/p>\n<p>Le cabinet bordelais CF Gestion Priv\u00e9e, filiale du groupe CF, annonce l\u2019acquisition d\u2019un cabinet bas\u00e9 \u00e0 Toulouse pour renforcer son p\u00f4le Occitanie.<\/p>\n<p>Chaque ann\u00e9e ou presque, le groupe girondin CF, sp\u00e9cialiste notamment de l\u2019expertise comptable, r\u00e9alise des op\u00e9rations de croissance externe. Aujourd&rsquo;hui, c\u2019est sa branche de gestion du patrimoine, CF Gestion Priv\u00e9e, qui annonce l\u2019acquisition du Toulousain Fortunea Invest. Un jeune cabinet fond\u00e9 en 2016 par Sandrine Chabaud, qui compte 250 clients. \u00ab Le conseil est la pierre angulaire de sa strat\u00e9gie, afin d\u2019accompagner ses clients dans l\u2019optimisation de strat\u00e9gies patrimoniales, juridiques, fiscales, et la recherche de solutions adapt\u00e9es \u00bb, pr\u00e9cise-t-on dans un communiqu\u00e9.<\/p>\n<p style=\"margin-left: 25px;\"><b>Pour aller plus loin :<a href=\"https:\/\/placeco.fr\/gironde\/engagement\/article\/le-groupe-cf-ancre-sa-politique-rse-a-horizon-2030-7701\" target=\"_blank\" rel=\"nofollow noopener\">\u00a0Le groupe CF ancre sa politique RSE \u00e0 horizon 2030<\/a><\/b><\/p>\n<p>De son c\u00f4t\u00e9, le cabinet bordelais a vu le jour en 1993. Il compte quatre associ\u00e9s et 30 collaborateurs pour pr\u00e8s de 4.000 clients en Gironde, mais aussi dans le B\u00e9arn, \u00e0 Toulouse et \u00e0 Paris. Il accompagne autant les professionnels que les particuliers, \u00ab dans l\u2019\u00e9laboration de strat\u00e9gies patrimoniales et d\u2019investissement sur mesure \u00bb. En signant cette acquisition, CF Gestion Priv\u00e9e entend renforcer son p\u00f4le Occitanie sous la direction de Sandrine Chavaud, qui rejoint l\u2019\u00e9quipe en tant qu\u2019associ\u00e9e. \u00ab Ce rapprochement vise \u00e0 mutualiser les expertises des deux entit\u00e9s (fiscalit\u00e9, droit, expertise comptable, juridique, conseil, etc.) afin d\u2019offrir aux clients la solution pluridisciplinaire la plus adapt\u00e9e \u00e0 leurs enjeux patrimoniaux \u00bb, peut-on lire dans un communiqu\u00e9. <\/p>\n","protected":false},"excerpt":{"rendered":"Le cabinet CF Gestion Priv\u00e9e compte quatre associ\u00e9s, et 30 collaborateurs. Cr\u00e9dits : CF Gestion Priv\u00e9e Le cabinet&hellip;\n","protected":false},"author":2,"featured_media":396413,"comment_status":"","ping_status":"","sticky":false,"template":"","format":"standard","meta":{"footnotes":""},"categories":[2817],"tags":[1111,11,1997,1777,674,1011,27,12,2219,5645,25],"class_list":{"0":"post-396412","1":"post","2":"type-post","3":"status-publish","4":"format-standard","5":"has-post-thumbnail","7":"category-bordeaux","8":"tag-actu","9":"tag-actualites","10":"tag-bordeaux","11":"tag-eu","12":"tag-europe","13":"tag-fr","14":"tag-france","15":"tag-news","16":"tag-nouvelle-aquitaine","17":"tag-placco-placeco","18":"tag-republique-francaise"},"share_on_mastodon":{"url":"https:\/\/pubeurope.com\/@fr\/115217160141247347","error":""},"_links":{"self":[{"href":"https:\/\/www.europesays.com\/fr\/wp-json\/wp\/v2\/posts\/396412","targetHints":{"allow":["GET"]}}],"collection":[{"href":"https:\/\/www.europesays.com\/fr\/wp-json\/wp\/v2\/posts"}],"about":[{"href":"https:\/\/www.europesays.com\/fr\/wp-json\/wp\/v2\/types\/post"}],"author":[{"embeddable":true,"href":"https:\/\/www.europesays.com\/fr\/wp-json\/wp\/v2\/users\/2"}],"replies":[{"embeddable":true,"href":"https:\/\/www.europesays.com\/fr\/wp-json\/wp\/v2\/comments?post=396412"}],"version-history":[{"count":0,"href":"https:\/\/www.europesays.com\/fr\/wp-json\/wp\/v2\/posts\/396412\/revisions"}],"wp:featuredmedia":[{"embeddable":true,"href":"https:\/\/www.europesays.com\/fr\/wp-json\/wp\/v2\/media\/396413"}],"wp:attachment":[{"href":"https:\/\/www.europesays.com\/fr\/wp-json\/wp\/v2\/media?parent=396412"}],"wp:term":[{"taxonomy":"category","embeddable":true,"href":"https:\/\/www.europesays.com\/fr\/wp-json\/wp\/v2\/categories?post=396412"},{"taxonomy":"post_tag","embeddable":true,"href":"https:\/\/www.europesays.com\/fr\/wp-json\/wp\/v2\/tags?post=396412"}],"curies":[{"name":"wp","href":"https:\/\/api.w.org\/{rel}","templated":true}]}}