{"id":396417,"date":"2025-09-17T02:01:28","date_gmt":"2025-09-17T02:01:28","guid":{"rendered":"https:\/\/www.europesays.com\/fr\/396417\/"},"modified":"2025-09-17T02:01:28","modified_gmt":"2025-09-17T02:01:28","slug":"les-avengers-de-toulouse-bigflo-oli-sassocient-a-dupont-et-marchand-pour-revolutionner-le-basket-toulousain","status":"publish","type":"post","link":"https:\/\/www.europesays.com\/fr\/396417\/","title":{"rendered":"\u00ab Les Avengers de Toulouse\u00a0\u00bb\u00a0: Bigflo &#038; Oli s\u2019associent \u00e0 Dupont et Marchand pour r\u00e9volutionner le basket toulousain"},"content":{"rendered":"<p class=\"paragraph text_align_left lp-f-body-02\">\u00ab Toulouse basket-ball, let\u2019s go ! \u00bb Sifflet \u00e0 la bouche, ballon dans les bras, <a href=\"https:\/\/www.leparisien.fr\/culture-loisirs\/musique\/cest-un-reve-de-gosse-le-4e-rose-festival-cree-par-bigflo-oli-attend-plus-de-100-000-spectateurs-29-08-2025-JSPW7NWB5NGAFPQEP3X6Y2ZHDQ.php\" target=\"_blank\" rel=\"noreferrer nofollow noopener\">Bigflo <\/a>dirige un entra\u00eenement de <a href=\"https:\/\/www.leparisien.fr\/sports\/basket\/\" target=\"_blank\" rel=\"noreferrer nofollow noopener\">basket<\/a>. Le c\u00e9l\u00e8bre rappeur ne s\u2019\u00e9conomise pas et donne de sa personne\u2026 Depuis les tribunes son fr\u00e8re, Oli, regarde attentivement la s\u00e9ance avant de r\u00e9pondre \u00e0 un appel en visio de <a href=\"https:\/\/www.leparisien.fr\/sports\/leon-marchand\/\" target=\"_blank\" rel=\"noreferrer nofollow noopener\">L\u00e9on Marchand<\/a> et <a href=\"https:\/\/www.leparisien.fr\/sports\/rugby\/antoine-dupont\/\" target=\"_blank\" rel=\"noreferrer nofollow noopener\">Antoine Dupont.<\/a><\/p>\n<p class=\"paragraph text_align_left lp-f-body-02\">C\u2019est par cette vid\u00e9o d\u00e9cal\u00e9e et pleine d\u2019humour, que <a href=\"https:\/\/www.leparisien.fr\/culture-loisirs\/expositions\/cest-mon-premier-projet-solo-letonnant-musee-imaginaire-doli-sans-bigflo-fait-un-carton-a-toulouse-11-01-2025-Z77F6XUJANAJLADVPK226AI3DM.php\" target=\"_blank\" rel=\"noreferrer nofollow noopener\">le c\u00e9l\u00e8bre duo de rappeurs<\/a> de Toulouse a officialis\u00e9 son arriv\u00e9e dans le club de basket de Toulouse. La vid\u00e9o a d\u00e9j\u00e0 \u00e9t\u00e9 visionn\u00e9e plus d\u2019un million de fois depuis sa publication lundi.<\/p>\n<p class=\"paragraph text_align_left lp-f-body-02\">Les deux fr\u00e8res, qui multiplient les projets pour promouvoir leur ville \u00e0 l\u2019image du <a href=\"https:\/\/www.leparisien.fr\/culture-loisirs\/musique\/cest-un-reve-de-gosse-le-4e-rose-festival-cree-par-bigflo-oli-attend-plus-de-100-000-spectateurs-29-08-2025-JSPW7NWB5NGAFPQEP3X6Y2ZHDQ.php\" target=\"_blank\" rel=\"noreferrer nofollow noopener\">Rose Festival<\/a> qui a lieu pr\u00e8s de Toulouse, ont \u00ab pris des parts significatives dans le club de basket \u00bb et participeront \u00e0 la direction artistique, le merchandising et l\u2019\u00e9v\u00e9nementiel. Ils ont d\u00e9j\u00e0 particip\u00e9 \u00e0 l\u2019\u00e9laboration du nouveau maillot.<\/p>\n<p class=\"paragraph text_align_left lp-f-body-02\">Apr\u00e8s <a href=\"https:\/\/www.leparisien.fr\/sports\/basket\/apporter-mon-energie-et-la-lumiere-matt-pokora-devient-actionnaire-du-club-de-basket-de-strasbourg-28-11-2023-URBNRD4OBZHCVMNAA3XTLQIVMQ.php\" target=\"_blank\" rel=\"noreferrer nofollow noopener\">Matt Pokora \u00e0 Strasbourg<\/a> et <a href=\"https:\/\/www.leparisien.fr\/culture-loisirs\/cinema\/omar-sy\/\" target=\"_blank\" rel=\"noreferrer nofollow noopener\">Omar Sy <\/a>au <a href=\"https:\/\/www.leparisien.fr\/sports\/basket\/un-grand-coup-de-pied-au-cul-comment-le-paris-basketball-revolutionne-le-basket-francais-13-12-2024-OJLVVKQTJZBUPPFWFNANPZP22Y.php\" target=\"_blank\" rel=\"noreferrer nofollow noopener\">Paris Basketball<\/a> deux autres stars fran\u00e7aises investissent dans un club de basket. Mais si les clubs parisiens et strasbourgeois \u00e9voluent en Betclic \u00c9lite (1re division), celui de Toulouse, lui, joue en Nationale 1, le 3e \u00e9chelon.<\/p>\n<p class=\"paragraph text_align_left lp-f-body-02\">Un choix qui peut surprendre mais qui date d\u00e9j\u00e0 de plusieurs mois et dont les deux rappeurs sont \u00e0 l\u2019origine. \u00ab L\u2019intention vient de nous, c\u2019est un projet qu\u2019on porte, on n\u2019est pas venu nous chercher \u00bb, a assur\u00e9 Bigflo lors d\u2019une conf\u00e9rence de presse, relay\u00e9 par la D\u00e9p\u00eache, il y a quelques jours.<\/p>\n<p>\u00ab On n\u2019est pas des sp\u00e9cialistes de basket \u00bb<\/p>\n<p class=\"paragraph text_align_left lp-f-body-02\">\u00ab Je suis un fan de <a href=\"https:\/\/www.leparisien.fr\/culture-loisirs\/musique\/concert-de-drake-a-laccor-arena-show-au-coeur-du-public-mise-en-scene-grandiose-le-rappeur-a-retourne-paris-07-09-2025-OADHJCGQPJGVNIC6VBJN46LOP4.php\" target=\"_blank\" rel=\"noreferrer nofollow noopener\">Drake <\/a>(rappeur canadien), tout a commenc\u00e9 de l\u00e0, a poursuivi Bigflo. Je veux faire tout ce qu\u2019il fait dans sa vie. Il a pris des parts dans les Raptors de Toronto (en NBA). Je ne suis pas trop le basket, on n\u2019est pas des sp\u00e9cialistes de basket mais j\u2019\u00e9tais dans mon lit jusqu\u2019\u00e0 4 heures du matin juste pour voir Drake, comment il r\u00e9agissait sur le bord de terrain\u2026 En plus c\u2019est une ann\u00e9e o\u00f9 ils ont gagn\u00e9 (en 2019), je l\u2019ai vu f\u00eater \u00e7a pour sa ville et je me suis dit : je veux absolument faire \u00e7a aussi dans la vie. \u00bb<\/p>\n<p class=\"paragraph text_align_left lp-f-body-02\">Il a tenu parole. Les deux frangins les plus c\u00e9l\u00e8bres de Toulouse ne sont pas seuls dans cette nouvelle aventure puisque leurs amis &#8211; et figures embl\u00e9matiques de la Ville Rose et du sport fran\u00e7ais et mondial &#8211; Antoine Dupont et L\u00e9on Marchand les accompagnent. Un carr\u00e9 d\u2019As qui doit faire briller le club et le porter de la Nationale 1 \u00e0 la Betclic \u00c9lite dans les prochaines ann\u00e9es.<\/p>\n<p>Objectif \u00c9lite 2<\/p>\n<p class=\"paragraph text_align_left lp-f-body-02\">\u00ab Nos amis L\u00e9on Marchand et Antoine Dupont sont de la partie aussi, ils apportent leur \u00e9nergie, leur vision et leur nom au club, appr\u00e9cie Oli. Chacun apporte des talents et des personnalit\u00e9s tr\u00e8s diff\u00e9rents. On est trop content de faire ce genre de monstre \u00e0 quatre t\u00eates. \u00bb \u00ab On est les Avengers de Toulouse \u00bb, rajoute Bigflo.<\/p>\n<p class=\"paragraph text_align_left lp-f-body-02\">\u00ab Notre souhait est d\u2019\u00e9voluer en \u00c9lite 2 (Pro B) d\u2019ici deux \u00e0 trois ans et en Betclic \u00c9lite d\u2019ici cinq \u00e0 six ans, a annonc\u00e9 Fabien Conte, le pr\u00e9sident du TBC. Toulouse, troisi\u00e8me ville de France, m\u00e9rite d\u2019avoir un club de basket. \u00bb<\/p>\n<p class=\"paragraph text_align_left lp-f-body-02\">Toulouse d\u00e9bute la saison de Nationale 1 vendredi 19 septembre \u00e0 domicile face aux Sables d\u2019Olonne. Le d\u00e9but d\u2019une \u00ab nouvelle \u00e8re \u00bb.<\/p>\n","protected":false},"excerpt":{"rendered":"\u00ab Toulouse basket-ball, let\u2019s go ! \u00bb Sifflet \u00e0 la bouche, ballon dans les bras, Bigflo dirige un&hellip;\n","protected":false},"author":2,"featured_media":396418,"comment_status":"","ping_status":"","sticky":false,"template":"","format":"standard","meta":{"footnotes":""},"categories":[2816],"tags":[1111,11,1465,1777,674,1011,27,12,2680,25,60,2312],"class_list":{"0":"post-396417","1":"post","2":"type-post","3":"status-publish","4":"format-standard","5":"has-post-thumbnail","7":"category-toulouse","8":"tag-actu","9":"tag-actualites","10":"tag-basket","11":"tag-eu","12":"tag-europe","13":"tag-fr","14":"tag-france","15":"tag-news","16":"tag-occitanie","17":"tag-republique-francaise","18":"tag-sports","19":"tag-toulouse"},"share_on_mastodon":{"url":"https:\/\/pubeurope.com\/@fr\/115217175881392899","error":""},"_links":{"self":[{"href":"https:\/\/www.europesays.com\/fr\/wp-json\/wp\/v2\/posts\/396417","targetHints":{"allow":["GET"]}}],"collection":[{"href":"https:\/\/www.europesays.com\/fr\/wp-json\/wp\/v2\/posts"}],"about":[{"href":"https:\/\/www.europesays.com\/fr\/wp-json\/wp\/v2\/types\/post"}],"author":[{"embeddable":true,"href":"https:\/\/www.europesays.com\/fr\/wp-json\/wp\/v2\/users\/2"}],"replies":[{"embeddable":true,"href":"https:\/\/www.europesays.com\/fr\/wp-json\/wp\/v2\/comments?post=396417"}],"version-history":[{"count":0,"href":"https:\/\/www.europesays.com\/fr\/wp-json\/wp\/v2\/posts\/396417\/revisions"}],"wp:featuredmedia":[{"embeddable":true,"href":"https:\/\/www.europesays.com\/fr\/wp-json\/wp\/v2\/media\/396418"}],"wp:attachment":[{"href":"https:\/\/www.europesays.com\/fr\/wp-json\/wp\/v2\/media?parent=396417"}],"wp:term":[{"taxonomy":"category","embeddable":true,"href":"https:\/\/www.europesays.com\/fr\/wp-json\/wp\/v2\/categories?post=396417"},{"taxonomy":"post_tag","embeddable":true,"href":"https:\/\/www.europesays.com\/fr\/wp-json\/wp\/v2\/tags?post=396417"}],"curies":[{"name":"wp","href":"https:\/\/api.w.org\/{rel}","templated":true}]}}