{"id":396424,"date":"2025-09-17T02:05:16","date_gmt":"2025-09-17T02:05:16","guid":{"rendered":"https:\/\/www.europesays.com\/fr\/396424\/"},"modified":"2025-09-17T02:05:16","modified_gmt":"2025-09-17T02:05:16","slug":"ligue-des-champions-a-11-contre-10-marseille-subit-la-loi-du-real-madrid-avec-un-double-de-mbappe-sur-penalty","status":"publish","type":"post","link":"https:\/\/www.europesays.com\/fr\/396424\/","title":{"rendered":"Ligue des champions &#8211; A 11 contre 10, Marseille subit la loi du Real Madrid avec un doubl\u00e9 de Mbapp\u00e9 sur penalty"},"content":{"rendered":"<p>Pour l\u2019Olympique de Marseille, c\u2019est un retour au go\u00fbt amer. Alors que les hommes de Roberto De Zerbi retrouvaient la liesse des soir\u00e9es de Ligue des champions, ils sont tomb\u00e9s, valeureux, face \u00e0 une \u00e9quipe du Real Madrid flamboyante, r\u00e9duite \u00e0 dix, puis finalement bien pay\u00e9e (2-1). Alors que les Marseillais avaient ouvert le score par Timothy Weah, certes contre le cours du jeu, Kylian Mbapp\u00e9 a calm\u00e9 tout le monde en transformant deux penalties pour \u00e9galiser et offrir le succ\u00e8s \u00e0 son \u00e9quipe. L\u2019OM se consolera en se disant que la seconde p\u00e9riode a \u00e9t\u00e9 bien plus coh\u00e9rente.\u00a0<\/p>\n<p>L\u2019OM est pass\u00e9 par absolument toutes les \u00e9motions, \u00e0 Bernabeu, pour son premier match de Ligue des champions depuis bien trop longtemps. Les Phoc\u00e9ens ont d\u2019abord \u00e9t\u00e9 tout heureux de rentrer au vestiaire avec un score de parit\u00e9, tant la premi\u00e8re p\u00e9riode a parfois ressembl\u00e9 \u00e0 un cauchemar, mat\u00e9rialis\u00e9 par les dix arr\u00eats de Geronimo Rulli, notamment face \u00e0 Rodrygo (8e), Kylian Mbapp\u00e9 (10e), Aur\u00e9lien Tchouam\u00e9ni (33e) ou encore Franco Mastantuono (45e+3). Marseille, trop h\u00e9sitant \u00e0 la relance et impr\u00e9cis dans ses choix, a parfois pris le bouillon, et s&rsquo;est retrouv\u00e9 miracul\u00e9.\u00a0<\/p>\n<p>Weah, dont acte<\/p>\n<p>Heureux, aussi, d\u2019avoir le droit d\u2019y croire apr\u00e8s l\u2019ouverture du score sign\u00e9e Timothy Weah, cons\u00e9cutive \u00e0 une r\u00e9cup\u00e9ration haute de Mason Greenwood sur Arda G\u00fcler (0-1, 22e). Au supplice derri\u00e8re, l\u2019OM a paradoxalement montr\u00e9 de belles choses devant, en se montrant dangereux sur ses quelques incursions dans la moiti\u00e9 de terrain adverse. Pierre-Emerick Aubameyang, d\u2019ailleurs, pourra regretter son face-\u00e0-face manqu\u00e9 avec Thibaut Courtois (39e). Dix minutes auparavant, Mbapp\u00e9 avait \u00e9galis\u00e9 avec un penalty conc\u00e9d\u00e9 par Geoffrey Kondogbia sur Rodrygo (1-1, 29e).\u00a0Nouvelle \u00e9motion : la frustration.\u00a0<\/p>\n<p>Au retour des vestiaires, on s\u2019attendait \u00e0 un bis repetita. Mais non. Le Real Madrid est nettement descendu d\u2019un cran, \u00e0 moins que ce soit l\u2019OM qui soit mont\u00e9 en puissance, apr\u00e8s avoir pris la mesure des enjeux d\u2019une telle rencontre. Le club phoc\u00e9en a m\u00eame re\u00e7u un petit coup de pouce du destin quand Dani Carvajal s\u2019est rendu coupable d\u2019un coup de t\u00eate sur Rulli, synonyme d\u2019expulsion (72e). \u00c0 onze contre dix, il y avait la place pour aller chercher une victoire inesp\u00e9r\u00e9e. Mais le Real reste le Real, surtout en Ligue des champions.\u00a0<\/p>\n<p>Ainsi, les hommes de Xabi Alonso ont b\u00e9n\u00e9fici\u00e9 d\u2019un deuxi\u00e8me penalty apr\u00e8s une main au sol de Facundo Medina, qui venait de tacler devant Vinicius. S\u00e9v\u00e8re mais l\u00e9gitime, avec pour cons\u00e9quence un doubl\u00e9 pour Mbapp\u00e9, m\u00eame si Rulli a effleur\u00e9 son tir (2-1, 81e). Les supporters marseillais pourront pester sur l\u2019arbitrage, puisqu\u2019une main madril\u00e8ne litigieuse a peut-\u00eatre \u00e9t\u00e9 oubli\u00e9e sur une reprise de Kondogbia (32e). Elle aurait pu valoir un penalty. Au regard du nombre de situations franches, les Merengue m\u00e9ritent leur succ\u00e8s, mais Marseille a touch\u00e9 le r\u00eave de si pr\u00e8s alors qu&rsquo;on l&rsquo;imaginait plus loin.\u00a0<\/p>\n<p><img decoding=\"async\" class=\"text-transparent h-full w-full object-cover\" src=\"https:\/\/www.europesays.com\/fr\/wp-content\/uploads\/2025\/09\/image-354b8415-34b2-4f3e-bdd2-527878934f8b-85-2560-1440.jpeg\" alt=\"picture\" data-testid=\"image-high-res\"\/><\/p>\n<p class=\"caption-s6-fx\">\u00ab\u00a0Pour l&rsquo;OM, il y avait largement la place&#8230;\u00a0\u00bb<\/p>\n<p class=\"caption-s6-fx\">Video credit: Eurosport<\/p>\n","protected":false},"excerpt":{"rendered":"Pour l\u2019Olympique de Marseille, c\u2019est un retour au go\u00fbt amer. Alors que les hommes de Roberto De Zerbi&hellip;\n","protected":false},"author":2,"featured_media":396425,"comment_status":"","ping_status":"","sticky":false,"template":"","format":"standard","meta":{"footnotes":""},"categories":[2814],"tags":[1111,11,1777,674,63,1011,27,447,884,12,882,25],"class_list":{"0":"post-396424","1":"post","2":"type-post","3":"status-publish","4":"format-standard","5":"has-post-thumbnail","7":"category-marseille","8":"tag-actu","9":"tag-actualites","10":"tag-eu","11":"tag-europe","12":"tag-football","13":"tag-fr","14":"tag-france","15":"tag-ligue-des-champions","16":"tag-marseille","17":"tag-news","18":"tag-provence-alpes-cote-dazur","19":"tag-republique-francaise"},"share_on_mastodon":{"url":"https:\/\/pubeurope.com\/@fr\/115217191907910394","error":""},"_links":{"self":[{"href":"https:\/\/www.europesays.com\/fr\/wp-json\/wp\/v2\/posts\/396424","targetHints":{"allow":["GET"]}}],"collection":[{"href":"https:\/\/www.europesays.com\/fr\/wp-json\/wp\/v2\/posts"}],"about":[{"href":"https:\/\/www.europesays.com\/fr\/wp-json\/wp\/v2\/types\/post"}],"author":[{"embeddable":true,"href":"https:\/\/www.europesays.com\/fr\/wp-json\/wp\/v2\/users\/2"}],"replies":[{"embeddable":true,"href":"https:\/\/www.europesays.com\/fr\/wp-json\/wp\/v2\/comments?post=396424"}],"version-history":[{"count":0,"href":"https:\/\/www.europesays.com\/fr\/wp-json\/wp\/v2\/posts\/396424\/revisions"}],"wp:featuredmedia":[{"embeddable":true,"href":"https:\/\/www.europesays.com\/fr\/wp-json\/wp\/v2\/media\/396425"}],"wp:attachment":[{"href":"https:\/\/www.europesays.com\/fr\/wp-json\/wp\/v2\/media?parent=396424"}],"wp:term":[{"taxonomy":"category","embeddable":true,"href":"https:\/\/www.europesays.com\/fr\/wp-json\/wp\/v2\/categories?post=396424"},{"taxonomy":"post_tag","embeddable":true,"href":"https:\/\/www.europesays.com\/fr\/wp-json\/wp\/v2\/tags?post=396424"}],"curies":[{"name":"wp","href":"https:\/\/api.w.org\/{rel}","templated":true}]}}