{"id":396432,"date":"2025-09-17T02:10:23","date_gmt":"2025-09-17T02:10:23","guid":{"rendered":"https:\/\/www.europesays.com\/fr\/396432\/"},"modified":"2025-09-17T02:10:23","modified_gmt":"2025-09-17T02:10:23","slug":"de-lor-dune-valeur-inestimable-a-ete-vole-au-museum-national-dhistoire-naturelle-a-paris","status":"publish","type":"post","link":"https:\/\/www.europesays.com\/fr\/396432\/","title":{"rendered":"De l\u2019or d\u2019une valeur \u00ab\u00a0inestimable\u00a0\u00bb a \u00e9t\u00e9 vol\u00e9 au Mus\u00e9um national d\u2019Histoire naturelle \u00e0 Paris"},"content":{"rendered":"<p class=\"article-p mdl\">Le Mus\u00e9um national d\u2019Histoire naturelle \u00e0 Paris a \u00e9t\u00e9 <strong>cambriol\u00e9 dans la nuit du lundi 15 au mardi 16 septembre.<\/strong> \u00ab\u00a0Plusieurs sp\u00e9cimens d\u2019or natif\u00a0\u00bb, l\u2019or sous sa forme naturelle, \u00ab\u00a0issus des collections nationales conserv\u00e9es par le Mus\u00e9um\u00a0\u00bb ont \u00e9t\u00e9 vol\u00e9s dans la galerie de g\u00e9ologie et de min\u00e9ralogie du site du Jardin des Plantes.\u2028<\/p>\n<p class=\"article-p mdl\">La galerie \u00ab\u00a0reste ferm\u00e9e au public jusqu\u2019\u00e0 nouvel ordre et fait l\u2019objet de mesures renforc\u00e9es\u00a0\u00bb, indique le service de presse du Mus\u00e9um.\u2028<\/p>\n<p class=\"article-p mdl\">\u00ab\u00a0Si la valeur des sp\u00e9cimens d\u00e9rob\u00e9s est \u00e9valu\u00e9e au prix de l&rsquo;or brut \u00e0 environ <strong>600.000 euros,<\/strong> ils rev\u00eatent cependant <strong>une valeur patrimoniale inestimable\u00a0\u00bb<\/strong>, indique la m\u00eame source.\u2028<\/p>\n<p class=\"article-p mdl\">Les lieux culturels de France sont devenus une cible privil\u00e9gi\u00e9e des voleurs ces derniers mois. Le Mus\u00e9um souligne que<strong> \u00ab\u00a0cet \u00e9v\u00e9nement intervient dans un contexte critique pour les \u00e9tablissements culturels et notamment les mus\u00e9es\u00a0\u00bb,<\/strong> pr\u00e9cisant que \u00ab\u00a0plusieurs collections publiques ont en effet \u00e9t\u00e9 victimes de vols ces derniers mois\u00a0\u00bb.\u2028<\/p>\n<p class=\"article-p mdl\">Au d\u00e9but du mois, c\u2019est le mus\u00e9e national Adrien Dubouch\u00e9 de\u00a0<a class=\"link\" href=\"https:\/\/www.rtl.fr\/culture\/arts-spectacles\/musee-de-limoges-cambriole-estimees-a-6-millions-d-euros-les-pieces-de-porcelaine-volees-peuvent-elles-etre-revendues-7900537704\" title=\"Mus\u00e9e de Limoges cambriol\u00e9 : les pi\u00e8ces vol\u00e9es estim\u00e9es \u00e0 6 millions d&#039;euros peuvent-elles \u00eatre revendues ?\" target=\"_blank\" rel=\"noopener\">Limoges<\/a>\u00a0qui a \u00e9t\u00e9 cambriol\u00e9. Deux plats et un vase en porcelaine de Chine, class\u00e9s Tr\u00e9sors nationaux, ont \u00e9t\u00e9 d\u00e9rob\u00e9s, pour un pr\u00e9judice global estim\u00e9 \u00e0 plusieurs millions d&rsquo;euros.<\/p>\n<p>    La r\u00e9daction vous recommande<\/p>\n<p class=\"s-newsletter__title\">\n                L\u2019actualit\u00e9 par la r\u00e9daction de RTL dans votre bo\u00eete mail.\n            <\/p>\n<p class=\"s-newsletter__subtitle\">\n                Gr\u00e2ce \u00e0 votre compte RTL abonnez-vous \u00e0 la newsletter RTL info pour suivre toute l&rsquo;actualit\u00e9 au quotidien\n            <\/p>\n<p>\n                                    Lire la suite\n                                <\/p>\n","protected":false},"excerpt":{"rendered":"Le Mus\u00e9um national d\u2019Histoire naturelle \u00e0 Paris a \u00e9t\u00e9 cambriol\u00e9 dans la nuit du lundi 15 au mardi&hellip;\n","protected":false},"author":2,"featured_media":396433,"comment_status":"","ping_status":"","sticky":false,"template":"","format":"standard","meta":{"footnotes":""},"categories":[1888],"tags":[1111,1928,11,1927,9462,1777,674,107,1011,27,3048,12,1926,626,1925,25,1175],"class_list":{"0":"post-396432","1":"post","2":"type-post","3":"status-publish","4":"format-standard","5":"has-post-thumbnail","7":"category-paris","8":"tag-actu","9":"tag-actu-paris","10":"tag-actualites","11":"tag-actualites-paris","12":"tag-cambriolages","13":"tag-eu","14":"tag-europe","15":"tag-fil-info","16":"tag-fr","17":"tag-france","18":"tag-musee","19":"tag-news","20":"tag-news-paris","21":"tag-paris","22":"tag-paris-news","23":"tag-republique-francaise","24":"tag-vol"},"share_on_mastodon":{"url":"https:\/\/pubeurope.com\/@fr\/115217211323307550","error":""},"_links":{"self":[{"href":"https:\/\/www.europesays.com\/fr\/wp-json\/wp\/v2\/posts\/396432","targetHints":{"allow":["GET"]}}],"collection":[{"href":"https:\/\/www.europesays.com\/fr\/wp-json\/wp\/v2\/posts"}],"about":[{"href":"https:\/\/www.europesays.com\/fr\/wp-json\/wp\/v2\/types\/post"}],"author":[{"embeddable":true,"href":"https:\/\/www.europesays.com\/fr\/wp-json\/wp\/v2\/users\/2"}],"replies":[{"embeddable":true,"href":"https:\/\/www.europesays.com\/fr\/wp-json\/wp\/v2\/comments?post=396432"}],"version-history":[{"count":0,"href":"https:\/\/www.europesays.com\/fr\/wp-json\/wp\/v2\/posts\/396432\/revisions"}],"wp:featuredmedia":[{"embeddable":true,"href":"https:\/\/www.europesays.com\/fr\/wp-json\/wp\/v2\/media\/396433"}],"wp:attachment":[{"href":"https:\/\/www.europesays.com\/fr\/wp-json\/wp\/v2\/media?parent=396432"}],"wp:term":[{"taxonomy":"category","embeddable":true,"href":"https:\/\/www.europesays.com\/fr\/wp-json\/wp\/v2\/categories?post=396432"},{"taxonomy":"post_tag","embeddable":true,"href":"https:\/\/www.europesays.com\/fr\/wp-json\/wp\/v2\/tags?post=396432"}],"curies":[{"name":"wp","href":"https:\/\/api.w.org\/{rel}","templated":true}]}}