{"id":396436,"date":"2025-09-17T02:12:20","date_gmt":"2025-09-17T02:12:20","guid":{"rendered":"https:\/\/www.europesays.com\/fr\/396436\/"},"modified":"2025-09-17T02:12:20","modified_gmt":"2025-09-17T02:12:20","slug":"je-me-suis-fait-tirer-dessus-trois-hommes-juges-aux-assises-pour-la-mort-du-gerant-dune-chicha-a-asnieres","status":"publish","type":"post","link":"https:\/\/www.europesays.com\/fr\/396436\/","title":{"rendered":"\u00ab\u00a0Je me suis fait tirer dessus\u2026\u00a0\u00bb\u00a0: trois hommes jug\u00e9s aux assises pour la mort du g\u00e9rant d\u2019une chicha \u00e0 Asni\u00e8res"},"content":{"rendered":"<p class=\"paragraph text_align_left lp-f-body-02\">Un braquage rat\u00e9 commis par des malfaiteurs maladroits ? Un compte que les agresseurs avaient \u00e0 r\u00e9gler directement avec la victime ? L\u2019ex\u00e9cution d\u2019un contrat ? Si oui, commandit\u00e9 par qui et pour quelle raison ? C\u2019est tout ce qui se joue au <a href=\"https:\/\/www.leparisien.fr\/hauts-de-seine-92\/jeune-abattu-a-bois-colombes-trois-suspects-mis-en-examen-deux-d-entre-eux-places-en-detention-provisoire-06-12-2020-8412723.php\" target=\"_blank\" rel=\"noreferrer noopener\">proc\u00e8s de trois hommes<\/a> jug\u00e9s depuis lundi par la cour d\u2019assises des Hauts-de-Seine, \u00e0 Nanterre. Deux sont accus\u00e9s d\u2019assassinat quand le troisi\u00e8me est poursuivi pour association de malfaiteurs, pour avoir aid\u00e9 \u00e0 r\u00e9cup\u00e9rer une arme notamment.<\/p>\n<p class=\"paragraph text_align_left lp-f-body-02\">Yassine A. et David L., 44 et 43 ans, contestent clairement le meurtre avec pr\u00e9m\u00e9ditation qui leur est reproch\u00e9, celui d\u2019un homme de 26 ans <a href=\"https:\/\/www.leparisien.fr\/hauts-de-seine-92\/bois-colombes-un-jeune-homme-tue-en-pleine-rue-03-12-2020-8412022.php\" target=\"_blank\" rel=\"noreferrer noopener\">tu\u00e9 de deux balles dans le dos dans la nuit du 2 au 3 d\u00e9cembre 2020<\/a> \u00e0 la lisi\u00e8re d\u2019Asni\u00e8res et Bois-Colombes. La victime, Oussama K., \u00e9tait le g\u00e9rant du News caf\u00e9, un bar \u00e0 chicha de la rue des Bourguignons \u00e0 Asni\u00e8res.<\/p>\n","protected":false},"excerpt":{"rendered":"Un braquage rat\u00e9 commis par des malfaiteurs maladroits ? Un compte que les agresseurs avaient \u00e0 r\u00e9gler directement&hellip;\n","protected":false},"author":2,"featured_media":396437,"comment_status":"","ping_status":"","sticky":false,"template":"","format":"standard","meta":{"footnotes":""},"categories":[1888],"tags":[11,1777,674,118,1011,27,3314,1944,12,626,25],"class_list":{"0":"post-396436","1":"post","2":"type-post","3":"status-publish","4":"format-standard","5":"has-post-thumbnail","7":"category-paris","8":"tag-actualites","9":"tag-eu","10":"tag-europe","11":"tag-faits-divers","12":"tag-fr","13":"tag-france","14":"tag-hauts-de-seine","15":"tag-ma-ville","16":"tag-news","17":"tag-paris","18":"tag-republique-francaise"},"share_on_mastodon":{"url":"https:\/\/pubeurope.com\/@fr\/115217219149788357","error":""},"_links":{"self":[{"href":"https:\/\/www.europesays.com\/fr\/wp-json\/wp\/v2\/posts\/396436","targetHints":{"allow":["GET"]}}],"collection":[{"href":"https:\/\/www.europesays.com\/fr\/wp-json\/wp\/v2\/posts"}],"about":[{"href":"https:\/\/www.europesays.com\/fr\/wp-json\/wp\/v2\/types\/post"}],"author":[{"embeddable":true,"href":"https:\/\/www.europesays.com\/fr\/wp-json\/wp\/v2\/users\/2"}],"replies":[{"embeddable":true,"href":"https:\/\/www.europesays.com\/fr\/wp-json\/wp\/v2\/comments?post=396436"}],"version-history":[{"count":0,"href":"https:\/\/www.europesays.com\/fr\/wp-json\/wp\/v2\/posts\/396436\/revisions"}],"wp:featuredmedia":[{"embeddable":true,"href":"https:\/\/www.europesays.com\/fr\/wp-json\/wp\/v2\/media\/396437"}],"wp:attachment":[{"href":"https:\/\/www.europesays.com\/fr\/wp-json\/wp\/v2\/media?parent=396436"}],"wp:term":[{"taxonomy":"category","embeddable":true,"href":"https:\/\/www.europesays.com\/fr\/wp-json\/wp\/v2\/categories?post=396436"},{"taxonomy":"post_tag","embeddable":true,"href":"https:\/\/www.europesays.com\/fr\/wp-json\/wp\/v2\/tags?post=396436"}],"curies":[{"name":"wp","href":"https:\/\/api.w.org\/{rel}","templated":true}]}}