{"id":396450,"date":"2025-09-17T02:20:15","date_gmt":"2025-09-17T02:20:15","guid":{"rendered":"https:\/\/www.europesays.com\/fr\/396450\/"},"modified":"2025-09-17T02:20:15","modified_gmt":"2025-09-17T02:20:15","slug":"vers-la-guerre-civile-lavertissement-glacant-de-david-betz-et-rod-dreher","status":"publish","type":"post","link":"https:\/\/www.europesays.com\/fr\/396450\/","title":{"rendered":"vers la guerre civile ? L\u2019avertissement gla\u00e7ant de David Betz et Rod Dreher"},"content":{"rendered":"<p style=\"text-align: justify;\">\u00ab\u00a0<strong>Civil war is coming<\/strong>\u00a0\u00bb, a lanc\u00e9 sans d\u00e9tour David Betz, professeur et directeur du d\u00e9partement d\u2019\u00e9tudes de guerre au King\u2019s College de Londres, lors d\u2019une conf\u00e9rence donn\u00e9e jeudi soir \u00e0 Budapest. Sp\u00e9cialiste reconnu des conflits internes, Betz estime que\u00a0<strong>toutes les conditions d\u2019une guerre civile sont r\u00e9unies en Occident<\/strong>, et qu\u2019il ne manque qu\u2019une \u00e9tincelle pour d\u00e9clencher l\u2019embrasement.<\/p>\n<p>De la th\u00e9orie \u00e0 la r\u00e9alit\u00e9 : l\u2019assassinat de Charlie Kirk<\/p>\n<p style=\"text-align: justify;\"><a href=\"https:\/\/europeanconservative.com\/articles\/commentary\/civil-war-approaches\/\" target=\"_blank\" rel=\"noopener\">Pour Rod Dreher, journaliste et chercheur au Danube Institut<\/a>e, cette \u00e9tincelle pourrait bien avoir eu lieu avec l\u2019assassinat de\u00a0<a href=\"https:\/\/www.breizh-info.com\/2025\/09\/11\/251044\/charlie-kirk-1993-2025-itineraire-dun-agitateur-didees-devenu-porte-voix-dune-jeunesse-conservatrice\/\" target=\"_blank\" rel=\"noopener\"><strong>Charlie Kirk<\/strong><\/a>, figure conservatrice am\u00e9ricaine de 31 ans, abattu sur un campus de l\u2019Utah devant sa femme et ses deux enfants. Kirk, fondateur de Turning Point USA, \u00e9tait connu pour ses d\u00e9bats sur les campus, d\u00e9fendant des valeurs conservatrices dans un esprit de confrontation pacifique.<\/p>\n<p style=\"text-align: justify;\">\u00ab\u00a0<strong>When we stop talking to each other and arguing our differences, that\u2019s when people turn to violence, and I\u2019m trying to prevent that<\/strong> \u00bb, rappelait-il un jour pour justifier son engagement. Ironie tragique : c\u2019est pr\u00e9cis\u00e9ment pour avoir incarn\u00e9 ce dialogue qu\u2019il a \u00e9t\u00e9 tu\u00e9. Sur les r\u00e9seaux sociaux, Dreher note que\u00a0<strong>des milliers de militants de gauche ont ouvertement c\u00e9l\u00e9br\u00e9 sa mort<\/strong>\u00a0\u2013 parmi eux, des enseignants, des infirmiers et m\u00eame des militaires am\u00e9ricains. \u00ab Nous sommes d\u00e9sormais deux nations \u00bb, \u00e9crit-il, soulignant la fracture irr\u00e9versible du pays.<\/p>\n<p style=\"text-align: justify;\">Pour Betz, cit\u00e9 par Dreher, une guerre civile moderne ne ressemblerait pas \u00e0 deux arm\u00e9es en uniforme s\u2019affrontant sur un champ de bataille, mais \u00e0 un chaos violent \u00e0 la mani\u00e8re de l\u2019Irlande du Nord, de l\u2019Italie des ann\u00e9es de plomb, ou encore de l\u2019explosion de la Yougoslavie. Des millions de morts et de d\u00e9plac\u00e9s sont \u00e0 craindre en Europe comme aux \u00c9tats-Unis.<\/p>\n<p style=\"text-align: justify;\">Dreher souligne d\u2019ailleurs un parall\u00e8le gla\u00e7ant : \u00ab Juste avant la catastrophe yougoslave, les sondages montraient que la majorit\u00e9 des habitants estimaient bien s\u2019entendre entre ethnies et religions. En un instant, tout a bascul\u00e9. \u00bb<\/p>\n<p>Trump face \u00e0 l\u2019Antifa et au transactivisme<\/p>\n<p style=\"text-align: justify;\">Rod Dreher estime que l\u2019administration Trump, proche de Charlie Kirk, ne se contentera pas de \u00ab d\u00e9clarations attrist\u00e9es \u00bb : \u00ab\u00a0<strong>Trump, avec le soutien du Congr\u00e8s r\u00e9publicain, est probablement sur le point de lancer une guerre contre Antifa et contre le transactivisme sous toutes ses formes.<\/strong>\u00a0\u00bb<\/p>\n<p style=\"text-align: justify;\">Dreher d\u00e9crit une id\u00e9ologie trans qui a \u00ab absorb\u00e9 des foules de personnes fragiles, leur permettant de valoriser leur psychose et de l\u2019armer contre les gens normaux \u00bb. Selon lui, seule une r\u00e9pression politique et judiciaire massive pourrait mettre fin \u00e0 cette spirale.<\/p>\n<p style=\"text-align: justify;\">Si Dreher voit aux \u00c9tats-Unis une volont\u00e9 politique de r\u00e9sistance, il d\u00e9nonce en revanche l\u2019attitude des \u00e9lites europ\u00e9ennes, \u00ab totalement d\u00e9connect\u00e9es des peuples \u00bb, qui pr\u00e9f\u00e8rent, dit-il, r\u00e9primer l\u2019opinion publique au moyen de textes comme le\u00a0<strong>Digital Services Act<\/strong>\u00a0de l\u2019UE, plut\u00f4t que de r\u00e9pondre aux inqui\u00e9tudes r\u00e9elles des populations.<\/p>\n<p style=\"text-align: justify;\">La conclusion de Dreher, pourtant sombre, reste un appel \u00e0 la lucidit\u00e9 :<\/p>\n<p style=\"text-align: justify;\">\u00ab Ces jours-ci ressemblent \u00e0 ce que l\u2019on imagine avoir \u00e9t\u00e9 l\u2019atmosph\u00e8re en Europe \u00e0 l\u2019\u00e9t\u00e9 1914, au bord de la guerre suicidaire qui faillit faire tomber notre civilisation. Betz, expert de la guerre civile, redoute ce qui vient mais pense qu\u2019il n\u2019y a plus d\u2019issue. Nous devons esp\u00e9rer et prier qu\u2019il se trompe. Mais l\u2019espoir et la pri\u00e8re ne sont pas une strat\u00e9gie. \u00bb<\/p>\n<p style=\"text-align: justify;\">Autrement dit : rien n\u2019est \u00e9crit d\u2019avance, mais la passivit\u00e9 face \u00e0 la violence id\u00e9ologique pourrait pr\u00e9cipiter l\u2019Occident dans un gouffre dont il ne se rel\u00e8verait pas.<\/p>\n<p style=\"text-align: justify;\">Cr\u00e9dit photo : DR<br \/>[cc] Article relu et corrig\u00e9 (orthographe, syntaxe) par ChatGPT. Breizh-info.com, 2025, d\u00e9p\u00eaches libres de copie et de diffusion sous r\u00e9serve de mention et de lien vers la source d\u2019origine..\u00a0<\/p>\n","protected":false},"excerpt":{"rendered":"\u00ab\u00a0Civil war is coming\u00a0\u00bb, a lanc\u00e9 sans d\u00e9tour David Betz, professeur et directeur du d\u00e9partement d\u2019\u00e9tudes de guerre&hellip;\n","protected":false},"author":2,"featured_media":396451,"comment_status":"","ping_status":"","sticky":false,"template":"","format":"standard","meta":{"footnotes":""},"categories":[1586],"tags":[11,1777,674,1011,27,23483,12,25,52825],"class_list":{"0":"post-396450","1":"post","2":"type-post","3":"status-publish","4":"format-standard","5":"has-post-thumbnail","7":"category-europe","8":"tag-actualites","9":"tag-eu","10":"tag-europe","11":"tag-fr","12":"tag-france","13":"tag-guerre-civile","14":"tag-news","15":"tag-republique-francaise","16":"tag-rod-dreher"},"share_on_mastodon":{"url":"https:\/\/pubeurope.com\/@fr\/115217250699993711","error":""},"_links":{"self":[{"href":"https:\/\/www.europesays.com\/fr\/wp-json\/wp\/v2\/posts\/396450","targetHints":{"allow":["GET"]}}],"collection":[{"href":"https:\/\/www.europesays.com\/fr\/wp-json\/wp\/v2\/posts"}],"about":[{"href":"https:\/\/www.europesays.com\/fr\/wp-json\/wp\/v2\/types\/post"}],"author":[{"embeddable":true,"href":"https:\/\/www.europesays.com\/fr\/wp-json\/wp\/v2\/users\/2"}],"replies":[{"embeddable":true,"href":"https:\/\/www.europesays.com\/fr\/wp-json\/wp\/v2\/comments?post=396450"}],"version-history":[{"count":0,"href":"https:\/\/www.europesays.com\/fr\/wp-json\/wp\/v2\/posts\/396450\/revisions"}],"wp:featuredmedia":[{"embeddable":true,"href":"https:\/\/www.europesays.com\/fr\/wp-json\/wp\/v2\/media\/396451"}],"wp:attachment":[{"href":"https:\/\/www.europesays.com\/fr\/wp-json\/wp\/v2\/media?parent=396450"}],"wp:term":[{"taxonomy":"category","embeddable":true,"href":"https:\/\/www.europesays.com\/fr\/wp-json\/wp\/v2\/categories?post=396450"},{"taxonomy":"post_tag","embeddable":true,"href":"https:\/\/www.europesays.com\/fr\/wp-json\/wp\/v2\/tags?post=396450"}],"curies":[{"name":"wp","href":"https:\/\/api.w.org\/{rel}","templated":true}]}}