{"id":396462,"date":"2025-09-17T02:31:38","date_gmt":"2025-09-17T02:31:38","guid":{"rendered":"https:\/\/www.europesays.com\/fr\/396462\/"},"modified":"2025-09-17T02:31:38","modified_gmt":"2025-09-17T02:31:38","slug":"moto-gp-linspiration-geniale-de-fabio-quartararo-avec-sa-yamaha","status":"publish","type":"post","link":"https:\/\/www.europesays.com\/fr\/396462\/","title":{"rendered":"Moto GP | L&rsquo;inspiration g\u00e9niale de Fabio Quartararo avec sa Yamaha"},"content":{"rendered":"<p><strong>Une semaine apr\u00e8s sa deuxi\u00e8me place ind\u00e9cente lors de la course sprint de Catalogne, Fabio Quartararo a prouv\u00e9 que les week-ends se suivaient mais ne se ressemblaient pas pour lui.<\/strong><\/p>\n<p>Fabio Quartararo ne voit pas la ligne d\u2019arriv\u00e9e en course sprint<\/p>\n<p>Une semaine apr\u00e8s avoir sign\u00e9 <a href=\"https:\/\/fflose.com\/moto-gp-la-chute-se-poursuit-pour-fabio-quartararo\/\" target=\"_blank\" rel=\"noopener\">le deuxi\u00e8me chrono lors des qualifications en Catalogne<\/a>, Fabio Quartararo est rest\u00e9 sur la premi\u00e8re ligne \u00e0 Misano, avec le troisi\u00e8me temps. Une menace donc pour la course sprint \u00e0 venir. Mais avant m\u00eame le passage du premier virage,\u00a0El Diablo\u00a0perd une position aux d\u00e9pens de Marc Marquez. D\u00e8s lors, le Fran\u00e7ais va s\u2019accrocher \u00e0 sa quatri\u00e8me place, et faire le forcing pour se rapprocher d\u2019Alex Marquez juste devant lui. Mais sous la pression d\u2019un autre Fabio, Di Giannantonio, le pilote Yamaha perd le contr\u00f4le de sa moto et termine dans le bac \u00e0 graviers de Misano. Il n\u2019a fallu que cinq petits tours \u00e0 Quartararo pour nous d\u00e9tendre \u00e0 nouveau, et appr\u00e9cier la fin de la course sans le moindre stress.<\/p>\n<blockquote class=\"twitter-tweet\">\n<p dir=\"ltr\" lang=\"fr\">C\u2019est la chute pour Fabio Quartararo ! \ud83d\ude14\ud83c\uddeb\ud83c\uddf7<a href=\"https:\/\/twitter.com\/hashtag\/SanMarinoGP?src=hash&amp;ref_src=twsrc%5Etfw\" target=\"_blank\" rel=\"noopener\">#SanMarinoGP<\/a> | <a href=\"https:\/\/twitter.com\/hashtag\/MotoGP?src=hash&amp;ref_src=twsrc%5Etfw\" target=\"_blank\" rel=\"noopener\">#MotoGP<\/a> <a href=\"https:\/\/t.co\/zfhVJgzxXX\">pic.twitter.com\/zfhVJgzxXX<\/a><\/p>\n<p>\u2014 CANAL+ MotoGP\u2122 (@CanalplusMotoGP) <a href=\"https:\/\/twitter.com\/CanalplusMotoGP\/status\/1966852588105617427?ref_src=twsrc%5Etfw\" target=\"_blank\" rel=\"noopener\">September 13, 2025<\/a><\/p>\n<\/blockquote>\n<p>C\u00f4t\u00e9 fran\u00e7ais, Johann Zarco prend la onzi\u00e8me place finale, et s\u2019assure de ne pas figurer dans le top 9, synonyme de points. On appr\u00e9cie ce genre d\u2019attentions.<\/p>\n<p>                         <a href=\"https:\/\/fflose.com\/author\/tomgaleron\/\" class=\"url\" title=\"Tom\" target=\"_blank\" rel=\"noopener\"> <img loading=\"lazy\" decoding=\"async\" alt=\"Tom\" src=\"https:\/\/www.europesays.com\/fr\/wp-content\/uploads\/2025\/09\/1758076298_477_fa539669b9b6c266044bdafc0534c1c7e71784259f6e9e9e6fab2d5d73302c49\"  class=\"avatar avatar-250 photo\" height=\"250\" width=\"250\"\/><\/a> <\/p>\n<p>Natif de Marseille, autant vous dire qu&rsquo;il est pr\u00e9f\u00e9rable de ne pas me parler de football en ce moment. Merci pour votre compr\u00e9hension.<\/p>\n<p> <a href=\"https:\/\/fflose.com\/author\/tomgaleron\/\" class=\"url\" title=\"Tom\" target=\"_blank\" rel=\"noopener\"><img loading=\"lazy\" decoding=\"async\" alt=\"Tom\" src=\"https:\/\/www.europesays.com\/fr\/wp-content\/uploads\/2025\/09\/1758076298_477_fa539669b9b6c266044bdafc0534c1c7e71784259f6e9e9e6fab2d5d73302c49\"  class=\"avatar avatar-250 photo\" height=\"250\" width=\"250\"\/><\/a>  <\/p>\n<p><script async src=\"https:\/\/platform.twitter.com\/widgets.js\" charset=\"utf-8\"><\/script><\/p>\n","protected":false},"excerpt":{"rendered":"Une semaine apr\u00e8s sa deuxi\u00e8me place ind\u00e9cente lors de la course sprint de Catalogne, Fabio Quartararo a prouv\u00e9&hellip;\n","protected":false},"author":2,"featured_media":396463,"comment_status":"","ping_status":"","sticky":false,"template":"","format":"standard","meta":{"footnotes":""},"categories":[1413],"tags":[1011,27,1457,1456,60],"class_list":{"0":"post-396462","1":"post","2":"type-post","3":"status-publish","4":"format-standard","5":"has-post-thumbnail","7":"category-moto","8":"tag-fr","9":"tag-france","10":"tag-moto","11":"tag-motocycle","12":"tag-sports"},"share_on_mastodon":{"url":"https:\/\/pubeurope.com\/@fr\/115217294312608205","error":""},"_links":{"self":[{"href":"https:\/\/www.europesays.com\/fr\/wp-json\/wp\/v2\/posts\/396462","targetHints":{"allow":["GET"]}}],"collection":[{"href":"https:\/\/www.europesays.com\/fr\/wp-json\/wp\/v2\/posts"}],"about":[{"href":"https:\/\/www.europesays.com\/fr\/wp-json\/wp\/v2\/types\/post"}],"author":[{"embeddable":true,"href":"https:\/\/www.europesays.com\/fr\/wp-json\/wp\/v2\/users\/2"}],"replies":[{"embeddable":true,"href":"https:\/\/www.europesays.com\/fr\/wp-json\/wp\/v2\/comments?post=396462"}],"version-history":[{"count":0,"href":"https:\/\/www.europesays.com\/fr\/wp-json\/wp\/v2\/posts\/396462\/revisions"}],"wp:featuredmedia":[{"embeddable":true,"href":"https:\/\/www.europesays.com\/fr\/wp-json\/wp\/v2\/media\/396463"}],"wp:attachment":[{"href":"https:\/\/www.europesays.com\/fr\/wp-json\/wp\/v2\/media?parent=396462"}],"wp:term":[{"taxonomy":"category","embeddable":true,"href":"https:\/\/www.europesays.com\/fr\/wp-json\/wp\/v2\/categories?post=396462"},{"taxonomy":"post_tag","embeddable":true,"href":"https:\/\/www.europesays.com\/fr\/wp-json\/wp\/v2\/tags?post=396462"}],"curies":[{"name":"wp","href":"https:\/\/api.w.org\/{rel}","templated":true}]}}