{"id":396466,"date":"2025-09-17T02:33:16","date_gmt":"2025-09-17T02:33:16","guid":{"rendered":"https:\/\/www.europesays.com\/fr\/396466\/"},"modified":"2025-09-17T02:33:16","modified_gmt":"2025-09-17T02:33:16","slug":"cyclisme-interview-marc-madiot-on-a-fait-le-tour-a-peu-pres","status":"publish","type":"post","link":"https:\/\/www.europesays.com\/fr\/396466\/","title":{"rendered":"Cyclisme. INTERVIEW &#8211; Marc Madiot : \u00abOn a fait le tour \u00e0 peu pr\u00e8s&#8230; \u00bb"},"content":{"rendered":"<p> Lire la suite de l&rsquo;article&#13;<\/p>\n<p>\u00a0<\/p>\n<p>&#13;<br \/>\n\u00ab\u00a0David (Gaudu) a montr\u00e9 qu\u2019avec de la constance, il peut battre les meilleurs&#8230;\u00a0\u00bb&#13;<\/p>\n<p><strong>\u00c7a fait plaisir de vous revoir, \u00e7a faisait un petit moment. Avant de commencer, dimanche soir, ce podium improvis\u00e9 entre coureurs apr\u00e8s ce qui s\u2019est pass\u00e9 dans les rues de Madrid, \u00e7a vous a plu ou pas ?<\/strong><\/p>\n<p>&#13;<\/p>\n<p>Oui, j\u2019ai trouv\u00e9 \u00e7a rafra\u00eechissant. Les coureurs et les \u00e9quipes ont eu une bonne attitude face \u00e0 la situation. C\u2019\u00e9tait un petit message : \u00ab\u00a0il y a eu une perturbation, mais on est capables d\u2019assumer la suite de la course\u00a0\u00bb. Un protocole improvis\u00e9, mais qui avait du sens.<\/p>\n<p>&#13;<\/p>\n<p>\u00a0<\/p>\n<p>&#13;<\/p>\n<p><strong>Un parking d\u2019h\u00f4tel pour l\u2019arriv\u00e9e d\u2019un grand Tour, \u00e7a pique un peu, non ?<\/strong><\/p>\n<p>&#13;<\/p>\n<p>Non non j&rsquo;ai trouv\u00e9 qu&rsquo;ils ont pris les choses du bon c\u00f4t\u00e9.<\/p>\n<p>&#13;<\/p>\n<p>\u00a0<\/p>\n<p>&#13;<\/p>\n<p><strong>Ton ami Richard Plugge a eu une belle id\u00e9e finalement ?<\/strong><\/p>\n<p>&#13;<\/p>\n<p>Oui, totalement.<\/p>\n<p>&#13;<\/p>\n<p>\u00a0<\/p>\n<p>&#13;<\/p>\n<p><strong>Qu\u2019avez-vous pens\u00e9 de la Vuelta de votre \u00e9quipe, notamment de David Gaudu ou des jeunes comme Brieuc Rolland ou Thibaud Gruel ?<\/strong><\/p>\n<p>&#13;<\/p>\n<p>Il y a des motifs de satisfaction : une victoire d\u2019\u00e9tape, un maillot de leader, de belles performances de nos jeunes coureurs. On regrette la chute de Guillaume Martin-Guyonnet d\u00e8s le premier jour, qui nous a beaucoup handicap\u00e9s au g\u00e9n\u00e9ral. Le b\u00e9mol, c\u2019est David (Gaudu) qui n\u2019a pas r\u00e9pondu pr\u00e9sent en deuxi\u00e8me partie de course. Mais globalement, l\u2019\u00e9quipe a bien fonctionn\u00e9. David a montr\u00e9 qu\u2019avec de la constance, il peut battre les meilleurs, donc on va s&rsquo;appuyer la-dessus pour la suite.<\/p>\n<p>&#13;<\/p>\n<p>\u00a0<\/p>\n<p>&#13;<\/p>\n<p><strong>Comment expliquez-vous ces variations de forme de David Gaudu ?<\/strong><\/p>\n<p>&#13;<\/p>\n<p>Sa saison a \u00e9t\u00e9 en dents de scie. Il est urgent pour lui de repartir sur des bases claires et saines durant l\u2019intersaison. Sa saison 2026 se joue d\u00e8s maintenant : il doit se reconditionner mentalement et physiquement pour \u00eatre performant l\u2019an prochain.<\/p>\n<p>&#13;<\/p>\n<p>\u00a0<\/p>\n<p>&#13;<\/p>\n<p><strong>Et des nouvelles de Guillaume Martin ?<\/strong><\/p>\n<p>&#13;<\/p>\n<p>Oui, il a repris l\u2019entra\u00eenement et il a envie de recourir. C\u2019\u00e9tait une grosse perte pour nous, surtout en montagne o\u00f9 sa r\u00e9gularit\u00e9 aurait pu nous donner un beau classement.<\/p>\n<p>&#13;<\/p>\n<p>\u00a0<\/p>\n<p>&#13;<br \/>\n\u00ab\u00a0Romain Gr\u00e9goire n\u2019\u00e9tait pas sp\u00e9cialement candidat aux Mondiaux&#8230;\u00a0\u00bb&#13;<\/p>\n<p><strong>On est \u00e0 13 victoires pour Groupama-FDJ, une \u00e9tape et un maillot de leader sur un grand Tour. Que vous dites-vous \u00e0 ce stade de la saison ?<\/strong><\/p>\n<p>&#13;<\/p>\n<p>Qu\u2019il reste des courses \u00e0 gagner ! Paris-Tours notamment, que j\u2019aime bien terminer sur une belle note. Ensuite il y a la campagne d\u2019Italie et le Chrono des Nations. J\u2019attends encore des victoires.<\/p>\n<p>&#13;<\/p>\n<p>\u00a0<\/p>\n<p>&#13;<\/p>\n<p><strong>Un coureur vous a surpris, comme Romain Gr\u00e9goire qui a gagn\u00e9 le Tour de Grande-Bretagne devant Evenepoel. Ce n&rsquo;est pas rien ?<\/strong><\/p>\n<p>&#13;<\/p>\n<p>Oui, c\u2019est une grande performance, m\u00eame si pass\u00e9e un peu en arri\u00e8re-plan \u00e0 cause de la Vuelta. Il est sur une bonne dynamique et on peut attendre encore de beaux r\u00e9sultats de lui, notamment sur le <strong><a href=\"https:\/\/www.cyclismactu.net\/..\/news-tour-de-luxembourg-route-parcours-favoris-et-profils-du-85e-skoda-tour-de-luxembourg-90177.html\" target=\"_blank\" rel=\"nofollow noopener\">Tour du Luxembourg<\/a><\/strong> ce mercredi.<\/p>\n<p>&#13;<\/p>\n<p>\u00a0<\/p>\n<p>&#13;<\/p>\n<p><strong>Thomas Voeckler a annonc\u00e9 sa s\u00e9lection pour les Mondiaux de Kigali. Vous avez Valentin Madouas, mais pas Romain Gr\u00e9goire. Surpris ?<\/strong><\/p>\n<p>&#13;<\/p>\n<p>Non, Romain (Gr\u00e9goire) n\u2019\u00e9tait pas sp\u00e9cialement candidat. Il avait le Luxembourg et d\u2019autres objectifs. C\u2019est un choix partag\u00e9 avec le s\u00e9lectionneur.<\/p>\n<p>&#13;<\/p>\n<p>\u00a0<\/p>\n<p>&#13;<\/p>\n<p><strong>Que pensez-vous de cette \u00e9quipe de France ?<\/strong><\/p>\n<p>&#13;<\/p>\n<p>Elle refl\u00e8te l\u2019\u00e9tat du peloton fran\u00e7ais en fin de saison, avec des bless\u00e9s et des coureurs en m\u00e9forme. Thomas Voeckler a fait avec les moyens du moment. On peut exister, sans \u00eatre favoris. Les conditions (altitude, chaleur) seront particuli\u00e8res, mais je suis serein.<\/p>\n<p>&#13;<\/p>\n<p>\u00a0<\/p>\n<p>&#13;<\/p>\n<p><strong>Tout le monde parle de Paul Seixas. Vous en pensez quoi ?<\/strong><\/p>\n<p>&#13;<\/p>\n<p>Je le connais peu, mais ses r\u00e9sultats, sur le Tour de l&rsquo;Avenir notamment, montrent qu\u2019il a du temp\u00e9rament et de la qualit\u00e9. Ce sera pour lui une d\u00e9couverte, utile pour l\u2019avenir.<\/p>\n<p>&#13;<\/p>\n<p>\u00a0<\/p>\n<p>&#13;<br \/>\n\u00ab\u00a0Je respecte les manifestants, mais il faut aussi respecter le m\u00e9tier des coureurs&#8230;\u00a0\u00bb&#13;<\/p>\n<p><strong>Parlons mercato : vous recrutez Bastien Tronchon et Cl\u00e9ment Berthet d\u2019AG2R. Satisfait ?<\/strong><\/p>\n<p>&#13;<\/p>\n<p>Oui, le mercato est une histoire de rencontres et de moyens. Ces deux coureurs peuvent apporter un vrai plus \u00e0 l\u2019\u00e9quipe.<\/p>\n<p>&#13;<\/p>\n<p>\u00a0<\/p>\n<p>&#13;<\/p>\n<p><strong>Le cyclisme n\u2019est-il pas en train de se scinder entre \u00e9quipes riches et les autres, un cyclisme en deux vitesses ?<\/strong><\/p>\n<p>&#13;<\/p>\n<p>Oui, il y a deux mod\u00e8les : les mastodontes avec un sponsoring quasi \u00e9tatique, et le sponsoring traditionnel bas\u00e9 sur le retour d\u2019image. Les deux cohabitent, mais l\u2019avenir du cyclisme est \u00e0 un carrefour, on le voit avec le Tour d&rsquo;Espagne. Des questions se poseront sur la r\u00e9gulation et l\u2019organisation du cyclisme de demain, tant au niveau des \u00e9quipes que des \u00e9preuves.<\/p>\n<p>&#13;<\/p>\n<p>\u00a0<\/p>\n<p>&#13;<\/p>\n<p><strong>Vous aimeriez avoir le budget de Decathlon AG2R La Mondiale ?<\/strong><\/p>\n<p>&#13;<\/p>\n<p>Ils ont des moyens qu\u2019on n\u2019a pas. Mais nous sommes heureux et fiers de la fid\u00e9lit\u00e9 de nos partenaires Groupama et FDJ. Je suis tr\u00e8s heureux actuellement.<\/p>\n<p>&#13;<\/p>\n<p>\u00a0<\/p>\n<p>&#13;<\/p>\n<p><strong>Pogacar a offert la victoire \u00e0 McNulty \u00e0 Montr\u00e9al. Geste de seigneur ?<\/strong><\/p>\n<p>&#13;<\/p>\n<p>C\u2019\u00e9tait normal dans la situation o\u00f9 tu t\u2019appelles Tadej Pogacar (rires). Une logique d\u2019\u00e9quipe, cousue de fil blanc.<\/p>\n<p>&#13;<\/p>\n<p>\u00a0<\/p>\n<p>&#13;<\/p>\n<p><strong>UAE a d\u00e9j\u00e0 85 victoires cette saison, comment analysez-vous cela ?<\/strong><\/p>\n<p>&#13;<\/p>\n<p>Ils ont 25 leaders potentiels dans leur effectif, donc c\u2019est logique. Avec trois coureurs dans le top 6 mondial, leurs r\u00e9sultats sont coh\u00e9rents.<\/p>\n<p>&#13;<\/p>\n<p>\u00a0<\/p>\n<p>&#13;<\/p>\n<p><strong>Vous \u00eates \u00e0 13 victoires, contre 15 l\u2019an pass\u00e9&#8230;<\/strong><\/p>\n<p>&#13;<\/p>\n<p>Oui, mais nous sommes dans notre zone normale d\u2019\u00e9volution. On esp\u00e8re toujours plus, mais il faut \u00eatre r\u00e9aliste face aux diff\u00e9rences de niveaux.<\/p>\n<p>&#13;<\/p>\n<p>\u00a0<\/p>\n<p>&#13;<\/p>\n<p><strong>Attendez-vous encore d\u2019autres arriv\u00e9es au mercato ?<\/strong><\/p>\n<p>&#13;<\/p>\n<p>Peut-\u00eatre, on verra dans les prochains jours. Ce n&rsquo;est pas les id\u00e9es qui manquent (rires)<\/p>\n<p>&#13;<\/p>\n<p>\u00a0<\/p>\n<p>&#13;<\/p>\n<p><strong>Les manifestations sur la Vuelta inqui\u00e8tent-elles pour l\u2019avenir du cyclisme ?<\/strong><\/p>\n<p>&#13;<\/p>\n<p>Le cyclisme est tr\u00e8s expos\u00e9 car il se pratique sur la voie publique. Je respecte les manifestants, quels que soient leurs objectifs, mais il faut aussi respecter le m\u00e9tier des coureurs. On peut manifester sans pour autant bloquer une course. Qu\u2019il y ait des drapeaux palestiniens sur le bord de la route ne me d\u00e9range pas, mais il ne faut pas que cela devienne un moyen de blocage permanent. Les coureurs cyclistes n\u2019ont pas \u00e0 subir cela. Respectons-nous les uns les autres !<\/p>\n<p>&#13;<\/p>\n<p>\u00a0<\/p>\n<p>&#13;<\/p>\n<p><strong>Certains, comme Kwiatkowski, ont critiqu\u00e9 l\u2019UCI. Qu\u2019en pensez-vous ?<\/strong><\/p>\n<p>&#13;<\/p>\n<p>Chacun a son avis, mais je pr\u00e9f\u00e8re r\u00e9fl\u00e9chir \u00e0 comment concilier libert\u00e9 d\u2019expression et respect du travail des coureurs.<\/p>\n<p>&#13;<\/p>\n<p>\u00a0<\/p>\n<p>&#13;<\/p>\n<p><strong>Votre favori pour les Mondiaux \u00e0 Kigali ? Pogacar d\u00e9j\u00e0 vainqueur ?<\/strong><\/p>\n<p>&#13;<\/p>\n<p>Rien n\u2019est \u00e9crit \u00e0 l\u2019avance, mais il est clair que l\u2019UAE aura les cl\u00e9s de la course. Pour un podium fran\u00e7ais ? Dans le meilleur des cas oui, mais nous ne sommes pas en premi\u00e8re ligne.<\/p>\n<p>&#13;<\/p>\n<p>https:\/\/www.cyclismactu.net\/news-tour-de-luxembourg-route-parcours-favoris-et-profils-du-85e-skoda-tour-de-luxembourg-90177.html<\/p>\n","protected":false},"excerpt":{"rendered":"Lire la suite de l&rsquo;article&#13; \u00a0 &#13; \u00ab\u00a0David (Gaudu) a montr\u00e9 qu\u2019avec de la constance, il peut battre&hellip;\n","protected":false},"author":2,"featured_media":395722,"comment_status":"","ping_status":"","sticky":false,"template":"","format":"standard","meta":{"footnotes":""},"categories":[1411],"tags":[1154,207,211,1011,27,2173,209,60,210,212,208,213],"class_list":{"0":"post-396466","1":"post","2":"type-post","3":"status-publish","4":"format-standard","5":"has-post-thumbnail","7":"category-cyclisme","8":"tag-cycling","9":"tag-cyclisme","10":"tag-ffc","11":"tag-fr","12":"tag-france","13":"tag-interview","14":"tag-route","15":"tag-sports","16":"tag-tour-de-france","17":"tag-uci","18":"tag-velo","19":"tag-world-tour"},"share_on_mastodon":{"url":"https:\/\/pubeurope.com\/@fr\/115217301768196285","error":""},"_links":{"self":[{"href":"https:\/\/www.europesays.com\/fr\/wp-json\/wp\/v2\/posts\/396466","targetHints":{"allow":["GET"]}}],"collection":[{"href":"https:\/\/www.europesays.com\/fr\/wp-json\/wp\/v2\/posts"}],"about":[{"href":"https:\/\/www.europesays.com\/fr\/wp-json\/wp\/v2\/types\/post"}],"author":[{"embeddable":true,"href":"https:\/\/www.europesays.com\/fr\/wp-json\/wp\/v2\/users\/2"}],"replies":[{"embeddable":true,"href":"https:\/\/www.europesays.com\/fr\/wp-json\/wp\/v2\/comments?post=396466"}],"version-history":[{"count":0,"href":"https:\/\/www.europesays.com\/fr\/wp-json\/wp\/v2\/posts\/396466\/revisions"}],"wp:featuredmedia":[{"embeddable":true,"href":"https:\/\/www.europesays.com\/fr\/wp-json\/wp\/v2\/media\/395722"}],"wp:attachment":[{"href":"https:\/\/www.europesays.com\/fr\/wp-json\/wp\/v2\/media?parent=396466"}],"wp:term":[{"taxonomy":"category","embeddable":true,"href":"https:\/\/www.europesays.com\/fr\/wp-json\/wp\/v2\/categories?post=396466"},{"taxonomy":"post_tag","embeddable":true,"href":"https:\/\/www.europesays.com\/fr\/wp-json\/wp\/v2\/tags?post=396466"}],"curies":[{"name":"wp","href":"https:\/\/api.w.org\/{rel}","templated":true}]}}