{"id":396488,"date":"2025-09-17T02:45:17","date_gmt":"2025-09-17T02:45:17","guid":{"rendered":"https:\/\/www.europesays.com\/fr\/396488\/"},"modified":"2025-09-17T02:45:17","modified_gmt":"2025-09-17T02:45:17","slug":"pourquoi-le-rn-est-si-mal-a-laise-avec-linstauration-dune-taxe-zucman","status":"publish","type":"post","link":"https:\/\/www.europesays.com\/fr\/396488\/","title":{"rendered":"Pourquoi le RN est si mal \u00e0 l\u2019aise avec l\u2019instauration d\u2019une taxe Zucman"},"content":{"rendered":"<p>        <img decoding=\"async\" loading=\"lazy\" src=\"https:\/\/www.europesays.com\/fr\/wp-content\/uploads\/2025\/09\/01ec7b9_upload-1-mclor70pasr0-afp-20250914-74fx4je-v1-highres-francepolitcspartiesrn.jpg\"  width=\"728\" height=\"410\" alt=\"Marine Le Pen photographi\u00e9 dimanche 14\u00a0septembre \u00e0 Bordeaux (illustration)\"\/>  <\/p>\n<p>CHRISTOPHE ARCHAMBAULT \/ AFP<\/p>\n<p>Marine Le Pen photographi\u00e9 dimanche 14\u00a0septembre \u00e0 Bordeaux (illustration)<\/p>\n<p class=\"asset asset-text\">POLITIQUE &#8211; C\u2019est une victoire id\u00e9ologique de la gauche. Alors que les d\u00e9bats s\u2019articulent autour de la possibilit\u00e9 pour l\u2019ex\u00e9cutif d\u2019instaurer (ou non) une <a href=\"https:\/\/www.huffingtonpost.fr\/politique\/video\/l-argument-debile-de-thierry-breton-contre-gabriel-zucman-etrille-par-ces-economistes_254845.html\" target=\"_blank\" rel=\"noopener\">taxe Zucman<\/a> dans le prochain budget dans l\u2019objectif d\u2019aboutir \u00e0 un compromis avec les socialistes, la question de la taxation des plus hautes fortunes occupe une large partie du temps d\u2019antenne. Sans surprise donc, le Rassemblement national a \u00e9t\u00e9 invit\u00e9 \u00e0 se positionner.<\/p>\n<p class=\"asset asset-text\">Et le moins que l\u2019on puisse dire, c\u2019est que ce n\u2019est pas la clart\u00e9 qui domine. Tiraill\u00e9 entre la volont\u00e9 de ne pas froisser les \u00e9lites \u00e9conomiques et le discours social longtemps promu par Marine Le\u00a0Pen, le parti \u00e0 la flamme ne sait pas sur quel pied danser. \u00ab\u00a0Moins de riches, \u00e7a ne fait pas moins de pauvres. \u00c7a, pour le coup, c\u2019est le logiciel de la gauche\u00a0\u00bb, d\u00e9fendait <a href=\"https:\/\/www.youtube.com\/watch?v=X7iUde_M-GY&amp;t=985s\" target=\"_blank\" rel=\"noopener\" title=\"Nouvelle fen\u00eatre\">sur franceinfo <\/a>le 9\u00a0septembre la porte-parole du RN Laure Lavalette, hostile \u00e0 l\u2019instauration d\u2019un imp\u00f4t plancher pour les m\u00e9nages affichant un patrimoine sup\u00e9rieur \u00e0 100\u00a0millions d\u2019euros.<\/p>\n<p class=\"asset asset-text\">Un diagnostic conforme \u00e0 celui fait par Jordan Bardella quelques jours auparavant sur <a href=\"https:\/\/rmc.bfmtv.com\/actualites\/politique\/il-n-y-a-pas-d-argent-magique-jordan-bardella-pas-convaincu-par-la-taxe-zucman-sur-les-ultra-riches_AV-202509030461.html?at_brand=RMC&amp;at_compte=RMCInfo&amp;at_plateforme=twitter&amp;at_campaign=Fan_pages&amp;at_medium=Community_Management\" target=\"_blank\" rel=\"noopener\" title=\"Nouvelle fen\u00eatre\">RMC<\/a>\u00a0: \u00ab\u00a0Je pense qu\u2019il n\u2019y a pas d\u2019argent magique et que les pr\u00e9visions qui sont faites par monsieur Zucman, \u00e0 savoir un pr\u00e9l\u00e8vement annuel de 15\u00a0milliards d\u2019euros m\u2019apparaissent tr\u00e8s largement au-dessus de la r\u00e9alit\u00e9 du pays\u00a0\u00bb. Cette analyse qui tranche avec le logiciel anti-syst\u00e8me du RN semble agacer Jean-Philippe Tanguy, tr\u00e8s proche de Marine Le\u00a0Pen et per\u00e7u en interne comme sp\u00e9cialiste des questions budg\u00e9taires.<\/p>\n<p class=\"asset asset-text\">\u00ab\u00a0Il ne faut pas tomber dans un pi\u00e8ge. Pourquoi changer des positions qui nous permettent d\u2019atteindre 70\u00a0% chez les ouvriers pour ressembler \u00e0 une droite qui y fait 1\u00a0%\u00a0?\u00a0\u00bb, s\u2019interroge le d\u00e9put\u00e9 de la Somme, cit\u00e9 par <a href=\"https:\/\/www.lopinion.fr\/politique\/combattre-la-chasse-aux-riches-ou-tolerer-la-taxe-zucman-au-rn-le-c%C5%93ur-balance\" target=\"_blank\" rel=\"noopener\" title=\"Nouvelle fen\u00eatre\">L\u2019Opinion<\/a>. En r\u00e9alit\u00e9, le parti d\u2019extr\u00eame droite a d\u00e9j\u00e0 eu l\u2019occasion de se positionner. Au mois de f\u00e9vrier, lorsqu\u2019une proposition de loi des \u00e9cologistes reprenant le m\u00e9canisme promu par Gabriel Zucman \u00e9tait \u00e9tudi\u00e9e (puis adopt\u00e9e) \u00e0 l\u2019Assembl\u00e9e, <a href=\"https:\/\/www.assemblee-nationale.fr\/dyn\/17\/scrutins\/878\" target=\"_blank\" rel=\"noopener\" title=\"Nouvelle fen\u00eatre\">le RN s\u2019\u00e9tait largement abstenu<\/a>.<\/p>\n<p class=\"asset asset-text\">Sauf que six mois plus tard, impossible pour le parti lep\u00e9niste d\u2019esquiver la question. Marine Le\u00a0Pen et ses proches ont alors trouv\u00e9 une parade\u00a0: affirmer cibler \u00ab\u00a0l\u2019argent qui dort\u00a0\u00bb, en instaurant \u00ab\u00a0un imp\u00f4t sur la fortune financi\u00e8re\u00a0\u00bb, tout en restant flou sur l\u2019assiette fiscale et le montant des recettes recherch\u00e9es. Car, pour Marine Le\u00a0Pen, le probl\u00e8me de la taxe Zucman est qu\u2019elle toucherait \u00ab\u00a0les biens professionnels\u00a0\u00bb. Or, cela revient \u00e0 vider le dispositif de sa substance, et \u00e0 rejoindre la position de la Macronie sur le sujet.<\/p>\n<p>    \u00ab\u00a0Sur la m\u00eame longueur d\u2019onde que Macron\u00a0\u00bb    <\/p>\n<p class=\"asset asset-text\">Et c\u2019est le concepteur du m\u00e9canisme lui-m\u00eame qui le constate aupr\u00e8s du HuffPost. \u00ab\u00a0La position de Marine Le\u00a0Pen, et du Rassemblement national plus g\u00e9n\u00e9ralement, est la m\u00eame que celle d\u2019Emmanuel Macron\u00a0\u00bb, affirme Gabriel Zucman, qui rappelle que l\u2019argument sur \u00ab\u00a0les biens professionnels\u00a0\u00bb est celui utilis\u00e9 par le Premier ministre S\u00e9bastien Lecornu pour contester l\u2019instauration de cet imp\u00f4t plancher.<\/p>\n<p class=\"asset asset-text\">Quant \u00e0 Jordan Bardella, qui \u00e9voque le risque d\u2019un exil fiscal, \u00ab\u00a0il rejoint Emmanuel Macron quand il r\u00e9pondait \u00e0 Sophie Binet sur le sujet au mois de mai \u00e0 la t\u00e9l\u00e9vision\u00a0\u00bb, note encore l\u2019\u00e9conomiste. Une convergence de point de vue qui rappelle en r\u00e9alit\u00e9 l\u2019essence du logiciel \u00e9conomique du RN qui reste, pour l\u2019essentiel, <a href=\"https:\/\/www.huffingtonpost.fr\/politique\/article\/presidentielle-2022-le-programme-economique-de-marine-le-pen-inquiete-toujours-les-economistes_194940.html\" target=\"_blank\" rel=\"noopener\">d\u2019inspiration lib\u00e9rale<\/a>.<\/p>\n<p class=\"asset asset-text\">Ce que les d\u00e9bats budg\u00e9taires \u00e0 l\u2019Assembl\u00e9e nationale<a href=\"https:\/\/www.huffingtonpost.fr\/politique\/article\/avec-jordan-bardella-le-rassemblement-national-tente-un-tournant-liberal-pour-grand-remplacer-la-droite-clx1_242179.html\" target=\"_blank\" rel=\"noopener\"> n\u2019ont fait que confirmer<\/a>. \u00ab\u00a0C\u2019est quand m\u00eame tr\u00e8s frappant de voir que les macronistes et le RN sont exactement sur la m\u00eame longueur d\u2019onde. Et de fait, que s\u2019est-il pass\u00e9 \u00e0 l\u2019Assembl\u00e9e nationale en f\u00e9vrier, quand la proposition de loi a \u00e9t\u00e9 adopt\u00e9e\u00a0? Lorsque le d\u00e9put\u00e9 macroniste Matthieu Lef\u00e8vre avait introduit un amendement pour sortir les biens professionnels de l\u2019assiette fiscale, le RN s\u2019\u00e9tait joint au bloc central et au socle commun pour voter cet amendement qui vidait le dispositif de sa substance\u00a0\u00bb, se souvient Gabriel Zucman.<\/p>\n<p class=\"asset asset-text\">Ce faisant, on comprend facilement pourquoi le RN, qui se per\u00e7oit comme le premier opposant au macronisme, ne tient pas \u00e0 marteler trop fort son opposition au dispositif, qui plus est en utilisant les arguments \u00e9conomiques brandis par le chef de l\u2019\u00c9tat et ses soutiens. D\u2019autant que l\u2019instauration d\u2019un tel m\u00e9canisme est pl\u00e9biscit\u00e9e par l\u2019opinion. Selon un sondage Ifop, 74\u00a0% des Fran\u00e7ais se disent favorables \u00e0<a href=\"https:\/\/www.ifop.com\/article\/le-regard-des-francais-sur-les-annonces-faites-par-francois-bayrou-le-15-juillet-2025\/\" target=\"_blank\" rel=\"noopener\" title=\"Nouvelle fen\u00eatre\"> <\/a><a href=\"https:\/\/www.ifop.com\/article\/le-regard-des-francais-sur-les-annonces-faites-par-francois-bayrou-le-15-juillet-2025\/\" target=\"_blank\" rel=\"noopener\" title=\"Nouvelle fen\u00eatre\">la cr\u00e9ation d\u2019une contribution de solidarit\u00e9 pour les plus hauts revenus.<\/a> Une hypoth\u00e8se qui, selon cette m\u00eame \u00e9tude, s\u00e9duit 69\u00a0% des \u00e9lecteurs du RN.<\/p>\n","protected":false},"excerpt":{"rendered":"CHRISTOPHE ARCHAMBAULT \/ AFP Marine Le Pen photographi\u00e9 dimanche 14\u00a0septembre \u00e0 Bordeaux (illustration) POLITIQUE &#8211; C\u2019est une victoire&hellip;\n","protected":false},"author":2,"featured_media":396489,"comment_status":"","ping_status":"","sticky":false,"template":"","format":"standard","meta":{"footnotes":""},"categories":[6],"tags":[35,33,34,1076,1011,27,316,1078],"class_list":{"0":"post-396488","1":"post","2":"type-post","3":"status-publish","4":"format-standard","5":"has-post-thumbnail","7":"category-economie","8":"tag-business","9":"tag-economie","10":"tag-economy","11":"tag-extreme-droite","12":"tag-fr","13":"tag-france","14":"tag-politique","15":"tag-rassemblement-national"},"share_on_mastodon":{"url":"https:\/\/pubeurope.com\/@fr\/115217349175068484","error":""},"_links":{"self":[{"href":"https:\/\/www.europesays.com\/fr\/wp-json\/wp\/v2\/posts\/396488","targetHints":{"allow":["GET"]}}],"collection":[{"href":"https:\/\/www.europesays.com\/fr\/wp-json\/wp\/v2\/posts"}],"about":[{"href":"https:\/\/www.europesays.com\/fr\/wp-json\/wp\/v2\/types\/post"}],"author":[{"embeddable":true,"href":"https:\/\/www.europesays.com\/fr\/wp-json\/wp\/v2\/users\/2"}],"replies":[{"embeddable":true,"href":"https:\/\/www.europesays.com\/fr\/wp-json\/wp\/v2\/comments?post=396488"}],"version-history":[{"count":0,"href":"https:\/\/www.europesays.com\/fr\/wp-json\/wp\/v2\/posts\/396488\/revisions"}],"wp:featuredmedia":[{"embeddable":true,"href":"https:\/\/www.europesays.com\/fr\/wp-json\/wp\/v2\/media\/396489"}],"wp:attachment":[{"href":"https:\/\/www.europesays.com\/fr\/wp-json\/wp\/v2\/media?parent=396488"}],"wp:term":[{"taxonomy":"category","embeddable":true,"href":"https:\/\/www.europesays.com\/fr\/wp-json\/wp\/v2\/categories?post=396488"},{"taxonomy":"post_tag","embeddable":true,"href":"https:\/\/www.europesays.com\/fr\/wp-json\/wp\/v2\/tags?post=396488"}],"curies":[{"name":"wp","href":"https:\/\/api.w.org\/{rel}","templated":true}]}}