{"id":396496,"date":"2025-09-17T02:49:16","date_gmt":"2025-09-17T02:49:16","guid":{"rendered":"https:\/\/www.europesays.com\/fr\/396496\/"},"modified":"2025-09-17T02:49:16","modified_gmt":"2025-09-17T02:49:16","slug":"lexcellence-energetique-et-numerique-au-service-des-collectivites","status":"publish","type":"post","link":"https:\/\/www.europesays.com\/fr\/396496\/","title":{"rendered":"l\u2019excellence \u00e9nerg\u00e9tique et num\u00e9rique au service des collectivit\u00e9s"},"content":{"rendered":"<p>\u00ab\u00a0Pour cette cinqui\u00e8me \u00e9dition, l\u2019ambition est claire\u00a0: faire de ce salon le rendez-vous r\u00e9gional incontournable de la transition \u00e9nerg\u00e9tique, de la mobilit\u00e9 durable et des innovations num\u00e9riques au service des collectivit\u00e9s\u00a0\u00bb, assurent les organisateurs.<\/p>\n<p>Une cinquantaine d\u2019entreprises seront r\u00e9parties en cinq villages th\u00e9matiques\u00a0: \u00e9clairage public, transition \u00e9nerg\u00e9tique, mobilit\u00e9, territoires connect\u00e9s et emploi. Un job dating se tiendra de 10\u00a0heures \u00e0 11\u00a0h\u00a030, avant l\u2019inauguration officielle du salon et la visite comment\u00e9e des stands et innovations \u00ab qui dessinent les contours du territoire de demain\u00a0\u00bb.<\/p>\n<p>  Exp\u00e9rimentation, conf\u00e9rence et table ronde<\/p>\n<p>Parmi les animations de la journ\u00e9e, l\u2019entreprise st\u00e9phanoise Viavi pr\u00e9sentera comment les fibres optiques t\u00e9l\u00e9com existantes peuvent \u00eatre utilis\u00e9es comme capteurs acoustiques. \u00c0 14 heures, une \u00ab conf\u00e9rence inspirante\u00a0\u00bb sera donn\u00e9e par D\u00e9borah Pardo, exploratrice et docteure en \u00e9cologie des populations.<\/p>\n<p>Le salon se cl\u00f4turera par une table ronde sur le th\u00e8me\u00a0: \u00ab Quelles strat\u00e9gies \u00e9nerg\u00e9tiques pour demain\u00a0?\u00a0\u00bb, en pr\u00e9sence de trois experts. Les \u00e9changes porteront sur l\u2019efficacit\u00e9 \u00e9nerg\u00e9tique, les technologies \u00e9mergentes, les r\u00e9gulations \u00e0 venir, ainsi que sur les enjeux \u00e9conomiques et sociaux li\u00e9s \u00e0 la transformation \u00e9nerg\u00e9tique des territoires.<\/p>\n<p class=\"note\">Infos Salon TEEP 2025, jeudi 18\u00a0septembre, de 9 heures \u00e0 18 heures, au Complexe d\u2019animation des bords de Loire \u00e0 Andr\u00e9zieux-Bouth\u00e9on. Renseignements\u00a0: www.te42.fr<\/p>\n","protected":false},"excerpt":{"rendered":"\u00ab\u00a0Pour cette cinqui\u00e8me \u00e9dition, l\u2019ambition est claire\u00a0: faire de ce salon le rendez-vous r\u00e9gional incontournable de la transition&hellip;\n","protected":false},"author":2,"featured_media":396497,"comment_status":"","ping_status":"","sticky":false,"template":"","format":"standard","meta":{"footnotes":""},"categories":[9653],"tags":[1111,11,17136,2430,7359,16734,7539,436,1777,674,1011,27,3367,12,25,4001,17137],"class_list":{"0":"post-396496","1":"post","2":"type-post","3":"status-publish","4":"format-standard","5":"has-post-thumbnail","7":"category-saint-etienne","8":"tag-actu","9":"tag-actualites","10":"tag-andrezieux-boutheon","11":"tag-auvergne-rhone-alpes","12":"tag-edition-loire-centre","13":"tag-edition-loire-nord","14":"tag-edition-loire-sud","15":"tag-environnement","16":"tag-eu","17":"tag-europe","18":"tag-fr","19":"tag-france","20":"tag-loire","21":"tag-news","22":"tag-republique-francaise","23":"tag-saint-etienne","24":"tag-saint-galmier-bassin"},"share_on_mastodon":{"url":"https:\/\/pubeurope.com\/@fr\/115217364898750554","error":""},"_links":{"self":[{"href":"https:\/\/www.europesays.com\/fr\/wp-json\/wp\/v2\/posts\/396496","targetHints":{"allow":["GET"]}}],"collection":[{"href":"https:\/\/www.europesays.com\/fr\/wp-json\/wp\/v2\/posts"}],"about":[{"href":"https:\/\/www.europesays.com\/fr\/wp-json\/wp\/v2\/types\/post"}],"author":[{"embeddable":true,"href":"https:\/\/www.europesays.com\/fr\/wp-json\/wp\/v2\/users\/2"}],"replies":[{"embeddable":true,"href":"https:\/\/www.europesays.com\/fr\/wp-json\/wp\/v2\/comments?post=396496"}],"version-history":[{"count":0,"href":"https:\/\/www.europesays.com\/fr\/wp-json\/wp\/v2\/posts\/396496\/revisions"}],"wp:featuredmedia":[{"embeddable":true,"href":"https:\/\/www.europesays.com\/fr\/wp-json\/wp\/v2\/media\/396497"}],"wp:attachment":[{"href":"https:\/\/www.europesays.com\/fr\/wp-json\/wp\/v2\/media?parent=396496"}],"wp:term":[{"taxonomy":"category","embeddable":true,"href":"https:\/\/www.europesays.com\/fr\/wp-json\/wp\/v2\/categories?post=396496"},{"taxonomy":"post_tag","embeddable":true,"href":"https:\/\/www.europesays.com\/fr\/wp-json\/wp\/v2\/tags?post=396496"}],"curies":[{"name":"wp","href":"https:\/\/api.w.org\/{rel}","templated":true}]}}