{"id":396559,"date":"2025-09-17T03:43:18","date_gmt":"2025-09-17T03:43:18","guid":{"rendered":"https:\/\/www.europesays.com\/fr\/396559\/"},"modified":"2025-09-17T03:43:18","modified_gmt":"2025-09-17T03:43:18","slug":"donald-trump-et-volodymyr-zelensky-vont-probablement-se-rencontrer-une-nouvelle-fois","status":"publish","type":"post","link":"https:\/\/www.europesays.com\/fr\/396559\/","title":{"rendered":"Donald Trump et Volodymyr Zelensky vont \u00ab\u00a0probablement\u00a0\u00bb se rencontrer une nouvelle fois"},"content":{"rendered":"<p class=\"article-p mdl\">Donald Trump va \u00ab\u00a0probablement\u00a0\u00bb rencontrer Volodymyr Zelensky durant la semaine du 22 au 28 septembre 2025. Le pr\u00e9sident am\u00e9ricain a eu \u00ab\u00a0de multiples appels avec Poutine, de multiples rencontres avec Zelensky et probablement, il aura une nouvelle rencontre la semaine prochaine \u00e0 New York\u00a0\u00bb, o\u00f9 se tient l&rsquo;Assembl\u00e9e g\u00e9n\u00e9rale de l&rsquo;ONU, a indiqu\u00e9 mardi 16 septembre 2025 Marco Rubio \u00e0 des journalistes en Isra\u00ebl.<\/p>\n<p class=\"article-p mdl\">Le pr\u00e9sident am\u00e9ricain esp\u00e8re toujours n\u00e9gocier\u00a0<a class=\"link\" href=\"https:\/\/www.rtl.fr\/actu\/international\/guerre-en-ukraine-le-kremlin-annonce-que-les-negociations-de-paix-avec-kiev-sont-en-pause-7900540708\" target=\"_blank\" rel=\"noopener\">un accord de paix entre Kiev et Moscou<\/a>, a-t-il confi\u00e9. <strong>\u00ab\u00a0Il va continuer d&rsquo;essayer. Si la paix est possible, il veut l&rsquo;obtenir\u00a0\u00bb, <\/strong>a ajout\u00e9 le secr\u00e9taire d&rsquo;\u00c9tat. \u00ab\u00a0\u00c0 un certain moment, le pr\u00e9sident pourrait conclure que ce n&rsquo;est pas possible. Il n&rsquo;en est pas encore l\u00e0, mais il pourrait atteindre ce stade\u00a0\u00bb, a-t-il averti.<\/p>\n<p class=\"article-p mdl\">\u00ab\u00a0Si d&rsquo;une mani\u00e8re ou d&rsquo;une autre il [Donald Trump] devait se d\u00e9sengager, ou sanctionner la Russie en disant &lsquo;j&rsquo;en ai fini&rsquo;, alors <strong>il ne resterait plus personne au monde capable de jouer les m\u00e9diateurs pour mettre fin \u00e0 la guerre\u00a0\u00bb, <\/strong>a alert\u00e9 Marco Rubio.\u00a0<\/p>\n<p>            Plusieurs rencontres mais pas d&rsquo;accord de paix<\/p>\n<p class=\"article-p mdl\">Donald Trump a menac\u00e9 d&rsquo;imposer des sanctions \u00e0 la Russie si Vladimir Poutine ne faisait pas de compromis. Cependant, il n&rsquo;est jamais all\u00e9 au bout de ses menaces. Pendant ce temps, <strong>Moscou a intensifi\u00e9 ses attaques<\/strong>, au grand dam de l&rsquo;Ukraine.\u00a0<\/p>\n<p class=\"article-p mdl\"><a class=\"link\" href=\"https:\/\/www.rtl.fr\/actu\/international\/en-direct-sommet-trump-poutine-une-rencontre-decisive-pour-l-ukraine-suivez-l-evenement-7900531101\" target=\"_blank\" rel=\"noopener\">Le pr\u00e9sident am\u00e9ricain a accueilli Vladimir Poutine<\/a>\u00a0en ao\u00fbt 2025 en Alaska. <strong>Une premi\u00e8re pour un dirigeant occidental depuis l&rsquo;invasion de l&rsquo;Ukraine en 2022<\/strong>. Quelques jours plus tard, Donald Trump avait rencontr\u00e9 Volodymyr Zelensky, aux c\u00f4t\u00e9s de dirigeants europ\u00e9ens, \u00e0 la Maison-Blanche.\u00a0<\/p>\n<p class=\"article-p mdl\">Le 28 f\u00e9vrier 2025 \u00e0 la Maison-Blanche, une pr\u00e9c\u00e9dente rencontre entre les deux homologues avait stup\u00e9fait les alli\u00e9s des \u00c9tats-Unis.\u00a0<a class=\"link\" href=\"https:\/\/www.rtl.fr\/actu\/international\/altercation-trump-zelensky-ce-qu-il-faut-retenir-de-la-rencontre-entre-les-deux-chefs-d-etat-7900478021\" target=\"_blank\" rel=\"noopener\">Donald Trump et son vice-pr\u00e9sident JD Vance avaient publiquement r\u00e9primand\u00e9 le pr\u00e9sident ukrainien<\/a>. <strong>Ils l&rsquo;avaient accus\u00e9 de faire preuve d&rsquo;ingratitude.<\/strong> Le pr\u00e9sident am\u00e9ricain avait d&rsquo;ailleurs suspendu bri\u00e8vement le soutien militaire et le partage de renseignements avec Kiev.\u00a0<\/p>\n<p class=\"article-p mdl\">Depuis, <strong>Volodymyr Zelensky a rencontr\u00e9 le milliardaire \u00e0 deux reprises<\/strong>. Le pr\u00e9sident ukrainien a pris soin \u00e0 chaque fois de remercier Washington pour son appui.<\/p>\n<p>    La r\u00e9daction vous recommande<\/p>\n<p class=\"s-newsletter__title\">\n                L\u2019actualit\u00e9 par la r\u00e9daction de RTL dans votre bo\u00eete mail.\n            <\/p>\n<p class=\"s-newsletter__subtitle\">\n                Gr\u00e2ce \u00e0 votre compte RTL abonnez-vous \u00e0 la newsletter RTL info pour suivre toute l&rsquo;actualit\u00e9 au quotidien\n            <\/p>\n<p>\n                                    Lire la suite\n                                <\/p>\n","protected":false},"excerpt":{"rendered":"Donald Trump va \u00ab\u00a0probablement\u00a0\u00bb rencontrer Volodymyr Zelensky durant la semaine du 22 au 28 septembre 2025. Le pr\u00e9sident&hellip;\n","protected":false},"author":2,"featured_media":396560,"comment_status":"","ping_status":"","sticky":false,"template":"","format":"standard","meta":{"footnotes":""},"categories":[1590],"tags":[11,75,1777,674,107,12,5486,220,135,134],"class_list":{"0":"post-396559","1":"post","2":"type-post","3":"status-publish","4":"format-standard","5":"has-post-thumbnail","7":"category-ukraine","8":"tag-actualites","9":"tag-donald-trump","10":"tag-eu","11":"tag-europe","12":"tag-fil-info","13":"tag-news","14":"tag-rencontre","15":"tag-ukraine","16":"tag-vladimir-poutine","17":"tag-volodymyr-zelensky"},"share_on_mastodon":{"url":"https:\/\/pubeurope.com\/@fr\/115217577313298744","error":""},"_links":{"self":[{"href":"https:\/\/www.europesays.com\/fr\/wp-json\/wp\/v2\/posts\/396559","targetHints":{"allow":["GET"]}}],"collection":[{"href":"https:\/\/www.europesays.com\/fr\/wp-json\/wp\/v2\/posts"}],"about":[{"href":"https:\/\/www.europesays.com\/fr\/wp-json\/wp\/v2\/types\/post"}],"author":[{"embeddable":true,"href":"https:\/\/www.europesays.com\/fr\/wp-json\/wp\/v2\/users\/2"}],"replies":[{"embeddable":true,"href":"https:\/\/www.europesays.com\/fr\/wp-json\/wp\/v2\/comments?post=396559"}],"version-history":[{"count":0,"href":"https:\/\/www.europesays.com\/fr\/wp-json\/wp\/v2\/posts\/396559\/revisions"}],"wp:featuredmedia":[{"embeddable":true,"href":"https:\/\/www.europesays.com\/fr\/wp-json\/wp\/v2\/media\/396560"}],"wp:attachment":[{"href":"https:\/\/www.europesays.com\/fr\/wp-json\/wp\/v2\/media?parent=396559"}],"wp:term":[{"taxonomy":"category","embeddable":true,"href":"https:\/\/www.europesays.com\/fr\/wp-json\/wp\/v2\/categories?post=396559"},{"taxonomy":"post_tag","embeddable":true,"href":"https:\/\/www.europesays.com\/fr\/wp-json\/wp\/v2\/tags?post=396559"}],"curies":[{"name":"wp","href":"https:\/\/api.w.org\/{rel}","templated":true}]}}