{"id":39661,"date":"2025-04-20T19:41:08","date_gmt":"2025-04-20T19:41:08","guid":{"rendered":"https:\/\/www.europesays.com\/fr\/39661\/"},"modified":"2025-04-20T19:41:08","modified_gmt":"2025-04-20T19:41:08","slug":"vainqueur-de-nimes-nantes-reprend-la-deuxieme-place-a-montpellier","status":"publish","type":"post","link":"https:\/\/www.europesays.com\/fr\/39661\/","title":{"rendered":"vainqueur de N\u00eemes, Nantes reprend la deuxi\u00e8me place \u00e0 Montpellier"},"content":{"rendered":"<p>Sereins face aux N\u00eemois ce dimanche, les Nantais restent \u00e0 trois points du PSG, toujours leader.<\/p>\n<p class=\"fig-paragraph\"><a href=\"http:\/\/www.lefigaro.fr\/sports\/handball\/handball-nantes-renverse-plock-et-se-qualifie-pour-les-quarts-de-finale-de-la-ligue-des-champions-20250403\" target=\"_blank\" data-fig-type=\"NewsFlash\" rel=\"noopener nofollow\" data-gtm-custom-categorie=\"navigation\" data-gtm-custom-action=\"crossclick\" data-gtm-custom-label=\"Contextuel\" data-gtm-event=\"customEventSPE\" data-fig-domain=\"LEFIGARO\">Nantes<\/a>\u00a0a dispos\u00e9 de N\u00eemes dimanche (36-27) et repris \u00e0 Montpellier la deuxi\u00e8me place du championnat de France de handball, au terme de la 24\u00e8me journ\u00e9e. Gr\u00e2ce \u00e0 ce troisi\u00e8me succ\u00e8s cons\u00e9cutif en Starligue, remport\u00e9 \u00e0 domicile, les Nantais restent \u00e0 trois points du PSG, qui avait battu Cesson-Rennes (42-29) vendredi. Pour continuer \u00e0 croire au titre et rester au contact du leader, la victoire \u00e9tait imp\u00e9rative pour Nantes.<\/p>\n<p class=\"fig-paragraph\">La t\u00e2che aurait pu sembler difficile face \u00e0 N\u00eemes, sixi\u00e8me, qui n&rsquo;avait plus perdu en championnat depuis fin novembre. Les Gardois devaient aller chercher un r\u00e9sultat pour accrocher le top cinq et continuer de croire \u00e0 l&rsquo;Europe. Mais le \u00abH\u00bb s&rsquo;est rapidement d\u00e9tach\u00e9 pour mener 10-2 apr\u00e8s une dizaine de minutes de jeu. Les Nantais ont continu\u00e9 d&rsquo;imprimer un gros rythme face aux Crocodiles n\u00eemois, compl\u00e8tement d\u00e9pass\u00e9s \u00e0 la mi-temps (21-13).<\/p>\n<p class=\"fig-paragraph\">Au retour des vestiaires, Nantes n&rsquo;a pas baiss\u00e9 le tempo, notamment sous l&rsquo;impulsion de l&rsquo;Espagnol Valero Rivera, meilleur marqueur avec neuf buts. Les N\u00eemois ont tent\u00e9 de relever la t\u00eate dans les derni\u00e8res minutes mais sans revenir au score dans un match \u00e0 sens unique (36-27).<\/p>\n","protected":false},"excerpt":{"rendered":"Sereins face aux N\u00eemois ce dimanche, les Nantais restent \u00e0 trois points du PSG, toujours leader. Nantes\u00a0a dispos\u00e9&hellip;\n","protected":false},"author":2,"featured_media":23468,"comment_status":"","ping_status":"","sticky":false,"template":"","format":"standard","meta":{"footnotes":""},"categories":[9599],"tags":[1111,11,2207,69,525,2211,2212,2210,1981,2206,64,1777,674,1011,27,1792,2209,447,2208,766,12,2680,25,1980],"class_list":{"0":"post-39661","1":"post","2":"type-post","3":"status-publish","4":"format-standard","5":"has-post-thumbnail","7":"category-montpellier","8":"tag-actu","9":"tag-actualites","10":"tag-bleus","11":"tag-bundesliga","12":"tag-calendrier","13":"tag-championnat-deurope","14":"tag-championnat-du-monde","15":"tag-ciudad-real","16":"tag-classement","17":"tag-division-1","18":"tag-equipe-de-france","19":"tag-eu","20":"tag-europe","21":"tag-fr","22":"tag-france","23":"tag-handball","24":"tag-kiel","25":"tag-ligue-des-champions","26":"tag-montpellier","27":"tag-nantes","28":"tag-news","29":"tag-occitanie","30":"tag-republique-francaise","31":"tag-resultats"},"share_on_mastodon":{"url":"https:\/\/pubeurope.com\/@fr\/114371997552977083","error":""},"_links":{"self":[{"href":"https:\/\/www.europesays.com\/fr\/wp-json\/wp\/v2\/posts\/39661","targetHints":{"allow":["GET"]}}],"collection":[{"href":"https:\/\/www.europesays.com\/fr\/wp-json\/wp\/v2\/posts"}],"about":[{"href":"https:\/\/www.europesays.com\/fr\/wp-json\/wp\/v2\/types\/post"}],"author":[{"embeddable":true,"href":"https:\/\/www.europesays.com\/fr\/wp-json\/wp\/v2\/users\/2"}],"replies":[{"embeddable":true,"href":"https:\/\/www.europesays.com\/fr\/wp-json\/wp\/v2\/comments?post=39661"}],"version-history":[{"count":0,"href":"https:\/\/www.europesays.com\/fr\/wp-json\/wp\/v2\/posts\/39661\/revisions"}],"wp:featuredmedia":[{"embeddable":true,"href":"https:\/\/www.europesays.com\/fr\/wp-json\/wp\/v2\/media\/23468"}],"wp:attachment":[{"href":"https:\/\/www.europesays.com\/fr\/wp-json\/wp\/v2\/media?parent=39661"}],"wp:term":[{"taxonomy":"category","embeddable":true,"href":"https:\/\/www.europesays.com\/fr\/wp-json\/wp\/v2\/categories?post=39661"},{"taxonomy":"post_tag","embeddable":true,"href":"https:\/\/www.europesays.com\/fr\/wp-json\/wp\/v2\/tags?post=39661"}],"curies":[{"name":"wp","href":"https:\/\/api.w.org\/{rel}","templated":true}]}}