{"id":396627,"date":"2025-09-17T04:27:31","date_gmt":"2025-09-17T04:27:31","guid":{"rendered":"https:\/\/www.europesays.com\/fr\/396627\/"},"modified":"2025-09-17T04:27:31","modified_gmt":"2025-09-17T04:27:31","slug":"la-mairie-de-grand-couronne-ravagee-par-un-incendie","status":"publish","type":"post","link":"https:\/\/www.europesays.com\/fr\/396627\/","title":{"rendered":"la mairie de Grand-Couronne ravag\u00e9e par un incendie"},"content":{"rendered":"<p>            Par<br \/>\n        <strong><br \/>\n            <a href=\"https:\/\/actu.fr\/auteur\/eaube\" title=\"Consulter tous les articles de Elo\u00efse Aub\u00e9\" rel=\"nofollow noopener\" target=\"_blank\">Elo\u00efse Aub\u00e9<\/a><br \/>\n        <\/strong><\/p>\n<p>        Publi\u00e9 le<\/p>\n<p>            16 sept. 2025 \u00e0 12h02<br \/>\n        ; mis \u00e0 jour le 16 sept. 2025 \u00e0 13h36    <\/p>\n<p>Dans la nuit du lundi 16 au mardi 16 septembre 2025, <strong>un incendie<\/strong> s\u2019est d\u00e9clar\u00e9 au niveau du rez-de-chauss\u00e9e de <strong>la mairie de Grand-Couronne<\/strong>, pr\u00e8s de <a href=\"https:\/\/actu.fr\/normandie\/rouen_76540\" rel=\"nofollow noopener\" target=\"_blank\">Rouen<\/a>, affirme le Sdis (Service d\u2019incendie et de secours)<\/p>\n<p class=\" wall-content\">\u00ab\u2009C\u2019est une claque. Tout le hall est cram\u00e9 et l\u2019\u00e9tage est un peu attaqu\u00e9. La mairie n\u2019est pas pr\u00e8s de rouvrir\u2009\u00bb assure Denis Sagot, \u00e9lu de l\u2019opposition, interrog\u00e9 par notre journaliste.<\/p>\n<blockquote class=\"ac-article-quote wall-content\">\n<p> C&rsquo;est la R\u00e9publique qui est vis\u00e9e. \u00e7a choque. Cette mairie, c&rsquo;est le centre n\u00e9vralgique de Grand-Couronne\u00a0\u00bb<\/p>\n<p>    <strong>Denis Sagot<\/strong><br \/>\n        \u00e9lu de l&rsquo;opposition \u00e0 la mairie de Grand-Couronne    <\/p><\/blockquote>\n<p>Que s\u2019est-il pass\u00e9\u2009?<\/p>\n<p class=\" wall-content\">Le feu a \u00e9t\u00e9 \u00e9teint au moyen de trois lances \u00e0 incendie. Les op\u00e9rations de reconnaissance et de ventilation sont toujours en cours. Si aucun bless\u00e9 n\u2019est \u00e0 d\u00e9plorer, <strong>les lieux sont tr\u00e8s endommag\u00e9s<\/strong>. Reste \u00e0 savoir ce qu\u2019il s\u2019est pass\u00e9.<\/p>\n<p class=\" wall-content\">Selon trois sources, dont une interne \u00e0 la municipalit\u00e9, cet incendie n\u2019est pas accidentel. Vraiment\u2009?<\/p>\n<p class=\" wall-content\">Une enqu\u00eate confi\u00e9e au service interd\u00e9partemental de la police judiciaire de Rouen est ouverte, sous l\u2019autorit\u00e9 du procureur de Rouen, afin d\u2019\u00e9tablir les causes de cet incendie.<\/p>\n<p>Suivez l\u2019actualit\u00e9 de Rouen sur notre <a href=\"https:\/\/www.whatsapp.com\/channel\/0029VaKfnf99hXF2ddApFB1D\" rel=\"nofollow noopener\" target=\"_blank\">cha\u00eene WhatsApp<\/a> et sur notre <a href=\"https:\/\/www.tiktok.com\/@76actu.fr?lang=fr\" rel=\"nofollow noopener\" target=\"_blank\">compte TikTok<\/a><\/p>\n<p class=\" wall-content\">Personnalisez votre actualit\u00e9 en ajoutant vos villes et m\u00e9dias en favori avec <a href=\"https:\/\/moncompte.actu.fr\" title=\"D\u00e9couvez Mon Actu\" rel=\"nofollow noopener\" data-trk=\"{&quot;cta&quot;:{&quot;action&quot;:&quot;https:\\\/\\\/moncompte.actu.fr&quot;,&quot;category&quot;:&quot;mon compte&quot;,&quot;from&quot;:&quot;article footer&quot;,&quot;name&quot;:&quot;Mon actu&quot;,&quot;type&quot;:&quot;cta&quot;}}\" target=\"_blank\">Mon Actu<\/a>.<\/p>\n<p>                    <script async src=\"\/\/www.tiktok.com\/embed.js\"><\/script><\/p>\n","protected":false},"excerpt":{"rendered":"Par Elo\u00efse Aub\u00e9 Publi\u00e9 le 16 sept. 2025 \u00e0 12h02 ; mis \u00e0 jour le 16 sept. 2025&hellip;\n","protected":false},"author":2,"featured_media":396628,"comment_status":"","ping_status":"","sticky":false,"template":"","format":"standard","meta":{"footnotes":""},"categories":[9587],"tags":[1111,11,1777,674,118,1011,27,1310,12,5161,1072,1311,25,9590],"class_list":{"0":"post-396627","1":"post","2":"type-post","3":"status-publish","4":"format-standard","5":"has-post-thumbnail","7":"category-rouen","8":"tag-actu","9":"tag-actualites","10":"tag-eu","11":"tag-europe","12":"tag-faits-divers","13":"tag-fr","14":"tag-france","15":"tag-incendie","16":"tag-news","17":"tag-normandie","18":"tag-police","19":"tag-pompiers","20":"tag-republique-francaise","21":"tag-rouen"},"share_on_mastodon":{"url":"https:\/\/pubeurope.com\/@fr\/115217749985646286","error":""},"_links":{"self":[{"href":"https:\/\/www.europesays.com\/fr\/wp-json\/wp\/v2\/posts\/396627","targetHints":{"allow":["GET"]}}],"collection":[{"href":"https:\/\/www.europesays.com\/fr\/wp-json\/wp\/v2\/posts"}],"about":[{"href":"https:\/\/www.europesays.com\/fr\/wp-json\/wp\/v2\/types\/post"}],"author":[{"embeddable":true,"href":"https:\/\/www.europesays.com\/fr\/wp-json\/wp\/v2\/users\/2"}],"replies":[{"embeddable":true,"href":"https:\/\/www.europesays.com\/fr\/wp-json\/wp\/v2\/comments?post=396627"}],"version-history":[{"count":0,"href":"https:\/\/www.europesays.com\/fr\/wp-json\/wp\/v2\/posts\/396627\/revisions"}],"wp:featuredmedia":[{"embeddable":true,"href":"https:\/\/www.europesays.com\/fr\/wp-json\/wp\/v2\/media\/396628"}],"wp:attachment":[{"href":"https:\/\/www.europesays.com\/fr\/wp-json\/wp\/v2\/media?parent=396627"}],"wp:term":[{"taxonomy":"category","embeddable":true,"href":"https:\/\/www.europesays.com\/fr\/wp-json\/wp\/v2\/categories?post=396627"},{"taxonomy":"post_tag","embeddable":true,"href":"https:\/\/www.europesays.com\/fr\/wp-json\/wp\/v2\/tags?post=396627"}],"curies":[{"name":"wp","href":"https:\/\/api.w.org\/{rel}","templated":true}]}}