{"id":396647,"date":"2025-09-17T04:38:37","date_gmt":"2025-09-17T04:38:37","guid":{"rendered":"https:\/\/www.europesays.com\/fr\/396647\/"},"modified":"2025-09-17T04:38:37","modified_gmt":"2025-09-17T04:38:37","slug":"les-bus-et-les-trams-circuleront-difficilement","status":"publish","type":"post","link":"https:\/\/www.europesays.com\/fr\/396647\/","title":{"rendered":"les bus et les trams circuleront difficilement"},"content":{"rendered":"<p>            Par<br \/>\n        <strong><br \/>\n            <a href=\"https:\/\/actu.fr\/auteur\/laure-gentil\" title=\"Consulter tous les articles de Laure Gentil\" target=\"_blank\" rel=\"noopener\">Laure Gentil<\/a><br \/>\n        <\/strong><\/p>\n<p>        Publi\u00e9 le<\/p>\n<p>            16 sept. 2025 \u00e0 17h13        <\/p>\n<p>Apr\u00e8s les\u00a0<a href=\"https:\/\/actu.fr\/pays-de-la-loire\/nantes_44109\/bloquons-tout-le-10-septembre-a-nantes-suivez-la-mobilisation-et-la-circulation-en-direct_63134135.html\" target=\"_blank\" rel=\"noopener\">blocages du 10\u00a0septembre<\/a>, la France va conna\u00eetre\u00a0<strong>une deuxi\u00e8me salve de manifestations ce jeudi 18\u00a0septembre 2025<\/strong>. Cette mobilisation est organis\u00e9e \u00e0\u00a0l\u2019appel des\u00a0<a href=\"https:\/\/actu.fr\/tag\/syndicats\" target=\"_blank\" rel=\"noopener\">syndicats<\/a> CFDT, CGT, FO, CFE-CGC, CFTC, Unsa, FSU et Solidaires.<\/p>\n<p class=\" wall-content\">\u00c0 Nantes, la manifestation, qui doit partir du miroir d\u2019eau devant le ch\u00e2teau des ducs de Bretagne perturbera la circulation des trams et des bus. De plus, les organisations syndicales de la Semitan, le service qui exploite les transports en commun \u00e0 Nantes, participent \u00e0 la gr\u00e8ve.<\/p>\n<p>Changement d\u2019horaire<\/p>\n<ul class=\" wall-content\">\n<li>Les lignes de tramway, busway et Chronobus fonctionneront en horaires jour vert. Idem pour les lignes de bus\u2009: 10, 11, 12, 23, 26, 30, 36, 38, 50, 69, 85, 86, 97, 98.<\/li>\n<li>Les lignes 59, 75, 80, 81, 93, E5 et Tempo 1 (Allende \u00a0Gr\u00e9neraie) fonctionneront en horaires jour jaune.<\/li>\n<li>Les lignes 71, 78, 88 et 91 fonctionneront en horaires jour orange.<\/li>\n<li>Les lignes E1, E8 et la ligne scolaire 108 ne circuleront pas.<\/li>\n<li>Les lignes 27, 28, 33, 40, 42, 47, 60, 66, 79, 89, 96, Tempo 2 (Bac d\u2019Indret \u00a0Ch\u00e2teau d\u2019Aux), la ligne Express E4, les dessertes scolaires, la navette a\u00e9roport et les Navibus fonctionneront normalement en horaires jour bleu.<\/li>\n<\/ul>\n<p class=\" wall-content\">L\u2019<strong>espace Mobilit\u00e9 situ\u00e9 \u00e0 Commerce<\/strong> sera exceptionnellement ferm\u00e9.<\/p>\n<p>Coupures temporaires<\/p>\n<p class=\" wall-content\">En raison de manifestations, les lignes de tramway et de bus seront coup\u00e9es en centre-ville\u2009:<\/p>\n<ul class=\" wall-content\">\n<li>la ligne 1 de 9h30 \u00e0 15h30\u2009;<\/li>\n<li>la ligne 2 et la ligne 3, de 10h \u00e0 15h30,<\/li>\n<li>et les lignes de bus C1, C2, C3, C6, C8, 11, 12, 23, 26, de 11h \u00e0 14h30.<\/li>\n<\/ul>\n<p class=\" wall-content\">Personnalisez votre actualit\u00e9 en ajoutant vos villes et m\u00e9dias en favori avec <a href=\"https:\/\/moncompte.actu.fr\" title=\"D\u00e9couvez Mon Actu\" rel=\"nofollow noopener\" data-trk=\"{&quot;cta&quot;:{&quot;action&quot;:&quot;https:\\\/\\\/moncompte.actu.fr&quot;,&quot;category&quot;:&quot;mon compte&quot;,&quot;from&quot;:&quot;article footer&quot;,&quot;name&quot;:&quot;Mon actu&quot;,&quot;type&quot;:&quot;cta&quot;}}\" target=\"_blank\">Mon Actu<\/a>.<\/p>\n","protected":false},"excerpt":{"rendered":"Par Laure Gentil Publi\u00e9 le 16 sept. 2025 \u00e0 17h13 Apr\u00e8s les\u00a0blocages du 10\u00a0septembre, la France va conna\u00eetre\u00a0une&hellip;\n","protected":false},"author":2,"featured_media":396648,"comment_status":"","ping_status":"","sticky":false,"template":"","format":"standard","meta":{"footnotes":""},"categories":[2818],"tags":[1111,11,1777,674,1011,27,52713,1272,766,12,2636,25,104,2803],"class_list":{"0":"post-396647","1":"post","2":"type-post","3":"status-publish","4":"format-standard","5":"has-post-thumbnail","7":"category-nantes","8":"tag-actu","9":"tag-actualites","10":"tag-eu","11":"tag-europe","12":"tag-fr","13":"tag-france","14":"tag-greve-du-18-septembre","15":"tag-manifestations","16":"tag-nantes","17":"tag-news","18":"tag-pays-de-la-loire","19":"tag-republique-francaise","20":"tag-societe","21":"tag-transport"},"share_on_mastodon":{"url":"https:\/\/pubeurope.com\/@fr\/115217793379979047","error":""},"_links":{"self":[{"href":"https:\/\/www.europesays.com\/fr\/wp-json\/wp\/v2\/posts\/396647","targetHints":{"allow":["GET"]}}],"collection":[{"href":"https:\/\/www.europesays.com\/fr\/wp-json\/wp\/v2\/posts"}],"about":[{"href":"https:\/\/www.europesays.com\/fr\/wp-json\/wp\/v2\/types\/post"}],"author":[{"embeddable":true,"href":"https:\/\/www.europesays.com\/fr\/wp-json\/wp\/v2\/users\/2"}],"replies":[{"embeddable":true,"href":"https:\/\/www.europesays.com\/fr\/wp-json\/wp\/v2\/comments?post=396647"}],"version-history":[{"count":0,"href":"https:\/\/www.europesays.com\/fr\/wp-json\/wp\/v2\/posts\/396647\/revisions"}],"wp:featuredmedia":[{"embeddable":true,"href":"https:\/\/www.europesays.com\/fr\/wp-json\/wp\/v2\/media\/396648"}],"wp:attachment":[{"href":"https:\/\/www.europesays.com\/fr\/wp-json\/wp\/v2\/media?parent=396647"}],"wp:term":[{"taxonomy":"category","embeddable":true,"href":"https:\/\/www.europesays.com\/fr\/wp-json\/wp\/v2\/categories?post=396647"},{"taxonomy":"post_tag","embeddable":true,"href":"https:\/\/www.europesays.com\/fr\/wp-json\/wp\/v2\/tags?post=396647"}],"curies":[{"name":"wp","href":"https:\/\/api.w.org\/{rel}","templated":true}]}}