{"id":396651,"date":"2025-09-17T04:40:14","date_gmt":"2025-09-17T04:40:14","guid":{"rendered":"https:\/\/www.europesays.com\/fr\/396651\/"},"modified":"2025-09-17T04:40:14","modified_gmt":"2025-09-17T04:40:14","slug":"des-signaux-positifs-et-des-clients-selectifs","status":"publish","type":"post","link":"https:\/\/www.europesays.com\/fr\/396651\/","title":{"rendered":"des signaux positifs et des clients s\u00e9lectifs"},"content":{"rendered":"<p>      <img fetchpriority=\"high\" decoding=\"async\" class=\"mx-auto\" src=\"data:image\/svg+xml,%3Csvg%20xmlns%3D%27http%3A%2F%2Fwww.w3.org%2F2000%2Fsvg%27%20fill%3D%22%23e4e4e4%22%20viewBox%3D%270%200%20510%20340%27%20width%3D%22510%22%20height%3D%22340%22%3E%3Cpath%20d%3D%27M0%200h510v340H0z%27%2F%3E%3C%2Fsvg%3E\"  loading=\"eager\" width=\"510\" height=\"340\" data-oncrawl-image-size=\"510x340\" alt=\"Le quai de Bacalan, en bordure du quartier des Chartrons.\"\/>      <\/p>\n<p class=\"latino-100m text-grey-600\">\n            Le quai de Bacalan, en bordure du quartier des Chartrons.\u00a0 FRANCK GUIZIOU\/HEMIS.FR        <\/p>\n<p>        Lire\u00a0plus\u00a0tard      <\/p>\n<p><a aria-label=\"Nous suivre sur Google News\" href=\"https:\/\/news.google.com\/publications\/CAAqBwgKMJe4nQkw3dFs?hl=fr&amp;gl=FR&amp;ceid=FR%3Afr\" target=\"_blank\" data-piano=\"Page_Article,Sous_date_publi,Nous_suivre_sur_google_news,1er_clic,action\" class=\"btn btn--small btn--tertiary btn--icon-only\" rel=\"nofollow noopener\"><\/p>\n<p>      Google Actualit\u00e9s<br \/>\n  <\/a><\/p>\n<p>  Partager<\/p>\n<p>        Facebook<\/p>\n<p>        Bluesky<\/p>\n<p>        E-mail<\/p>\n<p>        Copier le lien<\/p>\n<p>      Envoyer<\/p>\n<p>      S\u2019abonner pour lire    <\/p>\n<ul class=\"node__bulletedList antonia-750r text-grey-800 pb-24 pb-md-40\">\n<li>Maisons anciennes\u00a0: 4\u00a0837\u00a0\u20ac\/m2<\/li>\n<li>Evolution sur 1\u00a0an\u00a0: &#8211;\u00a04\u00a0%<\/li>\n<li>Appartements anciens\u00a0: 4\u00a0458\u00a0\u20ac\/m2<\/li>\n<li>Evolution sur 1\u00a0an\u00a0: +1,2\u00a0%<\/li>\n<\/ul>\n<p class=\"node__paragraphe antonia-750r text-grey-800 pb-8\">\nLe march\u00e9 immobilier bordelais confirme une tendance esquiss\u00e9e depuis janvier\u00a0: un red\u00e9marrage prudent. \u00ab\u00a0On sent une vraie reprise, constate Vincent Poulou, pr\u00e9sident de la Fnaim Aquitaine.\u2009Les acheteurs reviennent. Ils avaient mis leur projet en pause depuis presque deux ans, faute de conditions d\u2026<\/p>\n<p class=\"latino-100m text-blue-400\">Article r\u00e9serv\u00e9 aux abonn\u00e9s.<\/p>\n<p>          Se connecter<\/p>\n<p class=\"text-center antonia-1850c\" style=\"margin-bottom:4px;\">Envie de lire la suite ?<\/p>\n<p class=\"text-center antonia-800c pb-16\">Tous nos articles en int\u00e9gralit\u00e9 d\u00e8s\u00a01\u20ac<\/p>\n<p>        S&rsquo;abonner<\/p>\n<p class=\"text-grey-700 or\">ou<\/p>\n<p>            <img width=\"164\" height=\"20\" src=\"data:image\/svg+xml,%3Csvg%20xmlns%3D%27http%3A%2F%2Fwww.w3.org%2F2000%2Fsvg%27%20fill%3D%22%23e4e4e4%22%20viewBox%3D%270%200%20282%2054%27%20width%3D%22282%22%20height%3D%2254%22%3E%3Cpath%20d%3D%27M0%200h282v54H0z%27%2F%3E%3C%2Fsvg%3E\"  class=\"js-swg-placeholder\" alt=\"Subscribe with Google\" loading=\"lazy\" decoding=\"async\"\/><\/p>\n<p>          D\u00e9couvrir toutes nos offres<\/p>\n","protected":false},"excerpt":{"rendered":"Le quai de Bacalan, en bordure du quartier des Chartrons.\u00a0 FRANCK GUIZIOU\/HEMIS.FR Lire\u00a0plus\u00a0tard Google Actualit\u00e9s Partager Facebook Bluesky&hellip;\n","protected":false},"author":2,"featured_media":396652,"comment_status":"","ping_status":"","sticky":false,"template":"","format":"standard","meta":{"footnotes":""},"categories":[2817],"tags":[17,1111,11,1997,647,1777,674,1011,27,1116,12,2219,14489,25,52867,4247],"class_list":{"0":"post-396651","1":"post","2":"type-post","3":"status-publish","4":"format-standard","5":"has-post-thumbnail","7":"category-bordeaux","8":"tag-17","9":"tag-actu","10":"tag-actualites","11":"tag-bordeaux","12":"tag-clients","13":"tag-eu","14":"tag-europe","15":"tag-fr","16":"tag-france","17":"tag-immobilier","18":"tag-news","19":"tag-nouvelle-aquitaine","20":"tag-positifs","21":"tag-republique-francaise","22":"tag-selectifs","23":"tag-signaux"},"share_on_mastodon":{"url":"https:\/\/pubeurope.com\/@fr\/115217801149571526","error":""},"_links":{"self":[{"href":"https:\/\/www.europesays.com\/fr\/wp-json\/wp\/v2\/posts\/396651","targetHints":{"allow":["GET"]}}],"collection":[{"href":"https:\/\/www.europesays.com\/fr\/wp-json\/wp\/v2\/posts"}],"about":[{"href":"https:\/\/www.europesays.com\/fr\/wp-json\/wp\/v2\/types\/post"}],"author":[{"embeddable":true,"href":"https:\/\/www.europesays.com\/fr\/wp-json\/wp\/v2\/users\/2"}],"replies":[{"embeddable":true,"href":"https:\/\/www.europesays.com\/fr\/wp-json\/wp\/v2\/comments?post=396651"}],"version-history":[{"count":0,"href":"https:\/\/www.europesays.com\/fr\/wp-json\/wp\/v2\/posts\/396651\/revisions"}],"wp:featuredmedia":[{"embeddable":true,"href":"https:\/\/www.europesays.com\/fr\/wp-json\/wp\/v2\/media\/396652"}],"wp:attachment":[{"href":"https:\/\/www.europesays.com\/fr\/wp-json\/wp\/v2\/media?parent=396651"}],"wp:term":[{"taxonomy":"category","embeddable":true,"href":"https:\/\/www.europesays.com\/fr\/wp-json\/wp\/v2\/categories?post=396651"},{"taxonomy":"post_tag","embeddable":true,"href":"https:\/\/www.europesays.com\/fr\/wp-json\/wp\/v2\/tags?post=396651"}],"curies":[{"name":"wp","href":"https:\/\/api.w.org\/{rel}","templated":true}]}}