{"id":396653,"date":"2025-09-17T04:41:15","date_gmt":"2025-09-17T04:41:15","guid":{"rendered":"https:\/\/www.europesays.com\/fr\/396653\/"},"modified":"2025-09-17T04:41:15","modified_gmt":"2025-09-17T04:41:15","slug":"a-toulouse-le-futur-amenagement-de-la-place-jeanne-darc-attendu-pour-2030-se-dessine-des-aujourdhui","status":"publish","type":"post","link":"https:\/\/www.europesays.com\/fr\/396653\/","title":{"rendered":"A Toulouse, le futur am\u00e9nagement de la place Jeanne-d\u2019Arc, attendu pour 2030, se dessine d\u00e8s aujourd\u2019hui"},"content":{"rendered":"<p>\n                                                                    l&rsquo;essentiel<br \/>\n                                                                Moins de bruit, plus d\u2019arbres et de convivialit\u00e9 sont attendus lors du futur r\u00e9am\u00e9nagement de la place Jeanne-d\u2019Arc de Toulouse. Le projet de restructuration est en cours d\u2019\u00e9laboration mais ne verra le jour qu\u2019apr\u00e8s l\u2019ouverture de la ligne C de m\u00e9tro et le d\u00e9m\u00e9nagement de la gare routi\u00e8re de Tiss\u00e9o.\n                            <\/p>\n<p data-end=\"332\" data-start=\"61\">C\u2019est un lieu de rendez-vous, mais pas un endroit o\u00f9 les Toulousains s\u2019installent \u00e0 l\u2019ombre d\u2019arbres en fleurs. La place Jeanne-d\u2019Arc \u00e0 Toulouse est avant tout une gare routi\u00e8re o\u00f9 certains bus Tiss\u00e9o stationnent et sous laquelle des automobilistes garent leurs voitures.<\/p>\n<p class=\"std-elt__inline\">\n        <strong>\u00c0 lire aussi :<\/strong><br \/>\n        <a href=\"https:\/\/www.ladepeche.fr\/2024\/09\/14\/toulouse-et-si-vous-reflechissiez-au-futur-de-la-place-jeanne-darc-lors-dun-grand-hackathon-12195842.php\" rel=\"nofollow noopener\" target=\"_blank\">Toulouse\u00a0: et si vous r\u00e9fl\u00e9chissiez au futur de la place Jeanne-d\u2019Arc lors d\u2019un grand hackathon<\/a>\n    <\/p>\n<p data-end=\"790\" data-start=\"334\">D\u2019ici 2030, ce site central du c\u0153ur de ville devrait \u00eatre enti\u00e8rement r\u00e9am\u00e9nag\u00e9. Il interviendra apr\u00e8s l\u2019ouverture de la ligne C de m\u00e9tro et le d\u00e9m\u00e9nagement de la gare routi\u00e8re Tiss\u00e9o. \u00ab\u00a0Certains arr\u00eats de bus seront d\u00e9plac\u00e9s en divers endroits. Cela nous permettra de r\u00e9am\u00e9nager la place et de r\u00e9pondre aux attentes des habitants\u00a0\u00bb, indique Cl\u00e9ment Riquet, le maire de quartier, qui sera aux c\u00f4t\u00e9s de Jean-Luc Moudenc ce mercredi pour une visite du secteur.<\/p>\n<p>Un projet \u00e0 affiner d\u2019ici les deux prochaines ann\u00e9es<\/p>\n<p data-end=\"1272\" data-start=\"792\">Pour recueillir les d\u00e9sid\u00e9ratas des riverains, et plus largement des Toulousains, une concertation a \u00e9t\u00e9 lanc\u00e9e l\u2019an dernier. \u00ab\u00a0Nous avons eu 500 observations. Ce qui ressort beaucoup, c\u2019est que cette place est bruyante et pas tr\u00e8s agr\u00e9able. Les habitants r\u00e9clamaient \u00e9galement davantage d\u2019espaces v\u00e9g\u00e9talis\u00e9s. Au d\u00e9but de l\u2019\u00e9t\u00e9, nous avons commenc\u00e9 \u00e0 travailler sur diff\u00e9rents sc\u00e9narios sur un p\u00e9rim\u00e8tre d\u2019\u00e9tude qui comprend aussi les rues Matabiau et Raymond IV\u00a0\u00bb, poursuit l\u2019\u00e9lu.<\/p>\n<p>        <img decoding=\"async\" class=\"std-img__img responsive-img\" src=\"https:\/\/www.europesays.com\/fr\/wp-content\/uploads\/2025\/09\/1758084075_817_image.png\" alt=\"Un des sc\u00e9narios possibles, mais non d\u00e9finitif, d\u2019am\u00e9nagement de la place Jeanne-d\u2019Arc \u00e0 l\u2019horizon 2030.\"\/><\/p>\n<p>                Un des sc\u00e9narios possibles, mais non d\u00e9finitif, d\u2019am\u00e9nagement de la place Jeanne-d\u2019Arc \u00e0 l\u2019horizon 2030.<br \/>\n                                    Mairie Toulouse &#8211; BAU-B<\/p>\n<p data-end=\"1935\" data-start=\"1274\">Ce qui ressort d\u2019ores et d\u00e9j\u00e0, c\u2019est qu\u2019il sera possible de planter des arbres du c\u00f4t\u00e9 du b\u00e2timent du Cr\u00e9dit Agricole, mais pas sur l\u2019ensemble de la place \u00e0 cause du parking souterrain. \u00ab\u00a0Des sc\u00e9narios \u00e9voquent la possibilit\u00e9 pour les v\u00e9hicules de n\u2019acc\u00e9der qu\u2019\u00e0 un c\u00f4t\u00e9 de la place. Une chose est certaine\u00a0: les habitants veulent que la place soit rafra\u00eechie, plus ombrag\u00e9e, qu\u2019on puisse faire un march\u00e9 ou que les enfants se sentent les bienvenus gr\u00e2ce \u00e0 la pr\u00e9sence de jeux. Certains demandent aussi le maintien de la marquise de la gare routi\u00e8re, mais elle ne fait pas l\u2019unanimit\u00e9. Nous allons relancer une concertation pour affiner\u00a0\u00bb, indique Cl\u00e9ment Riquet.<\/p>\n<p data-end=\"2105\" data-is-last-node=\"\" data-is-only-node=\"\" data-start=\"1937\">Le visage d\u00e9finitif du site, qui sera dessin\u00e9 par l\u2019agence de l\u2019urbaniste catalan Joan Busquets BAU-B, ne sera pas arr\u00eat\u00e9 avant la fin de l\u2019ann\u00e9e prochaine, voire 2027.<\/p>\n<p>    Rue Denfert-Rochereau<\/p>\n<p>La v\u00e9g\u00e9talisation de la rue\u00a0Denfert-Rochereau sera au programme de la visite de quartier du maire de Toulouse ce mercredi. La concertation s\u2019est termin\u00e9e ces jours-ci et la suppression des places de parkings au profit de la v\u00e9g\u00e9talisation\u00a0fait partie des priorit\u00e9s pour les habitants qui ont donn\u00e9 leur avis. Le projet d\u00e9finitif devrait \u00eatre valid\u00e9 au cours des prochains mois pour des travaux d\u2019am\u00e9nagements au d\u00e9but de l\u2019hiver 2026.<\/p>\n","protected":false},"excerpt":{"rendered":"l&rsquo;essentiel Moins de bruit, plus d\u2019arbres et de convivialit\u00e9 sont attendus lors du futur r\u00e9am\u00e9nagement de la place&hellip;\n","protected":false},"author":2,"featured_media":396654,"comment_status":"","ping_status":"","sticky":false,"template":"","format":"standard","meta":{"footnotes":""},"categories":[2816],"tags":[1111,11,1777,674,1011,27,12,2680,25,2312],"class_list":{"0":"post-396653","1":"post","2":"type-post","3":"status-publish","4":"format-standard","5":"has-post-thumbnail","7":"category-toulouse","8":"tag-actu","9":"tag-actualites","10":"tag-eu","11":"tag-europe","12":"tag-fr","13":"tag-france","14":"tag-news","15":"tag-occitanie","16":"tag-republique-francaise","17":"tag-toulouse"},"share_on_mastodon":{"url":"https:\/\/pubeurope.com\/@fr\/115217805078025348","error":""},"_links":{"self":[{"href":"https:\/\/www.europesays.com\/fr\/wp-json\/wp\/v2\/posts\/396653","targetHints":{"allow":["GET"]}}],"collection":[{"href":"https:\/\/www.europesays.com\/fr\/wp-json\/wp\/v2\/posts"}],"about":[{"href":"https:\/\/www.europesays.com\/fr\/wp-json\/wp\/v2\/types\/post"}],"author":[{"embeddable":true,"href":"https:\/\/www.europesays.com\/fr\/wp-json\/wp\/v2\/users\/2"}],"replies":[{"embeddable":true,"href":"https:\/\/www.europesays.com\/fr\/wp-json\/wp\/v2\/comments?post=396653"}],"version-history":[{"count":0,"href":"https:\/\/www.europesays.com\/fr\/wp-json\/wp\/v2\/posts\/396653\/revisions"}],"wp:featuredmedia":[{"embeddable":true,"href":"https:\/\/www.europesays.com\/fr\/wp-json\/wp\/v2\/media\/396654"}],"wp:attachment":[{"href":"https:\/\/www.europesays.com\/fr\/wp-json\/wp\/v2\/media?parent=396653"}],"wp:term":[{"taxonomy":"category","embeddable":true,"href":"https:\/\/www.europesays.com\/fr\/wp-json\/wp\/v2\/categories?post=396653"},{"taxonomy":"post_tag","embeddable":true,"href":"https:\/\/www.europesays.com\/fr\/wp-json\/wp\/v2\/tags?post=396653"}],"curies":[{"name":"wp","href":"https:\/\/api.w.org\/{rel}","templated":true}]}}