{"id":396661,"date":"2025-09-17T04:47:19","date_gmt":"2025-09-17T04:47:19","guid":{"rendered":"https:\/\/www.europesays.com\/fr\/396661\/"},"modified":"2025-09-17T04:47:19","modified_gmt":"2025-09-17T04:47:19","slug":"real-madrid-om-un-double-de-kylian-mbappe-gache-le-retour-des-marseillais-en-ligue-des-champions","status":"publish","type":"post","link":"https:\/\/www.europesays.com\/fr\/396661\/","title":{"rendered":"Real Madrid-OM : un doubl\u00e9 de Kylian Mbapp\u00e9 g\u00e2che le retour des Marseillais en Ligue des champions"},"content":{"rendered":"<ul class=\"jsx-862013697 ArticleChapo__List\">\n<li class=\"jsx-862013697 ArticleChapo__List_Item flex\">L&rsquo;Olympique de Marseille retrouvait les \u00e9toiles de la Ligue des champions ce mardi \u00e0 l&rsquo;occasion d&rsquo;un d\u00e9placement sur la pelouse du Real Madrid.<\/li>\n<li class=\"jsx-862013697 ArticleChapo__List_Item flex\">Malgr\u00e9 une ouverture du score et un carton rouge pour les Espagnols, les Marseillais ont \u00e9t\u00e9 punis par un doubl\u00e9 sur p\u00e9nalty de Kylian Mbapp\u00e9 (2-1).<\/li>\n<li class=\"jsx-862013697 ArticleChapo__List_Item flex\">Revivez le match ci-dessous.<\/li>\n<\/ul>\n<p><a href=\"https:\/\/www.tf1info.fr\/actualite\/ligue-des-champions-2025-2026-classement-calendrier-matches-psg-om-monaco-14336\/\" rel=\"noopener\" class=\"jsx-484472199 Link jsx-1428418400 jsx-3624607963\" target=\"_blank\"><\/p>\n<p style=\"font-weight:400\" class=\"jsx-1837267516\">Suivez la couverture compl\u00e8te<\/p>\n<p style=\"font-weight:800\" class=\"jsx-1837267516\">Ligue des champions 2025-2026 : le PSG en favori, l&rsquo;OM et Monaco en outsiders<\/p>\n<p><\/a><\/p>\n<p data-module=\"article-paragraph\" class=\"jsx-3046738180 Paragraph Paragraph__End\">Il n&rsquo;y avait peut-\u00eatre pas plus belle enceinte pour des retrouvailles avec la Ligue des champions, mais elles ont \u00e9t\u00e9 manqu\u00e9es. Malgr\u00e9 une ouverture du score et un carton rouge pour les Madril\u00e8nes, les Marseillais se sont inclin\u00e9s ce mardi 16 septembre sur la pelouse du Real Madrid (2-1), \u00e0 l&rsquo;occasion de la premi\u00e8re journ\u00e9e de la phase de ligue de C1. La faute \u00e0 <a href=\"https:\/\/www.tf1info.fr\/actualite\/fiche-joueur-kylian-mbappe-11796\/\" target=\"_blank\" rel=\"noopener\">Kylian Mbapp\u00e9<\/a>, tr\u00e8s en jambes et double buteur sur p\u00e9nalty.<\/p>\n<p data-module=\"article-paragraph\" class=\"jsx-3046738180 Paragraph Paragraph__End\">La soir\u00e9e avait pourtant bien commenc\u00e9 pour les Phoc\u00e9ens, qui ont d&rsquo;abord eu la r\u00e9ussite de leur c\u00f4t\u00e9. Car le d\u00e9but de match \u00e9tait enti\u00e8rement \u00e0 l&rsquo;avantage du Real Madrid, qui a touch\u00e9 le poteau (6&prime;), chauff\u00e9 le gardien marseillais Geronimo Rulli (8&prime;, 10&prime;, 21&prime;), tandis que Kylian Mbapp\u00e9 aurait pu (d\u00e9j\u00e0) marquer l&rsquo;un des buts de la saison (2&prime;). Mais c&rsquo;est bien l&rsquo;OM qui a frapp\u00e9 en premier. Apr\u00e8s une r\u00e9cup\u00e9ration <a href=\"https:\/\/www.tf1info.fr\/international\/manchester-united-mason-greenwood-inculpe-pour-tentative-de-viol-et-coups-et-blessure-2235533.html\" target=\"_blank\" rel=\"noopener\">de Greenwood<\/a> dans les pieds d&rsquo;Arda G\u00fcler, Timothy Weah a remport\u00e9 son duel avec Courtois et plac\u00e9 les Marseillais devant (22&prime;, 0-1).<\/p>\n<p>7 minutes au paradis<\/p>\n<p data-module=\"article-paragraph\" class=\"jsx-3046738180 Paragraph Paragraph__End\">La joie a toutefois \u00e9t\u00e9 de courte dur\u00e9e. Dans les minutes suivantes, Rodrygo s&rsquo;est infiltr\u00e9 dans la surface des vice-champions de France et \u00e9croul\u00e9 apr\u00e8s un contact avec Kondogbia. L&rsquo;arbitre a alors d\u00e9sign\u00e9 sans la moindre h\u00e9sitation le point de p\u00e9nalty, que s&rsquo;est charg\u00e9 de transformer Kylian Mbapp\u00e9 (29&prime;, 1-1).<\/p>\n<p data-module=\"article-paragraph\" class=\"jsx-3046738180 Paragraph Paragraph__End\">Au retour des vestiaires, un fait de jeu aurait bien pu changer la rencontre. Alors que le Real s&rsquo;\u00e9tait offert un corner, Dani Carvajal met un coup de t\u00eate \u00e0 Rulli apr\u00e8s un \u00e9change verbal muscl\u00e9. Le gardien argentin de l&rsquo;OM, meilleur marseillais de la rencontre, s&rsquo;effondre, les mains autour du visage. L&rsquo;arbitre sort finalement le carton rouge apr\u00e8s intervention de la VAR (72&prime;). Il reste alors 20 minutes \u00e0 Marseille pour devenir le premier club fran\u00e7ais \u00e0 s&rsquo;imposer au stade Santiago Bernab\u00e9u.<\/p>\n<blockquote data-testid=\"EmbedTwitter\" id=\"tweet-1968042040383693062-:R9fcmj9n79m:\" class=\"jsx-aeff1a1c40f54d7a twitter-tweet flex justify-center items-center\"><p>10 &#8211; Ger\u00f3nimo Rulli a r\u00e9alis\u00e9 dix arr\u00eats pour Marseille lors de la premi\u00e8re p\u00e9riode, aucun gardien n&rsquo;en a compt\u00e9 plus sur une p\u00e9riode (premi\u00e8re ou seconde) de Ligue des Champions depuis qu&rsquo;Opta l&rsquo;analyse (2003\/04). Pompier.  #RMAOM pic.twitter.com\/HYbsEMO5TY \u2014 OptaJean (@OptaJean)  September 16, 2025<\/p><\/blockquote>\n<p data-module=\"article-paragraph\" class=\"jsx-3046738180 Paragraph Paragraph__End\">Il n&rsquo;en sera rien. Comme \u00e0 Rennes en d\u00e9but de saison, la sup\u00e9riorit\u00e9 num\u00e9rique fait d\u00e9faut aux Marseillais. Sur un nouveau p\u00e9nalty, plus litigieux, Kylian Mbapp\u00e9 inscrit un doubl\u00e9 (81&prime;, 2-1) et permet au club de la capitale espagnole de l&#8217;emporter. \u00ab\u00a0M\u00eame \u00e0 10, au Bernab\u00e9u, on a toujours notre moment\u00a0\u00bb, a r\u00e9agi <a href=\"https:\/\/www.tf1info.fr\/sport\/direct-ukraine-france-les-bleus-veulent-partir-du-bon-pied-pour-se-qualifier-a-la-coupe-du-monde-2026-2392914.html\" target=\"_blank\" rel=\"noopener\">le capitaine des Bleus<\/a>, qui n&rsquo;a jamais perdu dans sa carri\u00e8re face \u00e0 l&rsquo;OM, au micro de Canal+. \u00ab\u00a0Il est arriv\u00e9, on est content de commencer avec cette victoire en Champions League.\u00a0\u00bb<\/p>\n<p><a href=\"https:\/\/www.tf1info.fr\/sport\/heros-du-mondial-2018-samuel-umtiti-annonce-sa-retraite-a-31-ans-2394778.html\" rel=\"noopener\" class=\"jsx-3308031228 Link flex\" target=\"_blank\"><img decoding=\"async\" src=\"https:\/\/www.europesays.com\/fr\/wp-content\/uploads\/2025\/09\/umtiti-2-8a5548-0@1x.jpeg\" alt=\"Pau BARRENA \/ AFP\" loading=\"lazy\" importance=\"low\" fetchpriority=\"low\" class=\"\" aria-hidden=\"true\"\/><\/p>\n<p class=\"jsx-3657663356 ReadMoreArticle__Title\">Lire aussi<\/p>\n<p class=\"jsx-3657663356\">H\u00e9ros du Mondial 2018, Samuel Umtiti annonce sa retraite \u00e0 31 ans<\/p>\n<p><\/a><\/p>\n<p data-module=\"article-paragraph\" class=\"jsx-3046738180 Paragraph Paragraph__End\">L&rsquo;OM, lui, entame sa campagne 2025\/2026 par une d\u00e9faite et des regrets. Les plus optimistes rappelleront qu&rsquo;il s&rsquo;agissait sans doute, avec la r\u00e9ception de Liverpool en janvier, du match le plus difficile <a href=\"https:\/\/www.tf1info.fr\/sport\/en-direct-football-ligue-des-champions-quels-adversaires-pour-le-psg-l-om-et-monaco-suivez-le-tirage-au-sort-2391285.html\" target=\"_blank\" rel=\"noopener\">de sa phase de ligue<\/a>. Place d\u00e9sormais \u00e0 une r\u00e9ception pour se replacer au classement : celle de l&rsquo;Ajax Amsterdam, le 30 septembre prochain. Mais un autre choc attend le V\u00e9lodrome d\u00e8s dimanche, avec le classique face au PSG, <a href=\"https:\/\/www.tf1info.fr\/sport\/l-om-ambitieux-2-clubs-a-paris-des-champions-du-monde-les-promesses-de-la-nouvelle-saison-de-ligue-1-2388959.html\" target=\"_blank\" rel=\"noopener\">en Ligue 1<\/a> (le 21 septembre \u00e0 20h45, en live comment\u00e9 sur TF1info).<\/p>\n<p><img decoding=\"async\" src=\"https:\/\/www.europesays.com\/fr\/wp-content\/uploads\/2025\/09\/ligue-des-champions-illustration-1-009424-1@1x.jpeg\" alt=\"Valentin Flauraud \/ AFP\" loading=\"lazy\" importance=\"low\" fetchpriority=\"low\" class=\"\"\/>TERMIN\u00c9<\/p>\n<p class=\"jsx-1738046559 ScoreBoard__SubTitle\">Ligue des champions &#8211; 1\u02b3\u1d49 journ\u00e9e<\/p>\n<p class=\"jsx-1738046559 ScoreBoard__SubTitle\">Le 16 septembre 2025 , stade Santiago Bernab\u00e9u &#8211; Madrid (Espagne)<\/p>\n<p class=\"jsx-1738046559 ScoreBoard__Teams__NameA\">Real Madrid<\/p>\n<p class=\"jsx-1738046559 ScoreBoard__Teams__NameB\">Marseille<\/p>\n<p><img decoding=\"async\" src=\"https:\/\/www.europesays.com\/fr\/wp-content\/uploads\/2025\/07\/logo-real-madrid-2-3bd49b-0@1x.png\" alt=\"\" loading=\"eager\" importance=\"low\" fetchpriority=\"low\" class=\"\"\/><\/p>\n<p>2 &#8211; 1<\/p>\n<p><img decoding=\"async\" src=\"https:\/\/www.europesays.com\/fr\/wp-content\/uploads\/2025\/09\/om-logo-3-3aef10-0@1x.png\" alt=\"\" loading=\"eager\" importance=\"low\" fetchpriority=\"low\" class=\"\"\/><\/p>\n<ul class=\"jsx-1738046559 ScoreBoard__Teams__ScoresA\">\n<li class=\"jsx-1738046559\">K. Mbapp\u00e9 (pen.) 29&prime;, 81&prime;<\/li>\n<\/ul>\n<p>Par Actions<\/p>\n<p>Fin du matchCarton jauneChangementButPenaltyCarton rougeStatistiquesRepriseMi-tempsCoup d&rsquo;envoi<\/p>\n<p>Valider les filtresR\u00e9initialiser les filtres<\/p>\n<p>Minute par minuteFiltrer par Sports et ActionsFiltrer23:35<br class=\"jsx-494582681\"\/> 16 septembre 2025<\/p>\n<p>Ce live est \u00e0 pr\u00e9sent termin\u00e9.\u00a0<\/p>\n<p>Suivez nos directs du moment :22:59<br class=\"jsx-494582681\"\/> 16 septembre 2025<\/p>\n<p><strong>C&rsquo;est termin\u00e9 \u00e0 Madrid ! Men\u00e9 au score et en inf\u00e9riorit\u00e9 num\u00e9rique depuis le rouge de Carvajal, le Real l&#8217;emporte gr\u00e2ce \u00e0 un doubl\u00e9 sur p\u00e9nalty de Kylian Mbapp\u00e9 (2-1). L&rsquo;OM manque ses retrouvailles avec la Ligue des champions.<\/strong><\/p>\n<p>90&rsquo;+722:59<br class=\"jsx-494582681\"\/> 16 septembre 2025<\/p>\n<p>Carton jaune pour Carreras apr\u00e8s une faute sur Egan-Riley.<\/p>\n<p>90&rsquo;+622:58<br class=\"jsx-494582681\"\/> 16 septembre 2025<\/p>\n<p>La t\u00eate de Balerdi fuit le cadre de Courtois. Il y aura peut-\u00eatre une derni\u00e8re opportunit\u00e9 pour les vice-champions de France.<\/p>\n<p>90&rsquo;+522:57<br class=\"jsx-494582681\"\/> 16 septembre 2025<\/p>\n<p>Encore un corner pour l&rsquo;OM \u00e0 deux minutes du coup de sifflet final.<\/p>\n<p>90&rsquo;+222:55<br class=\"jsx-494582681\"\/> 16 septembre 2025<\/p>\n<p><strong>La reprise de Greenwood passe au-dessus !<\/strong> Quelle opportunit\u00e9 manqu\u00e9e pour les Marseillais.<\/p>\n<p>90&rsquo;+222:54<br class=\"jsx-494582681\"\/> 16 septembre 2025<\/p>\n<p>Paixao entre dans la surface madril\u00e8ne et offre un corner \u00e0 l&rsquo;OM.<\/p>\n<p>90&rsquo;+122:53<br class=\"jsx-494582681\"\/> 16 septembre 2025<\/p>\n<p>\u231a Sept minutes de temps additionnel dans cette deuxi\u00e8me p\u00e9riode. Suffisant pour l&rsquo;OM ?<\/p>\n<p>89&rsquo;22:51<br class=\"jsx-494582681\"\/> 16 septembre 2025<\/p>\n<p>Corner de Gouiri sur Greenwood&#8230; Sa reprise est manqu\u00e9e.<\/p>\n<p>88&rsquo;22:50<br class=\"jsx-494582681\"\/> 16 septembre 2025<\/p>\n<p>Dernier changement pour Marseille : Egan-Riley remplace Pavard.<\/p>\n<p>86&rsquo;22:48<br class=\"jsx-494582681\"\/> 16 septembre 2025<\/p>\n<p><strong>Courtois sauve le Real !<\/strong> Le Belge s&rsquo;interpose sur la frappe de Greenwood.<\/p>\n<p>85&rsquo;22:47<br class=\"jsx-494582681\"\/> 16 septembre 2025<\/p>\n<p><strong>La frappe de Brahim D\u00edaz !<\/strong> Elle est repouss\u00e9e par Rulli.<\/p>\n<p>84&rsquo;22:47<br class=\"jsx-494582681\"\/> 16 septembre 2025<\/p>\n<p>Les Marseillais font le si\u00e8ge de la surface madril\u00e8ne. Le Real proc\u00e8de en contre.<\/p>\n<p>81&rsquo;22:44<br class=\"jsx-494582681\"\/> 16 septembre 2025<\/p>\n<p><strong>BUUUUUUUUUUT POUR LE REAL !!! Comme en premi\u00e8re p\u00e9riode, Kylian Mbapp\u00e9 frappe sur sa droite. Geronimo Rulli touche le ballon, mais ne peut repousser la frappe. 2-1 pour le Real Madrid, il reste 10 minutes aux Marseillais en sup\u00e9riorit\u00e9 num\u00e9rique pour \u00e9galiser.<\/strong><\/p>\n<p>81&rsquo;22:43<br class=\"jsx-494582681\"\/> 16 septembre 2025<\/p>\n<p>Kylian Mbapp\u00e9 va se charger du p\u00e9nalty. L&rsquo;ancien Parisien, qui en a d\u00e9j\u00e0 mis un en premi\u00e8re p\u00e9riode, peut mettre le Real devant.<\/p>\n<p>79&rsquo;22:42<br class=\"jsx-494582681\"\/> 16 septembre 2025<\/p>\n<p><strong>P\u00e9nalty pour le Real Madrid ! Medina est sanctionn\u00e9 pour une main dans la surface.<\/strong><\/p>\n<p>77&rsquo;22:39<br class=\"jsx-494582681\"\/> 16 septembre 2025<\/p>\n<p>Nouveaux changements pour l&rsquo;OM : Emerson et Weah sont remplac\u00e9s par Murillo et Gouiri.<\/p>\n<p>76&rsquo;22:38<br class=\"jsx-494582681\"\/> 16 septembre 2025<\/p>\n<p>Kylian Mbapp\u00e9 tente une reprise acrobatique depuis l&rsquo;entr\u00e9e de la surface de r\u00e9paration. C&rsquo;est manqu\u00e9.<\/p>\n<p>75&rsquo;22:38<br class=\"jsx-494582681\"\/> 16 septembre 2025<\/p>\n<p>Facundo Medina est averti apr\u00e8s un accrochage sur Brahim Diaz.<\/p>\n<p>74&rsquo;22:37<br class=\"jsx-494582681\"\/> 16 septembre 2025<\/p>\n<p>Changement d\u00e9fensif pour le Real Madrid : Asencio remplace Arda G\u00fcler.<\/p>\n<p>72&rsquo;22:34<br class=\"jsx-494582681\"\/> 16 septembre 2025<\/p>\n<p><strong>Carton rouge pour Carvajal ! Le Real Madrid va terminer \u00e0 10.<\/strong><\/p>\n<p>71&rsquo;22:33<br class=\"jsx-494582681\"\/> 16 septembre 2025<\/p>\n<p>L&rsquo;arbitre se dirige vers son \u00e9cran vid\u00e9o pour un potentiel carton rouge pour Carvajal.<\/p>\n<p>69&rsquo;22:31<br class=\"jsx-494582681\"\/> 16 septembre 2025<\/p>\n<p>Coup de t\u00eate de Carvajal sur Rulli. Le gardien marseillais reste au sol. L&rsquo;arbitre va-t-il \u00eatre appel\u00e9 par la VAR ?<\/p>\n<p>68&rsquo;22:31<br class=\"jsx-494582681\"\/> 16 septembre 2025<\/p>\n<p><strong>Le sauvetage d&rsquo;Emerson ! <\/strong>L&rsquo;international italien d\u00e9gage sur sa ligne alors que le but \u00e9tait vide pour les attaquants madril\u00e8nes.<\/p>\n<p>67&rsquo;22:30<br class=\"jsx-494582681\"\/> 16 septembre 2025<\/p>\n<p>Vinicius trouve l&rsquo;ouverture dans la surface marseillaise avant de s&#8217;emm\u00ealer les pinceaux. Voil\u00e0 un nouveau danger pour l&rsquo;OM.<\/p>\n<p>66&rsquo;22:28<br class=\"jsx-494582681\"\/> 16 septembre 2025<\/p>\n<p>Double changement pour l&rsquo;OM. O&rsquo;Riley et Kondogbia sont remplac\u00e9s par Paixao et Vermeeren.<\/p>\n<p>63&rsquo;22:25<br class=\"jsx-494582681\"\/> 16 septembre 2025<\/p>\n<p>Double changement pour le Real Madrid. Vinicius Jr et Brahim Diaz remplacent Rodrygo et Mastantuono.<\/p>\n<p>62&rsquo;22:24<br class=\"jsx-494582681\"\/> 16 septembre 2025<\/p>\n<p>L&rsquo;OM a d\u00e9sormais la majorit\u00e9 de la possession du ballon. 53%, contre 47% pour le Real.<\/p>\n<p>60&rsquo;22:22<br class=\"jsx-494582681\"\/> 16 septembre 2025<\/p>\n<p>Balerdi reste au sol apr\u00e8s un contact avec Mbapp\u00e9. Le capitaine marseillais finit par se relever.<\/p>\n<p>59&rsquo;22:21<br class=\"jsx-494582681\"\/> 16 septembre 2025<\/p>\n<p>Le centre-tir de Greenwood est d\u00e9gag\u00e9 par Huijsen. \u00c7a va mieux pour l&rsquo;OM depuis quelques instants.<\/p>\n<p>57&rsquo;22:19<br class=\"jsx-494582681\"\/> 16 septembre 2025<\/p>\n<p><strong>La frappe d&rsquo;Aubameyang ! <\/strong>Elle est repouss\u00e9e des deux mains par Courtois.<\/p>\n<p>56&rsquo;22:18<br class=\"jsx-494582681\"\/> 16 septembre 2025<\/p>\n<p>Kylian Mbapp\u00e9 reste plusieurs secondes au sol apr\u00e8s son contact avec Balerdi. \u00c7a devrait aller pour le num\u00e9ro 10 madril\u00e8ne.<\/p>\n<p>55&rsquo;22:17<br class=\"jsx-494582681\"\/> 16 septembre 2025<\/p>\n<p>Eder Militao est averti apr\u00e8s une faute sur Aubameyang.<\/p>\n<p>54&rsquo;22:16<br class=\"jsx-494582681\"\/> 16 septembre 2025<\/p>\n<p>Kylian Mbapp\u00e9 s&rsquo;\u00e9croule dans la surface apr\u00e8s un duel avec Leonardo Balerdi. L&rsquo;Argentin prend le ballon juste avant la cheville du Fran\u00e7ais. Pas de coup de sifflet.<\/p>\n<p>54&rsquo;22:16<br class=\"jsx-494582681\"\/> 16 septembre 2025<\/p>\n<p>Geronimo Rulli est encore \u00e0 la parade ! Cette fois sur une frappe lointaine de Mastantuono.<\/p>\n<p>53&rsquo;22:15<br class=\"jsx-494582681\"\/> 16 septembre 2025<\/p>\n<p>Le centre de Carvajal termine directement dans les gants de Rulli.<\/p>\n<p>51&rsquo;22:13<br class=\"jsx-494582681\"\/> 16 septembre 2025<\/p>\n<p>D\u00e9j\u00e0 11 tirs cadr\u00e9s pour le Real Madrid. 3 pour l&rsquo;OM.<\/p>\n<p>50&rsquo;22:12<br class=\"jsx-494582681\"\/> 16 septembre 2025<\/p>\n<p><strong>La barre pour le Real !<\/strong> La frappe de Mbapp\u00e9, d\u00e9vi\u00e9e par Aubameyang, \u00e9choue sur le cadre phoc\u00e9en.<\/p>\n<p>50&rsquo;22:12<br class=\"jsx-494582681\"\/> 16 septembre 2025<\/p>\n<p>Le pressing du Real Madrid oblige Geronimo Rulli \u00e0 d\u00e9gager directement en corner.<\/p>\n<p>48&rsquo;22:10<br class=\"jsx-494582681\"\/> 16 septembre 2025<\/p>\n<p>Benjamin Pavard conc\u00e8de un corner apr\u00e8s un centre de Militao vers Mbapp\u00e9. Le capitaine tricolore semblait hors-jeu.<\/p>\n<p>46&rsquo;22:08<br class=\"jsx-494582681\"\/> 16 septembre 2025<\/p>\n<p>Carton jaune pour Benjamin Pavard apr\u00e8s un tacle non ma\u00eetris\u00e9 sur Carreras.<\/p>\n<p>22:07<br class=\"jsx-494582681\"\/> 16 septembre 2025<\/p>\n<p><strong>C&rsquo;est reparti \u00e0 Madrid ! Kylian Mbapp\u00e9 donne le coup d&rsquo;envoi de cette seconde p\u00e9riode.<\/strong><\/p>\n<p>MI-TEMPS22:02<br class=\"jsx-494582681\"\/> 16 septembre 2025<\/p>\n<p>C&rsquo;est l&rsquo;homme de cette premi\u00e8re p\u00e9riode : Geronimo Rulli. Le portier phoc\u00e9en a r\u00e9alis\u00e9 dix arr\u00eats au cours des 45 premi\u00e8res minutes, rapporte Opta.<\/p>\n<blockquote data-testid=\"EmbedTwitter\" id=\"tweet-1968042040383693062-:R1pld6b9jcmj9n79m:\" class=\"jsx-aeff1a1c40f54d7a twitter-tweet flex justify-center items-center\"><p>10 &#8211; Ger\u00f3nimo Rulli a r\u00e9alis\u00e9 dix arr\u00eats pour Marseille lors de la premi\u00e8re p\u00e9riode, aucun gardien n&rsquo;en a compt\u00e9 plus sur une p\u00e9riode (premi\u00e8re ou seconde) de Ligue des Champions depuis qu&rsquo;Opta l&rsquo;analyse (2003\/04). Pompier.  #RMAOM pic.twitter.com\/HYbsEMO5TY \u2014 OptaJean (@OptaJean)  September 16, 2025<\/p><\/blockquote>\n<p>21:52<br class=\"jsx-494582681\"\/> 16 septembre 2025<\/p>\n<p><strong>C&rsquo;est la pause au stade Santiago Bernab\u00e9u ! L&rsquo;OM avait fait le coup parfait en ouvrant le score gr\u00e2ce \u00e0 Timothy Weah, mais l&rsquo;avantage n&rsquo;a tenu que quelques minutes, avant l&rsquo;\u00e9galisation sur penalty de Kylian Mbapp\u00e9. 1-1 \u00e0 mi-chemin, tout reste \u00e0 faire !<\/strong><\/p>\n<p>45&rsquo;+321:51<br class=\"jsx-494582681\"\/> 16 septembre 2025<\/p>\n<p>Kylian Mbapp\u00e9 offre le but du 2-1 \u00e0 Franco Mastantuono, seul face \u00e0 Rulli&#8230; mais l&rsquo;Argentin frappe sur Rulli. L&rsquo;OM a eu chaud !<\/p>\n<p>45&rsquo;+321:50<br class=\"jsx-494582681\"\/> 16 septembre 2025<\/p>\n<p>La frappe lointaine de Greenwood est capt\u00e9e sans difficult\u00e9 par Courtois.<\/p>\n<p>45&rsquo;+221:49<br class=\"jsx-494582681\"\/> 16 septembre 2025<\/p>\n<p>Sur un ballon perdu par l&rsquo;OM, Arda G\u00fcler tente sa chance de loin&#8230; \u00c7a passe au-dessus de la barre de Rulli.<\/p>\n<p>45&rsquo;+221:48<br class=\"jsx-494582681\"\/> 16 septembre 2025<\/p>\n<p>Les Marseillais monopolisent le ballon dans les derniers instants de cette premi\u00e8re p\u00e9riode et font retomber le rythme.<\/p>\n<p>45&rsquo;+121:47<br class=\"jsx-494582681\"\/> 16 septembre 2025<\/p>\n<p>\u231a Trois minutes de temps additionnel dans ce premier acte.<\/p>\n<p>45&rsquo;21:47<br class=\"jsx-494582681\"\/> 16 septembre 2025<\/p>\n<p>\u00c7a chauffe entre Aubameyang et Huijsen apr\u00e8s une faute d&rsquo;anti-jeu du Gabonais. L&rsquo;arbitre intervient.<\/p>\n<p>Voir plus<\/p>\n<p>41&rsquo;21:43<br class=\"jsx-494582681\"\/> 16 septembre 2025<\/p>\n<p><strong>Nouvelle parade de Rulli face \u00e0 Mbapp\u00e9 !<\/strong> Le num\u00e9ro 10 du Real avait profit\u00e9 d&rsquo;une mauvaise relance de la d\u00e9fense marseillaise pour tenter sa chance.<\/p>\n<p>39&rsquo;21:42<br class=\"jsx-494582681\"\/> 16 septembre 2025<\/p>\n<p><strong>Aubameyang manque le cadre !<\/strong> L&rsquo;ancien St\u00e9phanois remporte son duel avec Militao et s&rsquo;offre un duel avec Courtois&#8230; \u00c7a passe \u00e0 c\u00f4t\u00e9.<\/p>\n<p>38&rsquo;21:40<br class=\"jsx-494582681\"\/> 16 septembre 2025<\/p>\n<p>Au tour de Matt O&rsquo;Riley de tenter sa chance de loin. \u00c7a passe au-dessus pour le nouveau Danois de l&rsquo;OM.<\/p>\n<p>35&rsquo;21:37<br class=\"jsx-494582681\"\/> 16 septembre 2025<\/p>\n<p>Premier carton jaune de la partie, il est pour Aur\u00e9lien Tchouam\u00e9ni apr\u00e8s une faute sur Hojbjerg.<\/p>\n<p>33&rsquo;21:35<br class=\"jsx-494582681\"\/> 16 septembre 2025<\/p>\n<p><strong>La frappe de Tchouam\u00e9ni !<\/strong> Rulli d\u00e9tourne en corner apr\u00e8s cette tentative lointaine et puissante.<\/p>\n<p>32&rsquo;21:34<br class=\"jsx-494582681\"\/> 16 septembre 2025<\/p>\n<p>Les Marseillais r\u00e9clament une main sur une frappe dans la surface madril\u00e8ne de Kondogbia. L&rsquo;arbitre n&rsquo;intervient pas.<\/p>\n<p>30&rsquo;21:33<br class=\"jsx-494582681\"\/> 16 septembre 2025<\/p>\n<p><strong>Le festival de Mastantuono !<\/strong> L&rsquo;international argentin dribble toute la d\u00e9fense marseillaise et finit par buter sur son compatriote Rulli.<\/p>\n<p>29&rsquo;21:31<br class=\"jsx-494582681\"\/> 16 septembre 2025<\/p>\n<p><strong>BUUUUUUUUUUUUT POUR LE REAL !!! Kylian Mbapp\u00e9 frappe le p\u00e9nalty sur sa gauche, Geronimo Rulli part du bon c\u00f4t\u00e9, mais ne peut s&rsquo;interposer. 1-1, tout est \u00e0 refaire pour l&rsquo;OM !<\/strong><\/p>\n<p>27&rsquo;21:30<br class=\"jsx-494582681\"\/> 16 septembre 2025<\/p>\n<p><strong>P\u00e9nalty pour le Real Madrid ! Kondogbia est fautif sur Rodrygo, l&rsquo;arbitre n&rsquo;h\u00e9site pas une seule seconde. Balle de 1-1.<\/strong><\/p>\n<p>25&rsquo;21:28<br class=\"jsx-494582681\"\/> 16 septembre 2025<\/p>\n<p><strong>Timothy Weah encore ! <\/strong>Thibaut Courtois plonge sur sa droite pour emp\u00eacher le Marseillais de s&rsquo;offrir un doubl\u00e9.<\/p>\n<p>22&rsquo;21:25<br class=\"jsx-494582681\"\/> 16 septembre 2025<\/p>\n<p><strong>BUUUUUUUUUT POUR L&rsquo;OM !!! Apr\u00e8s une r\u00e9cup\u00e9ration de Greenwood dans les pieds de G\u00fcler, Timothy Weah remporte son duel avec Courtois et cueille \u00e0 froid le Bernab\u00e9u. 1-0 pour l&rsquo;Olympique de Marseille face au Real Madrid !<\/strong><\/p>\n<p>21&rsquo;21:23<br class=\"jsx-494582681\"\/> 16 septembre 2025<\/p>\n<p>Nouveau duel entre Kylian Mbapp\u00e9 et Geronimo Rulli. Le portier phoc\u00e9en capte sans difficult\u00e9.<\/p>\n<p>19&rsquo;21:21<br class=\"jsx-494582681\"\/> 16 septembre 2025<\/p>\n<p>Kylian Mbapp\u00e9 s&rsquo;\u00e9croule dans la surface marseillaise apr\u00e8s un contact avec Balerdi. Pas de coup de sifflet.<\/p>\n<p>18&rsquo;21:21<br class=\"jsx-494582681\"\/> 16 septembre 2025<\/p>\n<p>Geoffrey Kondogbia s&rsquo;est relev\u00e9 et il se rend coupable d&rsquo;une faute sur Arda G\u00fcler. Le Real Madrid reprend le ballon dans le camp marseillais.<\/p>\n<p>17&rsquo;21:19<br class=\"jsx-494582681\"\/> 16 septembre 2025<\/p>\n<p>Geoffrey Kondogbia reste au sol apr\u00e8s un duel avec Dani Carvajal. L&rsquo;Espagnol n&rsquo;est pas sanctionn\u00e9 d&rsquo;une faute, selon l&rsquo;arbitre. Les soigneurs entrent sur le terrain, mais \u00e7a devrait aller pour Kondogbia.<\/p>\n<p>14&rsquo;21:16<br class=\"jsx-494582681\"\/> 16 septembre 2025<\/p>\n<p><strong>La frappe de Weah ! <\/strong>L&rsquo;Am\u00e9ricain \u00e9limine Carvajal et enroule du pied droit&#8230; \u00c7a passe au-dessus de la lucarne de Courtois. Premi\u00e8re occasion pour l&rsquo;OM.<\/p>\n<p>13&rsquo;21:16<br class=\"jsx-494582681\"\/> 16 septembre 2025<\/p>\n<p>Franco Mastantuno tente un enroul\u00e9 du pied gauche \u00e0 20 m\u00e8tres des cages de Geronimo Rulli, ce n&rsquo;est pas cadr\u00e9.<\/p>\n<p>10&rsquo;21:13<br class=\"jsx-494582681\"\/> 16 septembre 2025<\/p>\n<p><strong>Rulli face \u00e0 Mbapp\u00e9 ! <\/strong>C&rsquo;est le gardien marseillais qui remporte son duel, apr\u00e8s la frappe pied gauche du capitaine de l&rsquo;\u00e9quipe de France.<\/p>\n<p>10&rsquo;21:12<br class=\"jsx-494582681\"\/> 16 septembre 2025<\/p>\n<p>Les dix premi\u00e8res minutes sont compliqu\u00e9es pour l&rsquo;OM. D\u00e9j\u00e0 trois occasions franches pour le Real, qui compte 63% de possession de balle.<\/p>\n<p>8&rsquo;21:11<br class=\"jsx-494582681\"\/> 16 septembre 2025<\/p>\n<p><strong>La frappe de Rodrygo !<\/strong> Elle est capt\u00e9e par Rulli. Les Madril\u00e8nes r\u00e9clament ensuite une passe en retrait prise \u00e0 la main par le gardien marseillais, pas de coup de sifflet.<\/p>\n<p>6&rsquo;21:08<br class=\"jsx-494582681\"\/> 16 septembre 2025<\/p>\n<p><strong>Le poteau pour le Real !<\/strong> Franco Mastantuono prend le meilleur sur Facundo Medina et trouve le poteau de Geronimo Rulli.<\/p>\n<p>5&rsquo;21:07<br class=\"jsx-494582681\"\/> 16 septembre 2025<\/p>\n<p>Premier changement pour le Real Madrid. Dani Carvajal remplace Trent Alexander-Arnold, bless\u00e9.<\/p>\n<p>4&rsquo;21:06<br class=\"jsx-494582681\"\/> 16 septembre 2025<\/p>\n<p>Trent Alexander-Arnold reste au sol et se tient la cuisse. Cela risque d&rsquo;\u00eatre compliqu\u00e9 pour l&rsquo;ancien arri\u00e8re droit de Liverpool.<\/p>\n<p>3&rsquo;21:05<br class=\"jsx-494582681\"\/> 16 septembre 2025<\/p>\n<p>Premi\u00e8re incursion marseillaise dans le camp madril\u00e8ne. Aur\u00e9lien Tchouam\u00e9ni intervient.<\/p>\n<p>2&rsquo;21:04<br class=\"jsx-494582681\"\/> 16 septembre 2025<\/p>\n<p><strong>La reprise acrobatique de Kylian Mbapp\u00e9 ! <\/strong>Elle passe juste \u00e0 c\u00f4t\u00e9 du poteau de Geronimo Rulli.<\/p>\n<p>21:02<br class=\"jsx-494582681\"\/> 16 septembre 2025<\/p>\n<p><strong>C&rsquo;est parti \u00e0 Madrid ! Pierre-Emerick Aubameyang donne le coup d&rsquo;envoi de cette affiche de la premi\u00e8re journ\u00e9e de Ligue des champions !<\/strong><\/p>\n<p>AVANT-MATCH20:58<br class=\"jsx-494582681\"\/> 16 septembre 2025<\/p>\n<p>Les 22 acteurs entrent sur la pelouse du stade Santiago Bernab\u00e9u. L&rsquo;hymne de la Ligue des champions retentit.<\/p>\n<p>AVANT-MATCH20:55<br class=\"jsx-494582681\"\/> 16 septembre 2025<\/p>\n<p>L&rsquo;entra\u00eeneur marseillais Roberto De Zerbi ne se d\u00e9place pas avec la peur au ventre. \u00ab\u00a0On doit y aller avec de l&rsquo;ambition parce qu&rsquo;on n&rsquo;a pas un maillot l\u00e9ger\u00a0\u00bb, a-t-il d\u00e9clar\u00e9 ces derniers jours. \u00ab\u00a0On doit avoir l&rsquo;ambition de jouer notre match et d&rsquo;essayer de faire un r\u00e9sultat. C&rsquo;est ce que nous impose cette ville, ce club et son histoire.\u00a0\u00bb<\/p>\n<p>AVANT-MATCH20:50<br class=\"jsx-494582681\"\/> 16 septembre 2025<\/p>\n<p>\ud83d\udcc6 La saison derni\u00e8re, un club fran\u00e7ais a battu le Real Madrid en phase r\u00e9guli\u00e8re : Lille. C&rsquo;\u00e9tait dans le nord de la France, souvenez-vous.<\/p>\n<p>Sports<img decoding=\"async\" src=\"https:\/\/www.europesays.com\/fr\/wp-content\/uploads\/2025\/09\/la-joie-de-jonathan-david-apres-son-ouverture-du-score-contre-le-real-madrid-db8598-1@1x.jpeg\" alt=\"La joie de Jonathan David apr\u00e8s son ouverture du score contre le Real Madrid. \" loading=\"lazy\" importance=\"low\" fetchpriority=\"low\" class=\"\" aria-hidden=\"true\"\/>Publi\u00e9 le 2 octobre 2024 \u00e0 23h46AVANT-MATCH20:45<br class=\"jsx-494582681\"\/> 16 septembre 2025<\/p>\n<p>Les premiers r\u00e9sultats de cette phase r\u00e9guli\u00e8re tombent. L&rsquo;Union Saint-Gilloise a battu les N\u00e9erlandais du PSV Eindhoven aux Pays-Bas (3-1), tandis qu&rsquo;Arsenal s&rsquo;est impos\u00e9 sur la pelouse de Bilbao (2-0). Deux victoires \u00e0 l&rsquo;ext\u00e9rieur&#8230; un bon signe pour l&rsquo;OM ?<\/p>\n<p>AVANT-MATCH20:40<br class=\"jsx-494582681\"\/> 16 septembre 2025<\/p>\n<p>Kylian Mbapp\u00e9 n&rsquo;a jamais perdu face \u00e0 l&rsquo;OM. Depuis le d\u00e9but de sa carri\u00e8re, il affiche un bilan de 14 victoires et deux nuls en 16 rencontres, avec 10 buts inscrits. \u00ab\u00a0C&rsquo;est vrai que je marque beaucoup contre Marseille\u00a0\u00bb, a-t-il souri au micro de T\u00e9l\u00e9foot sur TF1. \u00ab\u00a0Mais ils ont beaucoup chang\u00e9, ils ont un nouveau projet&#8230; C&rsquo;est cool de retrouver des \u00e9quipes fran\u00e7aises. En plus, on joue au Bernab\u00e9u, \u00e7a va \u00eatre un match sympa.\u00a0\u00bb<\/p>\n<p>AVANT-MATCH20:35<br class=\"jsx-494582681\"\/> 16 septembre 2025<\/p>\n<p>Les deux \u00e9quipes sont \u00e0 l&rsquo;\u00e9chauffement. Les supporters marseillais ayant fait le d\u00e9placement jusqu&rsquo;\u00e0 la capitale espagnole se font d\u00e9j\u00e0 entendre.<\/p>\n<p>AVANT-MATCH20:30<br class=\"jsx-494582681\"\/> 16 septembre 2025<\/p>\n<p>L&rsquo;OM reste sur un d\u00e9but de saison en dents de scie. Les Marseillais se sont inclin\u00e9s \u00e0 Rennes (1-0) et \u00e0 Lyon (1-0), mais restent ma\u00eetres du V\u00e9lodrome, o\u00f9 ils ont fait tomber le Paris FC (5-2) et Lorient (4-0).<\/p>\n<p>Le Real Madrid, lui, fait un sans faute. Osasuna (1-0), le Real Oviedo (3-0), Majorque (2-1) et la Real Sociedad (2-1) sont tous tomb\u00e9s face aux Madril\u00e8nes.<\/p>\n<p>AVANT-MATCH20:10<br class=\"jsx-494582681\"\/> 16 septembre 2025<\/p>\n<p>L&rsquo;Olympique de Marseille commence son parcours europ\u00e9en par un immense choc, mais les sept matchs qui suivent valent aussi le d\u00e9tour. Les Phoc\u00e9ens recevront l&rsquo;Ajax, l&rsquo;Atalanta Bergame, Newcastle et Liverpool, et se d\u00e9placeront sur les pelouses du Sporting Portugal, de l&rsquo;Union Saint-Gilloise et de Bruges.<\/p>\n<p>AVANT-MATCH20:00<br class=\"jsx-494582681\"\/> 16 septembre 2025<\/p>\n<p>Le stade Santiago Bernab\u00e9u et ses 85.000 places est pr\u00eat pour accueillir le premier match europ\u00e9en de l&rsquo;OM cette saison.<\/p>\n<blockquote data-testid=\"EmbedTwitter\" id=\"tweet-1967997761216975334-:R1pkd6j9jcmj9n79m:\" class=\"jsx-aeff1a1c40f54d7a twitter-tweet flex justify-center items-center\"><p>Welcome to \ud835\udc12\ud835\udc1a\ud835\udc27\ud835\udc2d\ud835\udc22\ud835\udc1a\ud835\udc20\ud835\udc28 \ud835\udc01\ud835\udc1e\ud835\udc2b\ud835\udc27\ud835\udc1a\ud835\udc1b\ud835\udc1e\u0301\ud835\udc2e \ud83c\udfdf\ufe0f\ud83c\uddea\ud83c\uddf8  pic.twitter.com\/7ihsTIJQTI \u2014 Olympique de Marseille (@OM_Officiel)  September 16, 2025<\/p><\/blockquote>\n<p>COMPOSITION19:53<br class=\"jsx-494582681\"\/> 16 septembre 2025<\/p>\n<p>Surprise dans la composition du Real Madrid. Xabi Alonso place Vinicius Jr sur le banc, tandis que le jeune Franco Mastantuono est titulaire. Les Fran\u00e7ais Kylian Mbapp\u00e9 et Aur\u00e9lien Tchouam\u00e9ni sont aussi de la partie.<\/p>\n<p><strong>Le onze du Real Madrid : Courtois &#8211; Alexander-Arnold, Militao, Huijsen, Carreras &#8211; Valverde (capitaine), Tchouam\u00e9ni, Arda G\u00fcler &#8211; Mastantuono, Rodrygo, Mbapp\u00e9.<\/strong><\/p>\n<blockquote data-testid=\"EmbedTwitter\" id=\"tweet-1968007395235467334-:R1pkh6j9jcmj9n79m:\" class=\"jsx-aeff1a1c40f54d7a twitter-tweet flex justify-center items-center\"><p>\ud83d\udccb\u2705 \u00a1Nuestro XI inicial! \ud83c\udd9a  @OM_Espanol pic.twitter.com\/Z0oYt1n8lM \u2014 Real Madrid C.F. (@realmadrid)  September 16, 2025<\/p><\/blockquote>\n<p>COMPOSITION19:50<br class=\"jsx-494582681\"\/> 16 septembre 2025<\/p>\n<p>Du c\u00f4t\u00e9 de l&rsquo;Olympique de Marseille, Roberto De Zerbi a choisi d&rsquo;aligner Benjamin Pavard en d\u00e9fense centrale, aux c\u00f4t\u00e9s du capitaine Leonardo Balerdi. Pierre-Emerick Aubameyang est pr\u00e9f\u00e9r\u00e9 \u00e0 Amine Gouri en attaque.<\/p>\n<p><strong>Le onze de l&rsquo;OM : Rulli &#8211; Medina, Balerdi (capitaine), Pavard, Emerson &#8211; Kondogbia, Hojbjerg, O&rsquo;Riley &#8211; Greenwood, Weah, Aubameyang.<\/strong><\/p>\n<blockquote data-testid=\"EmbedTwitter\" id=\"tweet-1968012866356981812-:R1pkl6j9jcmj9n79m:\" class=\"jsx-aeff1a1c40f54d7a twitter-tweet flex justify-center items-center\"><p>\ud835\udc7a\ud835\udc7b\ud835\udc68\ud835\udc79\ud835\udc7b\ud835\udc70\ud835\udc75\ud835\udc6e \ud835\udc7f\ud835\udc70  #RMAOM \ud83e\udd3a Les onze Olympiens choisis par \ud835\udc11\ud835\udc28\ud835\udc1b\ud835\udc1e\ud835\udc2b\ud835\udc2d\ud835\udc28 \ud835\udc03\ud835\udc1e \ud835\udc19\ud835\udc1e\ud835\udc2b\ud835\udc1b\ud835\udc22 \ud83c\uddee\ud83c\uddf9 pour d\u00e9fier le  @realmadrid \ud83d\ude24  pic.twitter.com\/D3c7GZmwxK \u2014 Olympique de Marseille (@OM_Officiel)  September 16, 2025<\/p><\/blockquote>\n<p>19:34<br class=\"jsx-494582681\"\/> 16 septembre 2025<\/p>\n<p>Bonsoir et bienvenue sur TF1info pour suivre la rencontre de la premi\u00e8re journ\u00e9e de Ligue des champions entre le Real Madrid et l&rsquo;Olympique de Marseille. Le coup d&rsquo;envoi sera donn\u00e9 \u00e0 21h par l&rsquo;arbitre bosnien Irfan Peljto.<\/p>\n<p data-module=\"article-paragraph\" class=\"jsx-3046738180 Paragraph Paragraph__End\"><strong>Revivez le match de Ligue des champions entre le Real Madrid et l&rsquo;Olympique de Marseille et les meilleurs moments de la rencontre dans notre live comment\u00e9 ci-dessus.<\/strong><\/p>\n<p>Id\u00e8r NABILI<\/p>\n<p><script async src=\"https:\/\/platform.twitter.com\/widgets.js\" charset=\"utf-8\"><\/script><\/p>\n","protected":false},"excerpt":{"rendered":"L&rsquo;Olympique de Marseille retrouvait les \u00e9toiles de la Ligue des champions ce mardi \u00e0 l&rsquo;occasion d&rsquo;un d\u00e9placement sur&hellip;\n","protected":false},"author":2,"featured_media":396662,"comment_status":"","ping_status":"","sticky":false,"template":"","format":"standard","meta":{"footnotes":""},"categories":[2814],"tags":[1111,11,1921,26609,4786,123,1777,674,63,1011,27,1922,6477,48671,447,48670,884,12,1176,882,4790,25,133,4712],"class_list":{"0":"post-396661","1":"post","2":"type-post","3":"status-publish","4":"format-standard","5":"has-post-thumbnail","7":"category-marseille","8":"tag-actu","9":"tag-actualites","10":"tag-article-video","11":"tag-aurelien-tchouameni","12":"tag-benjamin-pavard","13":"tag-espagne","14":"tag-eu","15":"tag-europe","16":"tag-football","17":"tag-fr","18":"tag-france","19":"tag-info","20":"tag-kylian-mbappe","21":"tag-lom-et-monaco-en-outsiders","22":"tag-ligue-des-champions","23":"tag-ligue-des-champions-2025-2026-le-psg-en-favori","24":"tag-marseille","25":"tag-news","26":"tag-olympique-de-marseille","27":"tag-provence-alpes-cote-dazur","28":"tag-real-madrid","29":"tag-republique-francaise","30":"tag-video","31":"tag-video-sports"},"share_on_mastodon":{"url":"https:\/\/pubeurope.com\/@fr\/115217828807228154","error":""},"_links":{"self":[{"href":"https:\/\/www.europesays.com\/fr\/wp-json\/wp\/v2\/posts\/396661","targetHints":{"allow":["GET"]}}],"collection":[{"href":"https:\/\/www.europesays.com\/fr\/wp-json\/wp\/v2\/posts"}],"about":[{"href":"https:\/\/www.europesays.com\/fr\/wp-json\/wp\/v2\/types\/post"}],"author":[{"embeddable":true,"href":"https:\/\/www.europesays.com\/fr\/wp-json\/wp\/v2\/users\/2"}],"replies":[{"embeddable":true,"href":"https:\/\/www.europesays.com\/fr\/wp-json\/wp\/v2\/comments?post=396661"}],"version-history":[{"count":0,"href":"https:\/\/www.europesays.com\/fr\/wp-json\/wp\/v2\/posts\/396661\/revisions"}],"wp:featuredmedia":[{"embeddable":true,"href":"https:\/\/www.europesays.com\/fr\/wp-json\/wp\/v2\/media\/396662"}],"wp:attachment":[{"href":"https:\/\/www.europesays.com\/fr\/wp-json\/wp\/v2\/media?parent=396661"}],"wp:term":[{"taxonomy":"category","embeddable":true,"href":"https:\/\/www.europesays.com\/fr\/wp-json\/wp\/v2\/categories?post=396661"},{"taxonomy":"post_tag","embeddable":true,"href":"https:\/\/www.europesays.com\/fr\/wp-json\/wp\/v2\/tags?post=396661"}],"curies":[{"name":"wp","href":"https:\/\/api.w.org\/{rel}","templated":true}]}}