{"id":396664,"date":"2025-09-17T04:49:11","date_gmt":"2025-09-17T04:49:11","guid":{"rendered":"https:\/\/www.europesays.com\/fr\/396664\/"},"modified":"2025-09-17T04:49:11","modified_gmt":"2025-09-17T04:49:11","slug":"lyon-le-reseau-tcl-perturbe-par-la-greve-du-18-septembre","status":"publish","type":"post","link":"https:\/\/www.europesays.com\/fr\/396664\/","title":{"rendered":"Lyon : le r\u00e9seau TCL perturb\u00e9 par la gr\u00e8ve du 18 septembre"},"content":{"rendered":"<p>Plusieurs lignes de bus et de tramways seront impact\u00e9es par le mouvement de gr\u00e8ve organis\u00e9 ce jeudi 18 septembre, \u00e0 l&rsquo;appel de l&rsquo;intersyndicale.<\/p>\n<p><b>Le mouvement de gr\u00e8ve<\/b>, organis\u00e9 par l&rsquo;intersyndicale ce jeudi 18 septembre, se pr\u00e9cise.\u00a0<\/p>\n<p>On sait d\u00e9j\u00e0 que les <b>secteurs de la sant\u00e9, de l&rsquo;\u00e9ducation<\/b>, ou encore la <b>SNCF<\/b> seront impact\u00e9s.<\/p>\n<p>Des r\u00e9percussions sont aussi annonc\u00e9es sur les transports en commun, avec un <b>r\u00e9seau TCL perturb\u00e9<\/b>.\u00a0<\/p>\n<p>Le d\u00e9tail des perturbations<\/p>\n<p>M\u00e9tro et funiculaire <br \/>Circulation normale\u00a0<\/p>\n<p><b>Tramway et trambus<\/b><br \/>Les lignes de tramway T3, T4 et T5 circulent normalement.&#13;<br \/><b>T1 :<\/b> circule toutes les 7 min&#13;<br \/><b>T2 :<\/b> circule toutes les 6 min 30&#13;<br \/><b>T6 :<\/b> circule toutes les 15 min&#13;<br \/><b>T7 :<\/b> ne circule pas. <br \/>Pour vos d\u00e9placements de Vaulx-en-Velin La Soie \u00e0 D\u00e9cines Grand Large, empruntez la ligne\u00a0<b>T3<\/b>.&#13;<br \/><b>TB11 :<\/b> circule normalement&#13;<\/p>\n<p><b>Bus Chrono\u00a0<\/b><br \/>Circulation normale<\/p>\n<p><b>Bus\u00a0<\/b><br \/><b>86 :<\/b> en direction de Lyon Gorge de Loup, les trajets suivants ne sont pas effectu\u00e9s : 6h24, 7h23, 13h03, 14h11, 15h11, 17h04, 18h19, 19h32.<br \/>En direction de La Tour de Salvagny Chambettes, les trajets suivants ne sont pas effectu\u00e9s : 6h, 6h55, 8h25, 13h38, 14h42, 16h30, 17h45, 19h.&#13;<\/p>\n<p><b>S2 :<\/b> les trajets suivants ne sont pas effectu\u00e9s : 6h22, 6h25, 6h45, 6h55, 7h15, 7h25, 7h45, 7h55, 8h15 ,8h25.<\/p>\n<p><b>165 :<\/b> au d\u00e9part de Millery l&rsquo;Etang les trajets de 6h20, 8h et 10h15 ne sont pas effectu\u00e9s<br \/>Au d\u00e9part de Gare d&rsquo;Oullins, les trajets de 7h10 et 9h15 ne sont pas effectu\u00e9s&#13;<\/p>\n<p><b>214 : <\/b>au d\u00e9part de St-Genis Laval H\u00f4pital Lyon Sud les trajets de 6h45, 9h30, 12h30 et 18h45 ne sont pas effectu\u00e9s<br \/>Au d\u00e9part de Givors Gare de Ville les trajets de 7h50 et 10h50 ne sont pas effectu\u00e9s&#13;<\/p>\n<p><b>215 :<\/b> au d\u00e9part de Lyon Gare de Vaise, le trajet de 6h30 n&rsquo;est pas effectu\u00e9<br \/>Au d\u00e9part de Villefranche-sur-Sa\u00f4ne Cimeti\u00e8re, le trajet de 8h18 n&rsquo;est pas effectu\u00e9&#13;<\/p>\n<p><b>216 : <\/b>au d\u00e9part de Lyon Gorge de Loup, les trajets de 6h02 et 19h37 ne sont pas effectu\u00e9s<br \/>Au d\u00e9part de Tarare, les trajets de 7h20 et 17h55 ne sont pas effectu\u00e9s&#13;<\/p>\n<p><b>217 :<\/b> au d\u00e9part de Gleiz\u00e9 Charmilles, les trajets de 6h15, 7h, 18h, 19h et 19h30 ne sont pas effectu\u00e9s<br \/>Au d\u00e9part de Tarare Gare, les trajets de 7h40, 8h40, 16h35, 17h40 et 18h10 ne sont pas effectu\u00e9s&#13;<\/p>\n<p><b>236 :<\/b> au d\u00e9part de Deux Grosnes Place de la Fontaine, le trajet de 7h05 n&rsquo;est pas effectu\u00e9&#13;<\/p>\n<p><b>237 : <\/b>au d\u00e9part de Cours la Ville, le trajet de 17h40 n&rsquo;est pas effectu\u00e9<br \/>Au d\u00e9part de Tarare Gare, le trajet de 19h10 n&rsquo;est pas effectu\u00e9&#13;<\/p>\n<p><b>Lignes scolaires Junior Direct\u00a0<\/b><br \/><b>JD2 :<\/b> le trajet de 7h20 n&rsquo;est pas effectu\u00e9&#13;<br \/><b>JD2\/15 :<\/b> les trajets de 15h40 et 16h40 ne sont pas effectu\u00e9s&#13;<br \/><b>JD6 : <\/b>le trajet de 6h56 n&rsquo;est pas effectu\u00e9&#13;<br \/><b>JD10 :<\/b> le trajet de 17h35 n&rsquo;est pas effectu\u00e9&#13;<br \/><b>JD21 :<\/b> le trajet du matin est effectu\u00e9 par la ligne JD22&#13;<br \/><b>JD23 :<\/b> les trajets aller du matin ne sont pas effectu\u00e9s&#13;<br \/><b>JD31 :<\/b> les trajets retour du soir ne sont pas effectu\u00e9s&#13;<br \/><b>JD32 :<\/b> les trajets aller du matin ne sont pas effectu\u00e9s&#13;<br \/><b>JD221 :<\/b> les trajets aller du matin ne sont pas effectu\u00e9s&#13;<br \/><b>JD345 :<\/b> le trajet de 7h19 n&rsquo;est pas effectu\u00e9&#13;<br \/><b>JD349 :<\/b> le trajet de 7h33 n&rsquo;est pas effectu\u00e9&#13;<br \/><b>JD347 :<\/b> ne circule pas&#13;<br \/><b>JD375 :<\/b> le trajet de 16h30 n&rsquo;est pas effectu\u00e9&#13;<br \/><b>JD400 :<\/b> le trajet de 17h05 n&rsquo;est pas effectu\u00e9&#13;<br \/><b>JD403 :<\/b> le trajet de 17h30 n&rsquo;est pas effectu\u00e9&#13;<br \/><b>JD404 :<\/b> le trajet de 7h10 n&rsquo;est pas effectu\u00e9&#13;<br \/><b>JD406 : <\/b>le trajet de 7h01 n&rsquo;est pas effectu\u00e9&#13;<br \/><b>JD408 :<\/b> le trajet de 7h05 n&rsquo;est pas effectu\u00e9&#13;<br \/><b>JD412 :<\/b> le trajet de 17h05 n&rsquo;est pas effectu\u00e9&#13;<br \/><b>JD425 :<\/b> le trajet de 16h n&rsquo;est pas effectu\u00e9&#13;<br \/><b>JD427 :<\/b> le trajet de 18h n&rsquo;est pas effectu\u00e9&#13;<br \/><b>JD443 :<\/b> le trajet de 17h15 n&rsquo;est pas effectu\u00e9&#13;<br \/><b>JD454 :<\/b> le trajet de 6h54 n&rsquo;est pas effectu\u00e9. Nous invitons les voyageurs \u00e0 se reporter au trajet de 6h55 de la ligne JD453&#13;<br \/><b>JD455 :<\/b> le trajet de 16h50 n&rsquo;est pas effectu\u00e9&#13;<br \/><b>JD467 :<\/b> le trajet de 6h55 n&rsquo;est pas effectu\u00e9&#13;<br \/><b>JD481 :<\/b> le trajet de 7h40 n&rsquo;est pas effectu\u00e9&#13;<br \/><b>JD493 :<\/b> les trajets de 7h56 et 17h10 ne sont pas assur\u00e9s. Nous invitons les voyageurs \u00e0 se reporter au trajet de 7h56 de la ligne JD494&#13;<br \/><b>JD494 :<\/b> le trajet de 17h10 n&rsquo;est pas assur\u00e9&#13;<br \/><b>JD577 :<\/b> le trajet de 7h24 n&rsquo;est pas effectu\u00e9&#13;<br \/><b>JD604 :<\/b> le trajet de 16h40 n&rsquo;est pas effectu\u00e9&#13;<br \/><b>JD616 :<\/b> le trajet de 16h40 n&rsquo;est pas effectu\u00e9&#13;<br \/><b>JD630 :<\/b> les trajets de 7h30 et 16h45 ne sont pas effectu\u00e9s&#13;<br \/><b>JD647 :<\/b> le trajet de 17h30 n&rsquo;est pas effectu\u00e9&#13;<br \/><b>JD648 : <\/b>les trajets de 7h35 et 17h30 ne sont pas effectu\u00e9s&#13;<br \/><b>JD701 :<\/b> les trajets de 7h47 et 17h35 ne sont pas effectu\u00e9s&#13;<br \/><b>JD703 :<\/b> les trajets de 7h43 et 16h35 ne sont pas effectu\u00e9s&#13;<br \/><b>JD711 :<\/b> le trajet de 17h35 n&rsquo;est pas effectu\u00e9&#13;<br \/><b>JD722 :<\/b> les trajets de 7h22, 8h20, 17h15, 18h05 ne sont pas effectu\u00e9s&#13;<br \/><b>JD724 :<\/b> le trajet de 18h15 n&rsquo;est pas assur\u00e9&#13;<br \/><b>JD725 :<\/b> les trajets de 16h05 et 18h10 ne sont pas effectu\u00e9s&#13;<br \/><b>JD726 :<\/b> les trajets de 7h et 8h14 ne sont pas effectu\u00e9s&#13;<br \/><b>JD734 :<\/b> le trajet de 15h30 n&rsquo;est pas effectu\u00e9&#13;<br \/><b>JD737 :<\/b> les trajets de 15h31 et 16h41 ne sont pas effectu\u00e9s&#13;<br \/><b>JD738 :<\/b> le trajet de 16h42 n&rsquo;est pas effectu\u00e9&#13;<br \/><b>JD739 :<\/b> le trajet de 16h40 n&rsquo;est pas effectu\u00e9&#13;<br \/><b>JD741 :<\/b> les trajets de 7h57 et 17h15 ne sont pas effectu\u00e9s&#13;<br \/><b>JD744 :<\/b> les trajets de 7h03, 17h20, 18h10 ne sont pas effectu\u00e9s&#13;<br \/><b>JD746 :<\/b> les trajets de 7h et 16h50 ne sont pas effectu\u00e9s&#13;<br \/><b>JD755 :<\/b> le trajet de 16h10 n&rsquo;est pas effectu\u00e9&#13;<br \/><b>JD784 :<\/b> les trajets de 7h06 et 16h55 ne sont pas effectu\u00e9s&#13;<br \/><b>JD979 :<\/b> le trajet de 7h54 n&rsquo;est pas effectu\u00e9&#13;<\/p>\n<p><b>Parcs Relais&#13;<\/b><br \/>Les Parcs Relais sont ouverts normalement&#13;<\/p>\n<p><b>Agences TCL&#13;<\/b><br \/>Les agences TCL sont ouvertes aux horaires habituels<\/p>\n<p><img loading=\"lazy\" decoding=\"async\" src=\"https:\/\/www.europesays.com\/fr\/wp-content\/uploads\/2025\/09\/1758084551_472_img\" width=\"350\" height=\"200\" border=\"0\" title=\"De nombreuses pharmacies seront ferm\u00c3\u00a9es le 18 septembre\"\/><\/p>\n<p>\u25baSant\u00e9<\/p>\n<p style=\"font-size: 22px;\"><b>Pourquoi les pharmacies risquent d&rsquo;\u00eatre ferm\u00e9es le 18 septembre ?<\/b><\/p>\n<p>Un appel \u00e0 la fermeture est lanc\u00e9 dans les pharmacies&#8230;<\/p>\n<p><\/p>\n","protected":false},"excerpt":{"rendered":"Plusieurs lignes de bus et de tramways seront impact\u00e9es par le mouvement de gr\u00e8ve organis\u00e9 ce jeudi 18&hellip;\n","protected":false},"author":2,"featured_media":396665,"comment_status":"","ping_status":"","sticky":false,"template":"","format":"standard","meta":{"footnotes":""},"categories":[1889],"tags":[1111,11,2430,7048,1777,674,1011,27,10956,2428,5428,12,25,10213,4109,800],"class_list":{"0":"post-396664","1":"post","2":"type-post","3":"status-publish","4":"format-standard","5":"has-post-thumbnail","7":"category-lyon","8":"tag-actu","9":"tag-actualites","10":"tag-auvergne-rhone-alpes","11":"tag-bus","12":"tag-eu","13":"tag-europe","14":"tag-fr","15":"tag-france","16":"tag-grve","17":"tag-lyon","18":"tag-mtro","19":"tag-news","20":"tag-republique-francaise","21":"tag-tcl","22":"tag-tramway","23":"tag-transports"},"share_on_mastodon":{"url":"https:\/\/pubeurope.com\/@fr\/115217837068383652","error":""},"_links":{"self":[{"href":"https:\/\/www.europesays.com\/fr\/wp-json\/wp\/v2\/posts\/396664","targetHints":{"allow":["GET"]}}],"collection":[{"href":"https:\/\/www.europesays.com\/fr\/wp-json\/wp\/v2\/posts"}],"about":[{"href":"https:\/\/www.europesays.com\/fr\/wp-json\/wp\/v2\/types\/post"}],"author":[{"embeddable":true,"href":"https:\/\/www.europesays.com\/fr\/wp-json\/wp\/v2\/users\/2"}],"replies":[{"embeddable":true,"href":"https:\/\/www.europesays.com\/fr\/wp-json\/wp\/v2\/comments?post=396664"}],"version-history":[{"count":0,"href":"https:\/\/www.europesays.com\/fr\/wp-json\/wp\/v2\/posts\/396664\/revisions"}],"wp:featuredmedia":[{"embeddable":true,"href":"https:\/\/www.europesays.com\/fr\/wp-json\/wp\/v2\/media\/396665"}],"wp:attachment":[{"href":"https:\/\/www.europesays.com\/fr\/wp-json\/wp\/v2\/media?parent=396664"}],"wp:term":[{"taxonomy":"category","embeddable":true,"href":"https:\/\/www.europesays.com\/fr\/wp-json\/wp\/v2\/categories?post=396664"},{"taxonomy":"post_tag","embeddable":true,"href":"https:\/\/www.europesays.com\/fr\/wp-json\/wp\/v2\/tags?post=396664"}],"curies":[{"name":"wp","href":"https:\/\/api.w.org\/{rel}","templated":true}]}}