{"id":396666,"date":"2025-09-17T04:52:04","date_gmt":"2025-09-17T04:52:04","guid":{"rendered":"https:\/\/www.europesays.com\/fr\/396666\/"},"modified":"2025-09-17T04:52:04","modified_gmt":"2025-09-17T04:52:04","slug":"greve-du-18-septembre-les-previsions-de-trafic-en-ile-de-france","status":"publish","type":"post","link":"https:\/\/www.europesays.com\/fr\/396666\/","title":{"rendered":"Gr\u00e8ve du 18 septembre : les pr\u00e9visions de trafic en \u00cele-de-France"},"content":{"rendered":"<p><img loading=\"lazy\" decoding=\"async\" alt=\"\u00a9 Shutterstock - M\u00e9tros, RER, bus et tramways seront fortement touch\u00e9s par la mobilisation syndicale. Les pr\u00e9visions d\u00e9taill\u00e9es annoncent une journ\u00e9e de gal\u00e8re pour les voyageurs.\" data-zoom-src=\"https:\/\/www.europesays.com\/fr\/wp-content\/uploads\/2025\/09\/initial-greve-18-septembre-metro-paris.jpg\" data-zoomable=\"\" height=\"702\" src=\"https:\/\/www.europesays.com\/fr\/wp-content\/uploads\/2025\/09\/initial-greve-18-septembre-metro-paris.jpg\" width=\"1248\"\/>  <\/p>\n<p class=\"article-desc\">\u00a9 Shutterstock &#8211; M\u00e9tros, RER, bus et tramways seront fortement touch\u00e9s par la mobilisation syndicale. Les pr\u00e9visions d\u00e9taill\u00e9es annoncent une journ\u00e9e de gal\u00e8re pour les voyageurs. <\/p>\n<p>\u201cLa journ\u00e9e sera difficile pour les utilisateurs de transports en commun\u201d, a averti ce mardi le ministre des Transports <strong>Philippe Tabarot<\/strong>. \u00c0 deux jours de la<a href=\"https:\/\/mesinfos.fr\/apres-bloquons-tout-les-syndicats-veulent-mobiliser-massivement-le-18-septembre-229942.html\" rel=\"noopener nofollow\" target=\"_blank\"> gr\u00e8ve intersyndicale<\/a>, les pr\u00e9visions de circulation publi\u00e9es par la<strong> RATP<\/strong> et la<strong> SNCF<\/strong> confirment un sc\u00e9nario de blocage. Les Franciliens doivent s\u2019attendre \u00e0 un \u201cjeudi noir\u201d, plus s\u00e9v\u00e8re que la mobilisation du 10 septembre. <\/p>\n<p> M\u00e9tro : seules trois lignes automatiques pr\u00e9serv\u00e9es <\/p>\n<p>Seules les<strong> lignes automatiques <\/strong>1, 4 et 14 fonctionneront normalement. Sur les lignes 7, 9, 10 et 13, le trafic sera \u201cperturb\u00e9\u201d mais assur\u00e9 uniquement aux heures de pointe. Pour toutes les autres lignes (2, 3, 3bis, 5, 6, 7bis, 8, 11 et 12), la RATP pr\u00e9voit un trafic \u201ctr\u00e8s perturb\u00e9\u201d avec une circulation limit\u00e9e aux plages horaires d\u2019affluence. <\/p>\n<p>RER : des perturbations g\u00e9n\u00e9ralis\u00e9es <\/p>\n<p>La SNCF annonce un trafic \u201cperturb\u00e9\u201d sur les <strong>RER A<\/strong>, B et C, avec maintien de l<strong>\u2019interconnexion \u00e0 la Gare du Nord.<\/strong> La situation sera plus difficile sur les RER D et E, o\u00f9 la circulation sera \u201cfortement perturb\u00e9e\u201d.<\/p>\n<p> Bus et tramways : des fermetures possibles <\/p>\n<p>Certaines lignes de bus \u201cpourraient \u00eatre ferm\u00e9es\u201d, pr\u00e9vient la RATP. C\u00f4t\u00e9<strong> tramways<\/strong>, le trafic sera quasi normal sur les T1, T2, T3a, T3b et T6. En revanche, les lignes T5, T7 et T8 conna\u00eetront des perturbations notables.<\/p>\n<p> Transiliens : un trafic disparate selon les lignes <\/p>\n<p>Selon la SNCF, les lignes K, L et V seront \u201cperturb\u00e9es\u201d, tandis que les lignes H, N, R et U seront \u201cfortement perturb\u00e9es\u201d. La ligne P sera \u201cl\u00e9g\u00e8rement perturb\u00e9e\u201d, tandis que les lignes J, T12 et T13 devraient circuler normalement. <\/p>\n<blockquote class=\"twitter-tweet\" data-uniformized=\"true\">\n<p dir=\"ltr\" lang=\"fr\">[<a href=\"https:\/\/twitter.com\/hashtag\/MouvementSocial?src=hash&amp;ref_src=twsrc%5Etfw\" rel=\"nofollow noopener\" target=\"_blank\">#MouvementSocial<\/a>] \u26a0\ufe0f \u00c0 la suite d\u2019un pr\u00e9avis appelant \u00e0 un mouvement social interprofessionnel le jeudi 18 septembre, la <a href=\"https:\/\/twitter.com\/hashtag\/RATP?src=hash&amp;ref_src=twsrc%5Etfw\" rel=\"nofollow noopener\" target=\"_blank\">#RATP<\/a> pr\u00e9voit un trafic perturb\u00e9 sur l\u2019ensemble de son r\u00e9seau.<br \/>Les voyageurs qui en ont la possibilit\u00e9 sont invit\u00e9s \u00e0 privil\u00e9gier le t\u00e9l\u00e9travail ou \u00e0 diff\u00e9rer\u2026 <a href=\"https:\/\/t.co\/D4vlPf1YUh\" rel=\"nofollow\">pic.twitter.com\/D4vlPf1YUh<\/a><\/p>\n<p> \u2014 RATP Group (@RATPgroup) <a href=\"https:\/\/twitter.com\/RATPgroup\/status\/1967961698737795329?ref_src=twsrc%5Etfw\" rel=\"nofollow noopener\" target=\"_blank\">September 16, 2025<\/a><\/p><\/blockquote>\n<p>La RATP invite les usagers \u201c\u00e0 privil\u00e9gier le t\u00e9l\u00e9travail ou \u00e0 diff\u00e9rer leurs d\u00e9placements\u201d. Les horaires pr\u00e9cis des trains et rames de m\u00e9tro en circulation seront communiqu\u00e9s mercredi \u00e0 partir de 17 heures.<\/p>\n<p><script async src=\"https:\/\/platform.twitter.com\/widgets.js\" charset=\"utf-8\"><\/script><\/p>\n","protected":false},"excerpt":{"rendered":"\u00a9 Shutterstock &#8211; M\u00e9tros, RER, bus et tramways seront fortement touch\u00e9s par la mobilisation syndicale. Les pr\u00e9visions d\u00e9taill\u00e9es&hellip;\n","protected":false},"author":2,"featured_media":396667,"comment_status":"","ping_status":"","sticky":false,"template":"","format":"standard","meta":{"footnotes":""},"categories":[1592],"tags":[1111,11,1777,674,1011,27,11611,662,12,626,625,25,2215,800,2216],"class_list":{"0":"post-396666","1":"post","2":"type-post","3":"status-publish","4":"format-standard","5":"has-post-thumbnail","7":"category-ile-de-france","8":"tag-actu","9":"tag-actualites","10":"tag-eu","11":"tag-europe","12":"tag-fr","13":"tag-france","14":"tag-gru00e8ves","15":"tag-ile-de-france","16":"tag-news","17":"tag-paris","18":"tag-ratp","19":"tag-republique-francaise","20":"tag-sncf","21":"tag-transports","22":"tag-transports-en-commun"},"share_on_mastodon":{"url":"https:\/\/pubeurope.com\/@fr\/115217848471941075","error":""},"_links":{"self":[{"href":"https:\/\/www.europesays.com\/fr\/wp-json\/wp\/v2\/posts\/396666","targetHints":{"allow":["GET"]}}],"collection":[{"href":"https:\/\/www.europesays.com\/fr\/wp-json\/wp\/v2\/posts"}],"about":[{"href":"https:\/\/www.europesays.com\/fr\/wp-json\/wp\/v2\/types\/post"}],"author":[{"embeddable":true,"href":"https:\/\/www.europesays.com\/fr\/wp-json\/wp\/v2\/users\/2"}],"replies":[{"embeddable":true,"href":"https:\/\/www.europesays.com\/fr\/wp-json\/wp\/v2\/comments?post=396666"}],"version-history":[{"count":0,"href":"https:\/\/www.europesays.com\/fr\/wp-json\/wp\/v2\/posts\/396666\/revisions"}],"wp:featuredmedia":[{"embeddable":true,"href":"https:\/\/www.europesays.com\/fr\/wp-json\/wp\/v2\/media\/396667"}],"wp:attachment":[{"href":"https:\/\/www.europesays.com\/fr\/wp-json\/wp\/v2\/media?parent=396666"}],"wp:term":[{"taxonomy":"category","embeddable":true,"href":"https:\/\/www.europesays.com\/fr\/wp-json\/wp\/v2\/categories?post=396666"},{"taxonomy":"post_tag","embeddable":true,"href":"https:\/\/www.europesays.com\/fr\/wp-json\/wp\/v2\/tags?post=396666"}],"curies":[{"name":"wp","href":"https:\/\/api.w.org\/{rel}","templated":true}]}}