{"id":396720,"date":"2025-09-17T05:25:15","date_gmt":"2025-09-17T05:25:15","guid":{"rendered":"https:\/\/www.europesays.com\/fr\/396720\/"},"modified":"2025-09-17T05:25:15","modified_gmt":"2025-09-17T05:25:15","slug":"cette-eclipse-solaire-totale-exceptionnelle-qui-fascine-deja-les-astronomes-francais","status":"publish","type":"post","link":"https:\/\/www.europesays.com\/fr\/396720\/","title":{"rendered":"cette \u00e9clipse solaire totale exceptionnelle qui fascine d\u00e9j\u00e0 les astronomes fran\u00e7ais"},"content":{"rendered":"<tr>\n<td><strong>EN BREF<\/strong><\/td>\n<\/tr>\n<tr>\n<td>\n<ul>\n<li>\ud83c\udf12 La prochaine \u00e9clipse solaire totale en France est pr\u00e9vue pour le <strong>3 septembre 2081<\/strong>.<\/li>\n<li>\ud83c\udf1e Cet \u00e9v\u00e9nement rare transformera le jour en nuit pendant quelques <strong>minutes<\/strong>, offrant un spectacle c\u00e9leste unique.<\/li>\n<li>\ud83d\udd2d La NASA pr\u00e9voit \u00e9galement une autre \u00e9clipse totale en <strong>2090<\/strong>, permettant \u00e0 une m\u00eame g\u00e9n\u00e9ration d\u2019en observer deux.<\/li>\n<li>\ud83c\udf17 Une \u00e9clipse solaire partielle est attendue le <strong>12 ao\u00fbt 2026<\/strong>, masquant 90% du soleil.<\/li>\n<\/ul>\n<\/td>\n<\/tr>\n<p>Les \u00e9clipses solaires totales sont parmi les ph\u00e9nom\u00e8nes c\u00e9lestes les plus fascinants, et pourtant, elles restent rares pour un observateur situ\u00e9 dans un m\u00eame pays. La derni\u00e8re \u00e9clipse solaire totale visible en France remonte \u00e0 1999, et il faudra attendre encore plusieurs d\u00e9cennies pour en admirer une nouvelle. Ces \u00e9v\u00e9nements n\u00e9cessitent un alignement parfait entre la Terre, la Lune et le Soleil, et leur occurrence g\u00e9n\u00e8re un int\u00e9r\u00eat exceptionnel tant pour les scientifiques que pour le grand public. Alors que l\u2019attente est longue, les amateurs de ph\u00e9nom\u00e8nes astronomiques se tournent vers les pr\u00e9dictions des agences spatiales pour anticiper leur retour.<\/p>\n<p>La raret\u00e9 des \u00e9clipses solaires totales<\/p>\n<p>Les \u00e9clipses solaires totales sont bien plus rares que leurs homologues lunaires. Durant une \u00e9clipse solaire totale, la Lune cache enti\u00e8rement le disque solaire, ne laissant visible qu\u2019un anneau lumineux autour du satellite. Ce spectacle magnifique ne dure que quelques minutes et n\u00e9cessite des <strong>pr\u00e9cautions<\/strong> telles que le port de lunettes sp\u00e9ciales pour \u00e9viter d\u2019endommager les yeux. En France, la derni\u00e8re date de 1999, et aucune autre n\u2019a \u00e9t\u00e9 visible depuis. Toutefois, la prochaine \u00e9clipse solaire totale en France est pr\u00e9vue pour le <strong>3 septembre 2081<\/strong>. Cet \u00e9v\u00e9nement traversera plusieurs r\u00e9gions, de la Bretagne \u00e0 l\u2019Alsace, offrant une vue spectaculaire \u00e0 ceux qui auront la chance d\u2019y assister.<\/p>\n<blockquote class=\"wp-embedded-content\" data-secret=\"fzXj2alV2k\">\n<p><a href=\"https:\/\/www.enviro2b.com\/2025\/08\/17\/des-installations-solaires-crachent-un-feu-aveuglant-et-transforment-le-desert-en-zone-de-danger-que-redoutent-desormais-les-chercheurs\/\" rel=\"nofollow noopener\" target=\"_blank\">Des installations solaires \u00ab crachent un feu aveuglant \u00bb et transforment le d\u00e9sert en zone de danger que redoutent d\u00e9sormais les chercheurs<\/a><\/p>\n<\/blockquote>\n<p>Pr\u00e9dictions de la NASA et attentes futures<\/p>\n<p>La NASA est l\u2019une des principales agences \u00e0 fournir des pr\u00e9dictions sur les \u00e9clipses solaires \u00e0 venir. Selon ses calculs, la prochaine \u00e9clipse solaire totale en France sera suivie d\u2019une autre le <strong>23 septembre 2090<\/strong>. Cette succession d\u2019\u00e9v\u00e9nements est particuli\u00e8rement rare, car il est inhabituel qu\u2019une m\u00eame g\u00e9n\u00e9ration puisse observer deux \u00e9clipses solaires totales dans un m\u00eame pays. Entre-temps, une \u00e9clipse solaire partielle aura lieu le <strong>12 ao\u00fbt 2026<\/strong>, masquant 90% du soleil. Bien que moins spectaculaire, elle permettra aux jeunes g\u00e9n\u00e9rations de se pr\u00e9parer \u00e0 l\u2019\u00e9v\u00e9nement exceptionnel de 2081.<\/p>\n<blockquote class=\"wp-embedded-content\" data-secret=\"lWhf2vqqGc\">\n<p><a href=\"https:\/\/www.enviro2b.com\/2025\/08\/22\/cest-une-catastrophe-brulante-ces-panneaux-solaires-en-plein-desert-devastent-la-faune-locale-et-terrifient-les-experts\/\" rel=\"nofollow noopener\" target=\"_blank\">\u00ab Le soleil va tout br\u00fbler \u00bb : des centrales solaires g\u00e9antes dans le d\u00e9sert d\u00e9clenchent des effets effrayants redout\u00e9s par les scientifiques<\/a><\/p>\n<\/blockquote>\n<p>Les r\u00e9gions privil\u00e9gi\u00e9es pour observer l\u2019\u00e9clipse<\/p>\n<p>En 2081, les r\u00e9gions fran\u00e7aises de Bretagne et d\u2019Alsace seront particuli\u00e8rement bien plac\u00e9es pour observer l\u2019\u00e9clipse solaire totale. \u00c0 cette occasion, il sera n\u00e9cessaire de se lever tr\u00e8s t\u00f4t, car l\u2019\u00e9clipse co\u00efncidera avec le lever du soleil. En 2090, l\u2019\u00e9clipse \u00e0 venir suivra probablement un parcours similaire, offrant une opportunit\u00e9 rare d\u2019observer deux ph\u00e9nom\u00e8nes aussi spectaculaires en moins de dix ans. Ces \u00e9v\u00e9nements attirent g\u00e9n\u00e9ralement de nombreux curieux et scientifiques, g\u00e9n\u00e9rant une activit\u00e9 touristique et \u00e9ducative importante. Les \u00e9coles et les observatoires pr\u00e9parent souvent des programmes d\u00e9di\u00e9s pour sensibiliser le public \u00e0 ces merveilles astronomiques.<\/p>\n<p>L\u2019importance de la sensibilisation et de l\u2019\u00e9ducation<\/p>\n<p>Les \u00e9clipses solaires totales sont des occasions id\u00e9ales pour sensibiliser le public \u00e0 l\u2019astronomie et aux sciences. L\u2019observation de ces ph\u00e9nom\u00e8nes n\u00e9cessite des pr\u00e9cautions sp\u00e9cifiques, soulignant l\u2019importance de l\u2019\u00e9ducation \u00e0 la s\u00e9curit\u00e9. Les organisations scientifiques et \u00e9ducatives profitent souvent de ces \u00e9v\u00e9nements pour organiser des conf\u00e9rences, des ateliers et des s\u00e9ances d\u2019observation publiques. En France, l\u2019attente pour la prochaine \u00e9clipse solaire totale offre une opportunit\u00e9 de pr\u00e9parer des programmes \u00e9ducatifs pour les g\u00e9n\u00e9rations futures, les incitant \u00e0 s\u2019int\u00e9resser davantage aux sciences et \u00e0 l\u2019exploration spatiale.<\/p>\n<p>Alors que nous attendons la prochaine \u00e9clipse solaire totale en 2081, la question se pose : comment pouvons-nous utiliser ce temps pour renforcer l\u2019\u00e9ducation scientifique et l\u2019int\u00e9r\u00eat pour l\u2019astronomie parmi les jeunes g\u00e9n\u00e9rations ?<\/p>\n<p>Cet article s\u2019appuie sur des sources v\u00e9rifi\u00e9es et l\u2019assistance de technologies \u00e9ditoriales.<\/p>\n<p id=\"rating\">\u00c7a vous a plu ?\u00a04.7\/5 (27)<\/p>\n","protected":false},"excerpt":{"rendered":"EN BREF \ud83c\udf12 La prochaine \u00e9clipse solaire totale en France est pr\u00e9vue pour le 3 septembre 2081. \ud83c\udf1e&hellip;\n","protected":false},"author":2,"featured_media":396721,"comment_status":"","ping_status":"","sticky":false,"template":"","format":"standard","meta":{"footnotes":""},"categories":[7],"tags":[1011,27,43,40,41,39,42,44],"class_list":{"0":"post-396720","1":"post","2":"type-post","3":"status-publish","4":"format-standard","5":"has-post-thumbnail","7":"category-sciences-et-technologies","8":"tag-fr","9":"tag-france","10":"tag-science","11":"tag-science-and-technology","12":"tag-sciences","13":"tag-sciences-et-technologies","14":"tag-technologies","15":"tag-technology"},"share_on_mastodon":{"url":"https:\/\/pubeurope.com\/@fr\/115217978169276934","error":""},"_links":{"self":[{"href":"https:\/\/www.europesays.com\/fr\/wp-json\/wp\/v2\/posts\/396720","targetHints":{"allow":["GET"]}}],"collection":[{"href":"https:\/\/www.europesays.com\/fr\/wp-json\/wp\/v2\/posts"}],"about":[{"href":"https:\/\/www.europesays.com\/fr\/wp-json\/wp\/v2\/types\/post"}],"author":[{"embeddable":true,"href":"https:\/\/www.europesays.com\/fr\/wp-json\/wp\/v2\/users\/2"}],"replies":[{"embeddable":true,"href":"https:\/\/www.europesays.com\/fr\/wp-json\/wp\/v2\/comments?post=396720"}],"version-history":[{"count":0,"href":"https:\/\/www.europesays.com\/fr\/wp-json\/wp\/v2\/posts\/396720\/revisions"}],"wp:featuredmedia":[{"embeddable":true,"href":"https:\/\/www.europesays.com\/fr\/wp-json\/wp\/v2\/media\/396721"}],"wp:attachment":[{"href":"https:\/\/www.europesays.com\/fr\/wp-json\/wp\/v2\/media?parent=396720"}],"wp:term":[{"taxonomy":"category","embeddable":true,"href":"https:\/\/www.europesays.com\/fr\/wp-json\/wp\/v2\/categories?post=396720"},{"taxonomy":"post_tag","embeddable":true,"href":"https:\/\/www.europesays.com\/fr\/wp-json\/wp\/v2\/tags?post=396720"}],"curies":[{"name":"wp","href":"https:\/\/api.w.org\/{rel}","templated":true}]}}