{"id":396836,"date":"2025-09-17T06:32:09","date_gmt":"2025-09-17T06:32:09","guid":{"rendered":"https:\/\/www.europesays.com\/fr\/396836\/"},"modified":"2025-09-17T06:32:09","modified_gmt":"2025-09-17T06:32:09","slug":"oui-de-nadav-lapid-nino-de-pauline-loques-la-tour-de-glace-de-lucile-hadzihalilovic-nos-critiques-des-sorties-cinema-de-la-semaine-liberation","status":"publish","type":"post","link":"https:\/\/www.europesays.com\/fr\/396836\/","title":{"rendered":"\u00abOui\u00bb de Nadav Lapid, \u00abNino\u00bb de Pauline Loqu\u00e8s, \u00abla Tour de Glace\u00bb de Lucile Hadzihalilovic\u2026 Nos critiques des sorties cin\u00e9ma de la semaine \u2013 Lib\u00e9ration"},"content":{"rendered":"<p class=\"sc-cPiKLX AiZTS text-element\">Pour aider nos lecteurs \u00e0 s\u2019y retrouver dans une offre culturelle foisonnante, les journalistes du service Culture de Lib\u00e9 vous d\u00e9blaient le terrain dans l\u2019actualit\u00e9 des sorties de films, d\u2019albums, de spectacles, de s\u00e9ries et d\u2019expositions. <a href=\"https:\/\/www.liberation.fr\/selections-culture\/\" rel=\"noopener\" title=\"https:\/\/www.liberation.fr\/selections-culture\/\" target=\"_blank\">Retrouvez l\u2019ensemble de nos s\u00e9lections<\/a>. <\/p>\n<p class=\"sc-cPiKLX AiZTS text-element\">En narrant la crise morale d\u2019un artiste bouffon \u00e0 Tel-Aviv qui \u00e9cume les f\u00eates de l\u2019oligarchie militaire, Nadav Lapid m\u00e8ne une charge acerbe contre la guerre d\u2019Isra\u00ebl \u00e0 Gaza. Un film cr\u00e9\u00e9 dans l\u2019horreur du monde post-7 octobre et menac\u00e9 de censure dans son pays. <a href=\"https:\/\/www.liberation.fr\/culture\/cinema\/oui-de-nadav-lapid-un-film-qui-hurle-de-toutes-ses-farces-20250916_QL4MHRATZJD7LHG5ATXLDXUOXQ\/\" target=\"_blank\" rel=\"noreferrer noopener\" title=\"https:\/\/www.liberation.fr\/culture\/cinema\/oui-de-nadav-lapid-un-film-qui-hurle-de-toutes-ses-farces-20250916_QL4MHRATZJD7LHG5ATXLDXUOXQ\/\">Lire notre critique<\/a> et <a href=\"https:\/\/www.liberation.fr\/resizer\/v2\/XTQSACMPVZGQ3KK7J2N5ATTXHI.jpg?auth=d66b32e449ce3b192fa38329cac29f8ccaedc8aaddaf04172f0e1114134fc87e&amp;quality=70&amp;width=768&amp;height=512&amp;focal=3255%2C2342\" target=\"_blank\" rel=\"noreferrer noopener\" title=\"https:\/\/www.liberation.fr\/resizer\/v2\/XTQSACMPVZGQ3KK7J2N5ATTXHI.jpg?auth=d66b32e449ce3b192fa38329cac29f8ccaedc8aaddaf04172f0e1114134fc87e&amp;quality=70&amp;width=768&amp;height=512&amp;focal=3255%2C2342\">le r\u00e9cit d\u2019une production jusqu\u2019au-boutiste<\/a>. <\/p>\n<\/p>\n<p class=\"sc-cPiKLX AiZTS text-element\">Emmen\u00e9 par la r\u00e9v\u00e9lation Th\u00e9odore Pellerin, le premier long m\u00e9trage de Pauline Loqu\u00e8s dessine le portrait sensible d\u2019un jeune homme lambda dont le quotidien se d\u00e9forme lentement lorsqu\u2019il apprend \u00eatre atteint d\u2019un cancer. <a href=\"https:\/\/www.liberation.fr\/culture\/cinema\/nino-un-premier-film-en-eclat-durgence-20250916_HAKRTXXGARCNDL42GDZPG5LWDQ\/\" target=\"_blank\" rel=\"noreferrer noopener\" title=\"https:\/\/www.liberation.fr\/culture\/cinema\/nino-un-premier-film-en-eclat-durgence-20250916_HAKRTXXGARCNDL42GDZPG5LWDQ\/\">Lire notre critique.<\/a> <\/p>\n<\/p>\n<p class=\"sc-cPiKLX AiZTS text-element\">Succ\u00e8s fracassant en Asie et aux Etats-Unis, le premier film d\u2019une trilogie adapt\u00e9e du manga d\u2019action sort mercredi en France. Fort d\u2019effets sp\u00e9ciaux barjos, il participe de l\u2019\u00e9mergence d\u2019un nouveau langage de l\u2019anime. <a href=\"https:\/\/www.liberation.fr\/culture\/demon-slayer-la-forteresse-infinie-cest-diablement-bien-20250915_SNSKLXD3XVAPDDNH3VFNZSRDTM\/\" target=\"_blank\" rel=\"noreferrer noopener\" title=\"https:\/\/www.liberation.fr\/culture\/demon-slayer-la-forteresse-infinie-cest-diablement-bien-20250915_SNSKLXD3XVAPDDNH3VFNZSRDTM\/\">Lire notre critique.<\/a> <\/p>\n<\/p>\n<p class=\"sc-cPiKLX AiZTS text-element\">Beau et intelligent, le premier long m\u00e9trage de Shih-Ching Tsou dessine les gal\u00e8res d\u2019une gamine ta\u00efwanaise et de deux femmes de sa famille, des dettes qui s\u2019accumulent aux vieux mensonges. <a href=\"https:\/\/www.liberation.fr\/culture\/cinema\/dans-son-premier-film-left-handed-girl-shih-ching-tsou-joint-les-tabous-20250917_N2GWQ337Y5BEVPMOYXCXYOLUFA\/\" target=\"_blank\" rel=\"noreferrer noopener\" title=\"https:\/\/www.liberation.fr\/culture\/cinema\/dans-son-premier-film-left-handed-girl-shih-ching-tsou-joint-les-tabous-20250917_N2GWQ337Y5BEVPMOYXCXYOLUFA\/\">Lire notre critique.<\/a> <\/p>\n<\/p>\n<p class=\"sc-cPiKLX AiZTS text-element\">R\u00eaverie s\u00e9duisante et glac\u00e9e sur le vampirisme f\u00e9minin, qui s\u2019\u00e9puise h\u00e9las dans l\u2019artifice, le quatri\u00e8me long m\u00e9trage de Lucile Hadzihalilovic conte l\u2019obsession d\u2019une ado de la campagne pour une star fatale jou\u00e9e par Marion Cotillard. <a href=\"https:\/\/www.liberation.fr\/culture\/cinema\/la-tour-de-glace-avec-marion-cotillard-le-froid-et-la-reine-20250917_UWICZ6CXOZEVNF7XYHC7TAZYDM\/\" target=\"_blank\" rel=\"noreferrer noopener\" title=\"https:\/\/www.liberation.fr\/culture\/cinema\/la-tour-de-glace-avec-marion-cotillard-le-froid-et-la-reine-20250917_UWICZ6CXOZEVNF7XYHC7TAZYDM\/\">Lire notre critique.<\/a> <\/p>\n<\/p>\n<p class=\"sc-cPiKLX AiZTS text-element\">Le cin\u00e9aste fran\u00e7ais fait de Niels Schneider, ex-l\u00e9gionnaire paum\u00e9, la proie d\u2019une millionnaire braconni\u00e8re camp\u00e9e par Linh-Dan Pham dans un thriller curieux mais efficace. <a href=\"https:\/\/www.liberation.fr\/culture\/cinema\/les-tourmentes-de-lucas-belvaux-la-lutte-des-chasses-20250916_L66JMPZR7ZH2LFP3YD6MKUT774\/\" target=\"_blank\" rel=\"noreferrer noopener\" title=\"https:\/\/www.liberation.fr\/culture\/cinema\/les-tourmentes-de-lucas-belvaux-la-lutte-des-chasses-20250916_L66JMPZR7ZH2LFP3YD6MKUT774\/\">Lire notre critique.<\/a> <\/p>\n<\/p>\n<p class=\"sc-cPiKLX AiZTS text-element\">La Belge Laura Wandel questionne l\u2019obsession naissante d\u2019une infirmi\u00e8re, port\u00e9e par la puissante L\u00e9a Drucker, pour une m\u00e8re maltraitant son enfant. <a href=\"https:\/\/www.liberation.fr\/culture\/cinema\/linteret-dadam-avec-lea-drucker-et-anamaria-vartolomei-le-bien-et-le-malade-20250917_6JMPUBKH2RCELPUUGRUDNTADLU\/\" target=\"_blank\" rel=\"noreferrer noopener\" title=\"https:\/\/www.liberation.fr\/culture\/cinema\/linteret-dadam-avec-lea-drucker-et-anamaria-vartolomei-le-bien-et-le-malade-20250917_6JMPUBKH2RCELPUUGRUDNTADLU\/\">Lire notre critique.<\/a> <\/p>\n<\/p>\n<p class=\"sc-cPiKLX AiZTS text-element\"><b>Chaque jour, retrouvez les choix du service Culture de <\/b><b>Lib\u00e9 <\/b><b>: expositions le lundi, th\u00e9\u00e2tre, danse et op\u00e9ra le mardi, sorties cin\u00e9 le mercredi, musique le vendredi, s\u00e9ries le dimanche. Ainsi que le Top 10 de la semaine le samedi. Tout ce qui nous a plu (et parfois d\u00e9plu) dans l\u2019actualit\u00e9 de la culture.<\/b> <\/p>\n","protected":false},"excerpt":{"rendered":"Pour aider nos lecteurs \u00e0 s\u2019y retrouver dans une offre culturelle foisonnante, les journalistes du service Culture de&hellip;\n","protected":false},"author":2,"featured_media":396837,"comment_status":"","ping_status":"","sticky":false,"template":"","format":"standard","meta":{"footnotes":""},"categories":[1354],"tags":[58,59,1346,1011,27,1360,6517],"class_list":{"0":"post-396836","1":"post","2":"type-post","3":"status-publish","4":"format-standard","5":"has-post-thumbnail","7":"category-films","8":"tag-divertissement","9":"tag-entertainment","10":"tag-films","11":"tag-fr","12":"tag-france","13":"tag-movies","14":"tag-sorties-cinema"},"share_on_mastodon":{"url":"https:\/\/pubeurope.com\/@fr\/115218241623565828","error":""},"_links":{"self":[{"href":"https:\/\/www.europesays.com\/fr\/wp-json\/wp\/v2\/posts\/396836","targetHints":{"allow":["GET"]}}],"collection":[{"href":"https:\/\/www.europesays.com\/fr\/wp-json\/wp\/v2\/posts"}],"about":[{"href":"https:\/\/www.europesays.com\/fr\/wp-json\/wp\/v2\/types\/post"}],"author":[{"embeddable":true,"href":"https:\/\/www.europesays.com\/fr\/wp-json\/wp\/v2\/users\/2"}],"replies":[{"embeddable":true,"href":"https:\/\/www.europesays.com\/fr\/wp-json\/wp\/v2\/comments?post=396836"}],"version-history":[{"count":0,"href":"https:\/\/www.europesays.com\/fr\/wp-json\/wp\/v2\/posts\/396836\/revisions"}],"wp:featuredmedia":[{"embeddable":true,"href":"https:\/\/www.europesays.com\/fr\/wp-json\/wp\/v2\/media\/396837"}],"wp:attachment":[{"href":"https:\/\/www.europesays.com\/fr\/wp-json\/wp\/v2\/media?parent=396836"}],"wp:term":[{"taxonomy":"category","embeddable":true,"href":"https:\/\/www.europesays.com\/fr\/wp-json\/wp\/v2\/categories?post=396836"},{"taxonomy":"post_tag","embeddable":true,"href":"https:\/\/www.europesays.com\/fr\/wp-json\/wp\/v2\/tags?post=396836"}],"curies":[{"name":"wp","href":"https:\/\/api.w.org\/{rel}","templated":true}]}}