{"id":396858,"date":"2025-09-17T06:43:11","date_gmt":"2025-09-17T06:43:11","guid":{"rendered":"https:\/\/www.europesays.com\/fr\/396858\/"},"modified":"2025-09-17T06:43:11","modified_gmt":"2025-09-17T06:43:11","slug":"nancy-lensemble-poirel-fait-sa-rentree","status":"publish","type":"post","link":"https:\/\/www.europesays.com\/fr\/396858\/","title":{"rendered":"Nancy. L\u2019Ensemble Poirel fait sa rentr\u00e9e"},"content":{"rendered":"<p>Haut lieu culturel de la Ville de Nancy, l\u2019Ensemble Poirel s\u2019appr\u00eate \u00e0 lancer sa saison. Si le week-end pass\u00e9 ressemblait \u00e0 une intense pr\u00e9rentr\u00e9e avec les lectures et rencontres effectu\u00e9es dans le cadre du Livre sur la Place, l\u2019\u00e9quipe sous la direction d\u2019Emmanuelle Giraud lancera les trois coups de la saison\u00a0lors des Journ\u00e9es Europ\u00e9ennes du Patrimoine du 20 et 21\u00a0septembre. Un coup de feu qu\u2019Emmanuelle Giraud imagine pour tous\u00a0: \u00ab\u00a0C\u2019est l\u2019occasion d\u2019appr\u00e9cier gratuitement l\u2019Ensemble Poirel dans sa totalit\u00e9, ses galeries d\u2019expositions, mais aussi d\u2019assister la r\u00e9p\u00e9tition publique de la fanfare des enfants des Bouchers (samedi, 14h)\u00a0\u00bb.<\/p>\n<p>D\u00e9goupill\u00e9e ce mardi 16\u00a0septembre par les \u00e9lus d\u00e9l\u00e9gu\u00e9s \u00e0 la Culture, Hocine Chabira pour la M\u00e9tropole et Bertrand Masson pour la Ville de Nancy, la campagne 25\/26 promet une animation aussi riche que les 143 levers de rideau, 60\u00a0000\u00a0spectateurs et 23 producteurs-organisateurs qui ont balis\u00e9 la pr\u00e9c\u00e9dente saison.\u00a0150 levers de rideaux sont ainsi balis\u00e9s sur l\u2019ensemble Poirel et le Th\u00e9\u00e2tre Mon-D\u00e9sert.<\/p>\n<p>Au principe d\u2019exhaustivit\u00e9, optons pour une s\u00e9lection h\u00e9t\u00e9roclite et subjective\u2026<\/p>\n<p>  Dutronc de retour<\/p>\n<p>Ecrin feutr\u00e9 de 800 places, la salle Poirel se conjugue une nouvelle fois au <a href=\"https:\/\/www.estrepublicain.fr\/culture-loisirs\/2025\/06\/12\/nancy-jazz-pulsations-2025-la-programmation-est-devoilee-drzj\" target=\"_blank\" rel=\"noopener\">NJP<\/a>. Qu\u2019il soit dans la pure tradition avec Rhoda Scott (8\u00a0octobre), la rencontre du style par l\u2019envo\u00fbtant guitariste malien Salif Keita ou en d\u00e9licate d\u00e9riv\u00e9e pop\u2019avec Mathieu Boogaerts (11\u00a0octobre), le jazz est \u00e9videmment \u00e0 l\u2019honneur.<\/p>\n<p>Manouche sans guitare l\u2019ann\u00e9e pass\u00e9e pour cause <a href=\"https:\/\/www.estrepublicain.fr\/culture-loisirs\/2025\/05\/14\/greve-a-poirel-le-concert-de-thomas-dutronc-et-le-spectacle-de-constance-menaces\" target=\"_blank\" rel=\"noopener\">de gr\u00e8ve des techniciens-r\u00e9gisseurs<\/a> qui a abouti \u00e0 l\u2019annulation de son concert, Thomas Dutronc est reprogramm\u00e9 au 22\u00a0janvier dont peu de places sont encore \u00e0 la vente. Prix de la critique musicale \u00e0 Moscou, les libert\u00e9s cr\u00e9atives que s\u2019autorise Lucas Debargue en font actuellement l\u2019un des pianistes les plus demand\u00e9s au monde. Il sera \u00e0 Poirel, ce 29\u00a0septembre.<\/p>\n<p>  Op\u00e9ra National de Nancy Lorraine comme \u00e0 la maison<\/p>\n<p>Avec 80 jours de pr\u00e9sence annuelle, l\u2019 <a href=\"https:\/\/www.estrepublicain.fr\/culture-loisirs\/2025\/05\/22\/l-opera-national-de-nancy-lorraine-a-presente-son-nouveau-programme-mais-le-courage\" target=\"_blank\" rel=\"noopener\">orchestre de l\u2019Op\u00e9ra de Nancy<\/a> peut assimiler Poirel \u00e0 une r\u00e9sidence secondaire. Raisons aussi pour laquelle, cinq repr\u00e9sentations sont programm\u00e9es dont celle d\u2019ouverture de saison (26 et 27\u00a0septembre) \u201c Eclats de cuivre \u201d digne d\u2019un ticket de transport passant pour voyager de Haendel \u00e0\u00a0Beethoven en passant par Queen.\u00a0Programm\u00e9e les 28 et 29\u00a0novembre, \u201c L\u00e9na et l\u2019orchestre enchant\u00e9 \u201d guid\u00e9 par la voie de Julie Gayet devrait \u00eatre un point culminant de la saison\u00a0: \u00ab\u00a0Les spectacles de fin d\u2019ann\u00e9e pour enfants autour de festivit\u00e9s de la Saint-Nicolas sont toujours complets\u00a0\u00bb rappelait Bertrand Masson.<\/p>\n<p>  La classe des classiques<\/p>\n<p>La salle s\u2019y pr\u00eate \u00e9videmment et l\u2019ensemble des ch\u0153urs laxoviens, <a href=\"https:\/\/www.estrepublicain.fr\/societe\/2025\/06\/19\/faridol-a-bien-fete-ses-trente-ans\" target=\"_blank\" rel=\"noopener\"> Faridol<\/a> , y sera l\u2019honneur pour \u201c Carmina Burana \u201d jou\u00e9 le 8\u00a0novembre. Trois semaines plus tard, Renaud Capu\u00e7on retrouvera son complice, Guillaume Bellom pour r\u00e9enchanter le \u201c Printemps de Beethoven \u201d (24\u00a0novembre) lorsque \u201c Carmen \u201d et \u201c Le Bol\u00e9ro \u201d de Ravel interpr\u00e9t\u00e9s par le grand Ballet de Kiev attendront de passer l\u2019ann\u00e9e (20\u00a0janvier).<\/p>\n<p>  Place \u00e0 l\u2019humour<\/p>\n<p>Imitateur d\u00e9couvert sur le programme TV Incroyable Talent, Antoine Donneaux (28\u00a0janvier), les mimiques de l\u2019humoriste Nicolas Lacroix (30\u00a0janvier), o\u00f9 encore les absurdit\u00e9s du monde sous le prisme de Sophia Aram, Moli\u00e8re 2024 (24\u00a0janvier) dicteront le chapitre humour de cette programmation.<\/p>\n","protected":false},"excerpt":{"rendered":"Haut lieu culturel de la Ville de Nancy, l\u2019Ensemble Poirel s\u2019appr\u00eate \u00e0 lancer sa saison. Si le week-end&hellip;\n","protected":false},"author":2,"featured_media":396859,"comment_status":"","ping_status":"","sticky":false,"template":"","format":"standard","meta":{"footnotes":""},"categories":[9635],"tags":[1111,11,1687,1704,1777,674,1011,27,775,1702,1703,12,25,3140],"class_list":{"0":"post-396858","1":"post","2":"type-post","3":"status-publish","4":"format-standard","5":"has-post-thumbnail","7":"category-nancy","8":"tag-actu","9":"tag-actualites","10":"tag-culture-loisirs","11":"tag-edition-nancy-et-agglomeration","12":"tag-eu","13":"tag-europe","14":"tag-fr","15":"tag-france","16":"tag-grand-est","17":"tag-nancy","18":"tag-nancy-ville-54b","19":"tag-news","20":"tag-republique-francaise","21":"tag-spectacle"},"share_on_mastodon":{"url":"https:\/\/pubeurope.com\/@fr\/115218284735181322","error":""},"_links":{"self":[{"href":"https:\/\/www.europesays.com\/fr\/wp-json\/wp\/v2\/posts\/396858","targetHints":{"allow":["GET"]}}],"collection":[{"href":"https:\/\/www.europesays.com\/fr\/wp-json\/wp\/v2\/posts"}],"about":[{"href":"https:\/\/www.europesays.com\/fr\/wp-json\/wp\/v2\/types\/post"}],"author":[{"embeddable":true,"href":"https:\/\/www.europesays.com\/fr\/wp-json\/wp\/v2\/users\/2"}],"replies":[{"embeddable":true,"href":"https:\/\/www.europesays.com\/fr\/wp-json\/wp\/v2\/comments?post=396858"}],"version-history":[{"count":0,"href":"https:\/\/www.europesays.com\/fr\/wp-json\/wp\/v2\/posts\/396858\/revisions"}],"wp:featuredmedia":[{"embeddable":true,"href":"https:\/\/www.europesays.com\/fr\/wp-json\/wp\/v2\/media\/396859"}],"wp:attachment":[{"href":"https:\/\/www.europesays.com\/fr\/wp-json\/wp\/v2\/media?parent=396858"}],"wp:term":[{"taxonomy":"category","embeddable":true,"href":"https:\/\/www.europesays.com\/fr\/wp-json\/wp\/v2\/categories?post=396858"},{"taxonomy":"post_tag","embeddable":true,"href":"https:\/\/www.europesays.com\/fr\/wp-json\/wp\/v2\/tags?post=396858"}],"curies":[{"name":"wp","href":"https:\/\/api.w.org\/{rel}","templated":true}]}}