{"id":396954,"date":"2025-09-17T07:42:11","date_gmt":"2025-09-17T07:42:11","guid":{"rendered":"https:\/\/www.europesays.com\/fr\/396954\/"},"modified":"2025-09-17T07:42:11","modified_gmt":"2025-09-17T07:42:11","slug":"qui-sont-les-invites-daugustin","status":"publish","type":"post","link":"https:\/\/www.europesays.com\/fr\/396954\/","title":{"rendered":"qui sont les invit\u00e9s d\u2019Augustin &#8230;"},"content":{"rendered":"<p>EN BREF<\/p>\n<ul class=\"bloc_resume_post_list\">\n<li>Le 17 septembre, Augustin Trapenard accueille Anne<br \/>\nBerest, Sorj Chalandon, Chlo\u00e9 Delaume, Laura Vazquez et Fran\u00e7ois<br \/>\nMorel sur France 5.<\/li>\n<li>Anne Berest pr\u00e9sente son roman \u00ab\u00a0Finist\u00e8re&rsquo;, Sorj<br \/>\nChalandon partage &lsquo;Le Livre de Kells&rsquo;, et Chlo\u00e9 Delaume discute de<br \/>\n&lsquo;Ils appellent \u00e7a l\u2019amour&rsquo;.<\/li>\n<li>Laura Vazquez explore les motifs du roman d\u2019apprentissage<br \/>\navec &lsquo;Les Forces&rsquo;, tandis que Fran\u00e7ois Morel \u00e9voque la pi\u00e8ce &lsquo;Art&rsquo;<br \/>\nde Yasmina Reza.<\/li>\n<\/ul>\n<p data-start=\"0\" data-end=\"333\">Romans, essais, bandes dessin\u00e9es,<br \/>\npolars, jeunesse\u2026 <a href=\"https:\/\/www.telestar.fr\/actu_tv\/la-grande-librairie-france-5-qui-sont-les-invites-daugustin-trapenard-ce-10-septembre-1736202\" target=\"_blank\" rel=\"noopener\"><br \/>\nLa Grande librairie<\/a> est le rendez-vous incontournable des<br \/>\npassionn\u00e9s de litt\u00e9rature. Tous les mercredis soir, Augustin<br \/>\nTrapenard investit la cha\u00eene France 5 pour faire le tour de<br \/>\nl\u2019actualit\u00e9 litt\u00e9raire et recevoir ses invit\u00e9s. Qui sera pr\u00e9sent<br \/>\nsur son plateau ce 17 septembre ?<\/p>\n<p data-start=\"335\" data-end=\"793\">Les t\u00e9l\u00e9spectateurs pourront<br \/>\nretrouver la romanci\u00e8re et sc\u00e9nariste <strong>Anne Berest<\/strong>,<br \/>\nqui viendra pr\u00e9senter son roman Finist\u00e8re, un nouvel \u00e9pisode consacr\u00e9 \u00e0 l\u2019exploration de<br \/>\nson arbre g\u00e9n\u00e9alogique. \u00ab Ici, la petite et la grande Histoire<br \/>\nne cessent de s&rsquo;entrem\u00ealer, depuis la cr\u00e9ation des premi\u00e8res<br \/>\ncoop\u00e9ratives paysannes jusqu&rsquo;\u00e0 mai 68, en passant par l&rsquo;Occupation<br \/>\nallemande dans un village du L\u00e9on et la destruction de la ville de<br \/>\nBrest \u00bb, indique le r\u00e9sum\u00e9.<\/p>\n<p><strong data-start=\"795\" data-end=\"848\">Sorj Chalandon et son<br \/>\nr\u00e9cit sur la mis\u00e8re \u00e0 Paris<\/strong><\/p>\n<p data-start=\"852\" data-end=\"1119\">Le journaliste <strong>Sorj<br \/>\nChalandon<\/strong> sera \u00e9galement pr\u00e9sent avec Le Livre de Kells, publi\u00e9 aux \u00e9ditions Grasset,<br \/>\ndans lequel il revient sur une p\u00e9riode marquante de sa vie. \u00c0 17<br \/>\nans, il arrive \u00e0 Paris et doit affronter la mis\u00e8re, le froid, la<br \/>\nfaim et la vie dans la rue.<\/p>\n<p data-start=\"1121\" data-end=\"1503\">Parmi les invit\u00e9s d\u2019<a href=\"https:\/\/www.telestar.fr\/actu_tv\/augustin-trapenard-debarque-sur-rtl-va-t-il-arreter-la-grande-librairie-1729570\" target=\"_blank\" rel=\"noopener\">Augustin<br \/>\nTrapenard<\/a>, on retrouvera aussi <strong>Chlo\u00e9 Delaume<\/strong><br \/>\npour son ouvrage Ils<br \/>\nappellent \u00e7a l\u2019amour. \u00ab Il y a vingt ans, elle a v\u00e9cu avec<br \/>\nMonsieur, un homme qui fit d\u2019elle sa Madame sous pr\u00e9texte de lui<br \/>\nfaire du bien. C&rsquo;est ainsi que Clotilde se d\u00e9pouilla d&rsquo;elle-m\u00eame,<br \/>\njusqu&rsquo;\u00e0 devenir un simple objet, mais un objet d&rsquo;amour \u00bb,<br \/>\npr\u00e9cise la quatri\u00e8me de couverture.<\/p>\n<p><strong data-start=\"1505\" data-end=\"1540\">Laura Vazquez et Fran\u00e7ois Morel<\/strong><\/p>\n<p data-start=\"1544\" data-end=\"1976\">L\u2019\u00e9mission se poursuivra avec<br \/>\n<strong>Laura Vazquez<\/strong>, qui pr\u00e9sentera son \u0153uvre<br \/>\nLes Forces, un livre \u00ab<br \/>\nqui d\u00e9tourne les motifs du roman d\u2019apprentissage \u00bb et qui<br \/>\nm\u00eale \u00ab le prosa\u00efque et le th\u00e9orique en un \u00e9clair \u00bb. \u00ab Nous<br \/>\nvivons le parcours initiatique et politique de la narratrice.<br \/>\nL\u2019ensemble est port\u00e9 par une nature per\u00e7ue comme un flux incessant,<br \/>\nune \u00e9nergie vitale, dont chaque \u00e9l\u00e9ment peut contenir la<br \/>\ntotalit\u00e9 \u00bb, d\u00e9taille le r\u00e9sum\u00e9.<\/p>\n<p data-start=\"1978\" data-end=\"2172\" data-is-last-node=\"\" data-is-only-node=\"\">Enfin, le metteur en sc\u00e8ne <strong>Fran\u00e7ois<br \/>\nMorel<\/strong> sera \u00e9galement pr\u00e9sent pour \u00e9voquer la pi\u00e8ce de<br \/>\nth\u00e9\u00e2tre Art de <a href=\"https:\/\/www.telestar.fr\/actu-tv\/yasminareza-dequand-date-sa-derniere-apparition-a-la-television-595228\" target=\"_blank\" rel=\"noopener\"><br \/>\nYasmina Reza<\/a>, actuellement propos\u00e9e au Th\u00e9\u00e2tre du Montparnasse<br \/>\njusqu\u2019au 4 janvier 2026.<\/p>\n","protected":false},"excerpt":{"rendered":"EN BREF Le 17 septembre, Augustin Trapenard accueille Anne Berest, Sorj Chalandon, Chlo\u00e9 Delaume, Laura Vazquez et Fran\u00e7ois&hellip;\n","protected":false},"author":2,"featured_media":396955,"comment_status":"","ping_status":"","sticky":false,"template":"","format":"standard","meta":{"footnotes":""},"categories":[1356],"tags":[548,10722,58,59,1011,27,44000,252,1364],"class_list":{"0":"post-396954","1":"post","2":"type-post","3":"status-publish","4":"format-standard","5":"has-post-thumbnail","7":"category-television","8":"tag-article-simple","9":"tag-augustin-trapenard","10":"tag-divertissement","11":"tag-entertainment","12":"tag-fr","13":"tag-france","14":"tag-la-grande-librairie","15":"tag-television","16":"tag-tv"},"share_on_mastodon":{"url":"https:\/\/pubeurope.com\/@fr\/115218516871343450","error":""},"_links":{"self":[{"href":"https:\/\/www.europesays.com\/fr\/wp-json\/wp\/v2\/posts\/396954","targetHints":{"allow":["GET"]}}],"collection":[{"href":"https:\/\/www.europesays.com\/fr\/wp-json\/wp\/v2\/posts"}],"about":[{"href":"https:\/\/www.europesays.com\/fr\/wp-json\/wp\/v2\/types\/post"}],"author":[{"embeddable":true,"href":"https:\/\/www.europesays.com\/fr\/wp-json\/wp\/v2\/users\/2"}],"replies":[{"embeddable":true,"href":"https:\/\/www.europesays.com\/fr\/wp-json\/wp\/v2\/comments?post=396954"}],"version-history":[{"count":0,"href":"https:\/\/www.europesays.com\/fr\/wp-json\/wp\/v2\/posts\/396954\/revisions"}],"wp:featuredmedia":[{"embeddable":true,"href":"https:\/\/www.europesays.com\/fr\/wp-json\/wp\/v2\/media\/396955"}],"wp:attachment":[{"href":"https:\/\/www.europesays.com\/fr\/wp-json\/wp\/v2\/media?parent=396954"}],"wp:term":[{"taxonomy":"category","embeddable":true,"href":"https:\/\/www.europesays.com\/fr\/wp-json\/wp\/v2\/categories?post=396954"},{"taxonomy":"post_tag","embeddable":true,"href":"https:\/\/www.europesays.com\/fr\/wp-json\/wp\/v2\/tags?post=396954"}],"curies":[{"name":"wp","href":"https:\/\/api.w.org\/{rel}","templated":true}]}}