{"id":396999,"date":"2025-09-17T08:06:10","date_gmt":"2025-09-17T08:06:10","guid":{"rendered":"https:\/\/www.europesays.com\/fr\/396999\/"},"modified":"2025-09-17T08:06:10","modified_gmt":"2025-09-17T08:06:10","slug":"lhomme-a-tout-faire-dun-ehpad-condamne-pour-des-agressions-sexuelles-sur-des-residentes","status":"publish","type":"post","link":"https:\/\/www.europesays.com\/fr\/396999\/","title":{"rendered":"L\u2019homme \u00e0 tout faire d\u2019un Ehpad condamn\u00e9 pour des agressions sexuelles sur des r\u00e9sidentes"},"content":{"rendered":"<p>Il n\u2019avait jamais fait parler de lui pendant dix-neuf ans, travaillant comme homme \u00e0 tout faire dans<a href=\"https:\/\/www.20minutes.fr\/dossier\/ehpad\" class=\"c-link c-link--is-underlined\" target=\"_blank\" rel=\"noopener\"> un Ehpad<\/a> de Rennes. Jusqu\u2019\u00e0 ce jour du 10\u00a0janvier 2020 o\u00f9 les agissements sordides de cet agent d\u2019entretien d\u2019une soixantaine d\u2019ann\u00e9es ont \u00e9t\u00e9 r\u00e9v\u00e9l\u00e9s au grand jour.<\/p>\n<p>Ce jour-l\u00e0, l\u2019homme avait \u00e9t\u00e9 surpris en train de sortir de la chambre d\u2019une r\u00e9sidente de 92 ans. Les v\u00eatements baiss\u00e9s, cette derni\u00e8re avait alors accus\u00e9 l\u2019employ\u00e9 d\u2019agression sexuelle, <a href=\"https:\/\/www.ouest-france.fr\/societe\/justice\/a-rennes-lhomme-a-tout-faire-dun-ehpad-condamne-pour-des-agressions-sexuelles-sur-des-residentes-4e1469e8-92f8-11f0-ba23-92c6f4a2bc09\" rel=\"nofollow noopener\" target=\"_blank\" class=\"c-link c-link--is-underlined\">comme le rapporte Ouest-France<\/a>. Une enqu\u00eate avait alors d\u00e9marr\u00e9 et du mat\u00e9riel informatique saisi au domicile du sexag\u00e9naire.<\/p>\n<p>Des photos et vid\u00e9os retrouv\u00e9es sur son ordinateur<\/p>\n<p>\u00c0 l\u2019int\u00e9rieur, les enqu\u00eateurs avaient retrouv\u00e9 des photos et vid\u00e9os de deux autres r\u00e9sidentes d\u00e9nud\u00e9es ainsi que des preuves <a href=\"https:\/\/www.20minutes.fr\/dossier\/agression_sexuelle\" class=\"c-link c-link--is-underlined\" target=\"_blank\" rel=\"noopener\">d\u2019une agression sexuelle<\/a>. Une photo \u00e0 caract\u00e8re sexuel d\u2019une infirmi\u00e8re de l\u2019Ehpad avait \u00e9galement \u00e9t\u00e9 d\u00e9couverte. \u00c0 la barre, le pr\u00e9venu a reconnu les faits \u00e0 l\u2019exception de la premi\u00e8re agression sexuelle mais n\u2019a pas \u00e9t\u00e9 capable d\u2019expliquer son comportement.<\/p>\n<\/p>\n<p>Le tribunal l\u2019a condamn\u00e9 \u00e0 quatre ans de prison, dont vingt-huit mois assortis d\u2019un sursis probatoire, pr\u00e9cise le quotidien. Il a \u00e9galement interdiction d\u2019exercer une activit\u00e9 en contact avec des personnes vuln\u00e9rables et de para\u00eetre aux abords de l\u2019Ehpad o\u00f9 il travaillait.<\/p>\n","protected":false},"excerpt":{"rendered":"Il n\u2019avait jamais fait parler de lui pendant dix-neuf ans, travaillant comme homme \u00e0 tout faire dans un&hellip;\n","protected":false},"author":2,"featured_media":397000,"comment_status":"","ping_status":"","sticky":false,"template":"","format":"standard","meta":{"footnotes":""},"categories":[2821],"tags":[1111,47,11,1267,829,12216,1777,674,1011,27,848,303,12,2571,2694,584,25,799,7435],"class_list":{"0":"post-396999","1":"post","2":"type-post","3":"status-publish","4":"format-standard","5":"has-post-thumbnail","7":"category-rennes","8":"tag-actu","9":"tag-actualite","10":"tag-actualites","11":"tag-agression-sexuelle","12":"tag-bretagne","13":"tag-ehpad","14":"tag-eu","15":"tag-europe","16":"tag-fr","17":"tag-france","18":"tag-ille-et-vilaine","19":"tag-justice","20":"tag-news","21":"tag-personnes-agees","22":"tag-proces","23":"tag-rennes","24":"tag-republique-francaise","25":"tag-violences-sexuelles","26":"tag-voyeurisme"},"share_on_mastodon":{"url":"https:\/\/pubeurope.com\/@fr\/115218611289397585","error":""},"_links":{"self":[{"href":"https:\/\/www.europesays.com\/fr\/wp-json\/wp\/v2\/posts\/396999","targetHints":{"allow":["GET"]}}],"collection":[{"href":"https:\/\/www.europesays.com\/fr\/wp-json\/wp\/v2\/posts"}],"about":[{"href":"https:\/\/www.europesays.com\/fr\/wp-json\/wp\/v2\/types\/post"}],"author":[{"embeddable":true,"href":"https:\/\/www.europesays.com\/fr\/wp-json\/wp\/v2\/users\/2"}],"replies":[{"embeddable":true,"href":"https:\/\/www.europesays.com\/fr\/wp-json\/wp\/v2\/comments?post=396999"}],"version-history":[{"count":0,"href":"https:\/\/www.europesays.com\/fr\/wp-json\/wp\/v2\/posts\/396999\/revisions"}],"wp:featuredmedia":[{"embeddable":true,"href":"https:\/\/www.europesays.com\/fr\/wp-json\/wp\/v2\/media\/397000"}],"wp:attachment":[{"href":"https:\/\/www.europesays.com\/fr\/wp-json\/wp\/v2\/media?parent=396999"}],"wp:term":[{"taxonomy":"category","embeddable":true,"href":"https:\/\/www.europesays.com\/fr\/wp-json\/wp\/v2\/categories?post=396999"},{"taxonomy":"post_tag","embeddable":true,"href":"https:\/\/www.europesays.com\/fr\/wp-json\/wp\/v2\/tags?post=396999"}],"curies":[{"name":"wp","href":"https:\/\/api.w.org\/{rel}","templated":true}]}}