{"id":397009,"date":"2025-09-17T08:12:16","date_gmt":"2025-09-17T08:12:16","guid":{"rendered":"https:\/\/www.europesays.com\/fr\/397009\/"},"modified":"2025-09-17T08:12:16","modified_gmt":"2025-09-17T08:12:16","slug":"dans-laffaire-sala-le-proces-devant-le-tribunal-de-commerce-de-nantes-reporte","status":"publish","type":"post","link":"https:\/\/www.europesays.com\/fr\/397009\/","title":{"rendered":"dans l\u2019affaire Sala, le proc\u00e8s devant le tribunal de commerce de Nantes report\u00e9"},"content":{"rendered":"<p>Selon le club gallois de Cardiff, la demande de ce report au 8 d\u00e9cembre serait le fait du FC Nantes.<\/p>\n<p class=\"fig-paragraph\">Alors qu\u2019il devait normalement commencer lundi 22 septembre devant le tribunal de commerce de Nantes, le proc\u00e8s au civil de l\u2019affaire Sala, li\u00e9 au s\u00e9v\u00e8re contentieux financier qui oppose Cardiff City (CCFC) et le FC Nantes, a finalement \u00e9t\u00e9 report\u00e9 au 8 d\u00e9cembre prochain.<\/p>\n<p class=\"fig-paragraph\">Un report qui viendrait \u00abd\u2019une demande\u00bb du club nantais selon le communiqu\u00e9 publi\u00e9 par le club gallois. \u00abLe FC Nantes ne serait pas \u00ab pr\u00eat\u00a0\u00bb \u00e0 plaider le dossier alors m\u00eame que la date d\u2019audience est fix\u00e9e depuis avril 2025. Le CCFC ne peut qu\u2019exprimer son regret quant \u00e0 la posture du FC Nantes. Une posture d\u2019autant plus surprenante au regard de la confiance qu\u2019affichait jusqu\u2019alors le FC Nantes qui assurait que l\u2019affaire avait d\u00e9j\u00e0 \u00e9t\u00e9 tranch\u00e9e en sa faveur et qualifiait d\u2019\u00ababsurde\u00bb la th\u00e8se soutenant l\u2019action du CCFC.\u00bb<\/p>\n<p>                                    <a class=\"fig-a11y-skip a11y-hidden\" href=\"#fig-a11y-skip-main-inarticle\"><br \/>\n        Passer la publicit\u00e9<br \/>\n    <\/a><\/p>\n<p class=\"fig-paragraph\">Pour rappel, le Cardiff City FC, qui \u00e9volue aujourd\u2019hui en League One (la troisi\u00e8me division anglaise), r\u00e9clame plus de 120 millions d\u2019euros au club pr\u00e9sid\u00e9 par Waldemar Kita au titre des \u00abpr\u00e9judices subis\u00bb et de sa \u00abperte de chance et de valeur\u00bb suite \u00e0\u00a0<a href=\"http:\/\/www.lefigaro.fr\/sports\/football\/ligue-1\/emiliano-sala-les-raisons-du-crash-de-l-ancien-nantais-revelees-20220223\" data-fig-type=\"NewsFlash\" data-gtm-custom-categorie=\"navigation\" data-gtm-custom-action=\"crossclick\" data-gtm-custom-label=\"Contextuel\" data-gtm-event=\"customEventSPE\" data-fig-domain=\"LEFIGARO\" target=\"_blank\" rel=\"noopener\">la disparition accidentelle de l\u2019attaquant<\/a>, le 21 janvier 2019, lors du crash d\u2019un avion priv\u00e9 dans la Manche. Une somme jug\u00e9e que le club de Loire-Atlantique a toujours qualifi\u00e9e d\u2019\u00abextravagante\u00bb, tout en d\u00e9non\u00e7ant \u00abl\u2019acharnement judiciaire\u00bb du club gallois dans cette affaire.<\/p>\n<p class=\"fig-paragraph\">Celui-ci conclut son communiqu\u00e9 ainsi\u00a0: \u00ab6 ans apr\u00e8s le drame qui a co\u00fbt\u00e9 la vie \u00e0 Emiliano Sala, le FC Nantes doit r\u00e9pondre de ses actes, pour le monde du football tout comme pour les proches du joueur. Le CCFC r\u00e9it\u00e8re sa confiance dans la justice fran\u00e7aise et sera pr\u00eat \u00e0 expliquer sa position devant les tribunaux le 8 d\u00e9cembre.\u00bb<\/p>\n<p class=\"fig-paragraph\"><strong>\u00c0 VOIR AUSSI &#8211; <\/strong>Paris SG\u00a0: le vibrant hommage des supporters au \u00abtiti\u00bb Presnel Kimpembe<\/p>\n","protected":false},"excerpt":{"rendered":"Selon le club gallois de Cardiff, la demande de ce report au 8 d\u00e9cembre serait le fait du&hellip;\n","protected":false},"author":2,"featured_media":397010,"comment_status":"","ping_status":"","sticky":false,"template":"","format":"standard","meta":{"footnotes":""},"categories":[2818],"tags":[1111,11,454,69,448,83,451,64,1777,450,449,674,1011,27,452,453,66,446,447,766,12,2636,70,25,455],"class_list":{"0":"post-397009","1":"post","2":"type-post","3":"status-publish","4":"format-standard","5":"has-post-thumbnail","7":"category-nantes","8":"tag-actu","9":"tag-actualites","10":"tag-ballon-dor","11":"tag-bundesliga","12":"tag-champions-league","13":"tag-coupe-de-france","14":"tag-coupe-du-monde","15":"tag-equipe-de-france","16":"tag-eu","17":"tag-euro","18":"tag-europa-league","19":"tag-europe","20":"tag-fr","21":"tag-france","22":"tag-italie","23":"tag-liga","24":"tag-ligue-1","25":"tag-ligue-2","26":"tag-ligue-des-champions","27":"tag-nantes","28":"tag-news","29":"tag-pays-de-la-loire","30":"tag-premier-league","31":"tag-republique-francaise","32":"tag-uefa"},"share_on_mastodon":{"url":"https:\/\/pubeurope.com\/@fr\/115218634804932455","error":""},"_links":{"self":[{"href":"https:\/\/www.europesays.com\/fr\/wp-json\/wp\/v2\/posts\/397009","targetHints":{"allow":["GET"]}}],"collection":[{"href":"https:\/\/www.europesays.com\/fr\/wp-json\/wp\/v2\/posts"}],"about":[{"href":"https:\/\/www.europesays.com\/fr\/wp-json\/wp\/v2\/types\/post"}],"author":[{"embeddable":true,"href":"https:\/\/www.europesays.com\/fr\/wp-json\/wp\/v2\/users\/2"}],"replies":[{"embeddable":true,"href":"https:\/\/www.europesays.com\/fr\/wp-json\/wp\/v2\/comments?post=397009"}],"version-history":[{"count":0,"href":"https:\/\/www.europesays.com\/fr\/wp-json\/wp\/v2\/posts\/397009\/revisions"}],"wp:featuredmedia":[{"embeddable":true,"href":"https:\/\/www.europesays.com\/fr\/wp-json\/wp\/v2\/media\/397010"}],"wp:attachment":[{"href":"https:\/\/www.europesays.com\/fr\/wp-json\/wp\/v2\/media?parent=397009"}],"wp:term":[{"taxonomy":"category","embeddable":true,"href":"https:\/\/www.europesays.com\/fr\/wp-json\/wp\/v2\/categories?post=397009"},{"taxonomy":"post_tag","embeddable":true,"href":"https:\/\/www.europesays.com\/fr\/wp-json\/wp\/v2\/tags?post=397009"}],"curies":[{"name":"wp","href":"https:\/\/api.w.org\/{rel}","templated":true}]}}