{"id":397061,"date":"2025-09-17T08:44:16","date_gmt":"2025-09-17T08:44:16","guid":{"rendered":"https:\/\/www.europesays.com\/fr\/397061\/"},"modified":"2025-09-17T08:44:16","modified_gmt":"2025-09-17T08:44:16","slug":"wta-seoul-iga-swiatek-deja-contrariee-par-un-journaliste-honnetement-je-ne-pense-pas-que-cela-ait-beaucoup-de-sens-de-penser-tout-de-suite-a-ca","status":"publish","type":"post","link":"https:\/\/www.europesays.com\/fr\/397061\/","title":{"rendered":"WTA &#8211; S\u00e9oul > Iga Swiatek, d\u00e9j\u00e0 contrari\u00e9e par un journaliste : \u00ab\u00a0Honn\u00eatement, je ne pense pas que cela ait beaucoup de sens de penser tout de suite \u00e0 \u00e7a\u00a0\u00bb"},"content":{"rendered":"<p>Engag\u00e9e un peu \u00e0 la surprise g\u00e9n\u00e9\u00adrale sur le WTA 500 de S\u00e9oul qui a d\u00e9but\u00e9 ce lundi, Iga Swiatek, seule joueuse du Top 10 mondial pr\u00e9sente en Cor\u00e9e du Sud, a r\u00e9pondu aux ques\u00adtions des jour\u00adna\u00adlistes en conf\u00e9\u00adrence de presse.<\/p>\n<p>Et lorsque l\u2019un d\u2019entre eux a os\u00e9 lui demander si elle se voyait d\u00e9j\u00e0 en finale, la Polonaise a tenu \u00e0 calmer le\u00a0jeu.\u00a0<\/p>\n<p><strong>\u00ab\u202fHonn\u00eatement, je ne pense pas que cela ait de sens de penser tout de suite \u00e0 une finale. N\u2019importe quelle joueuse du tableau prin\u00adcipal peut gagner ce tournoi. Il y a de grandes joueuses qui sont venues ici pour concourir, alors je pr\u00e9f\u00e8re y aller douce\u00adment, \u00e9tape par \u00e9tape. Pour l\u2019ins\u00adtant, je ne pense qu\u2019\u00e0 mon premier match. Je suis arriv\u00e9e en ville hier. Je ne suis ici que depuis une journ\u00e9e, alors je dois main\u00adte\u00adnant profiter du peu de temps dont je dispose ces prochaines heures pour me concen\u00adtrer sur le moment pr\u00e9sent. Je suis concen\u00adtr\u00e9e sur mes entra\u00ee\u00adne\u00adments, en pensant \u00e0 ce que sera mon premier match. On verra comment je me sentirai en entrant sur le terrain, comment je vais jouer. Je suis s\u00fbre que beau\u00adcoup de joueuses peuvent atteindre la finale, alors on verra bien\u202f\u00bb<\/strong>, a d\u00e9clar\u00e9 celle qui fera ses d\u00e9buts face \u00e0 la gagnante du duel entre Zakharova et Cirstea.<\/p>\n<p class=\"post-published-date\" style=\"color: silver; font-size: 75%; text-align: left;\">Publi\u00e9 le mardi 16 septembre 2025 \u00e0 16:37<\/p>\n","protected":false},"excerpt":{"rendered":"Engag\u00e9e un peu \u00e0 la surprise g\u00e9n\u00e9\u00adrale sur le WTA 500 de S\u00e9oul qui a d\u00e9but\u00e9 ce lundi,&hellip;\n","protected":false},"author":2,"featured_media":245176,"comment_status":"","ping_status":"","sticky":false,"template":"","format":"standard","meta":{"footnotes":""},"categories":[1415],"tags":[52886,1011,27,2200,60,1467],"class_list":{"0":"post-397061","1":"post","2":"type-post","3":"status-publish","4":"format-standard","5":"has-post-thumbnail","7":"category-tennis","8":"tag-cirstea","9":"tag-fr","10":"tag-france","11":"tag-iga-swiatek","12":"tag-sports","13":"tag-tennis"},"share_on_mastodon":{"url":"https:\/\/pubeurope.com\/@fr\/115218760511038818","error":""},"_links":{"self":[{"href":"https:\/\/www.europesays.com\/fr\/wp-json\/wp\/v2\/posts\/397061","targetHints":{"allow":["GET"]}}],"collection":[{"href":"https:\/\/www.europesays.com\/fr\/wp-json\/wp\/v2\/posts"}],"about":[{"href":"https:\/\/www.europesays.com\/fr\/wp-json\/wp\/v2\/types\/post"}],"author":[{"embeddable":true,"href":"https:\/\/www.europesays.com\/fr\/wp-json\/wp\/v2\/users\/2"}],"replies":[{"embeddable":true,"href":"https:\/\/www.europesays.com\/fr\/wp-json\/wp\/v2\/comments?post=397061"}],"version-history":[{"count":0,"href":"https:\/\/www.europesays.com\/fr\/wp-json\/wp\/v2\/posts\/397061\/revisions"}],"wp:featuredmedia":[{"embeddable":true,"href":"https:\/\/www.europesays.com\/fr\/wp-json\/wp\/v2\/media\/245176"}],"wp:attachment":[{"href":"https:\/\/www.europesays.com\/fr\/wp-json\/wp\/v2\/media?parent=397061"}],"wp:term":[{"taxonomy":"category","embeddable":true,"href":"https:\/\/www.europesays.com\/fr\/wp-json\/wp\/v2\/categories?post=397061"},{"taxonomy":"post_tag","embeddable":true,"href":"https:\/\/www.europesays.com\/fr\/wp-json\/wp\/v2\/tags?post=397061"}],"curies":[{"name":"wp","href":"https:\/\/api.w.org\/{rel}","templated":true}]}}