{"id":397084,"date":"2025-09-17T08:59:11","date_gmt":"2025-09-17T08:59:11","guid":{"rendered":"https:\/\/www.europesays.com\/fr\/397084\/"},"modified":"2025-09-17T08:59:11","modified_gmt":"2025-09-17T08:59:11","slug":"coup-de-theatre-amd-sort-en-douce-plusieurs-processeurs-ryzen-inedits-dont-un-pour-am4","status":"publish","type":"post","link":"https:\/\/www.europesays.com\/fr\/397084\/","title":{"rendered":"Coup de th\u00e9\u00e2tre : AMD sort en douce plusieurs processeurs Ryzen in\u00e9dits, dont un pour AM4 !"},"content":{"rendered":"<p class=\"ed__a-p ed__bdy__l\">AMD a surpris en lan\u00e7ant en catimini plusieurs nouvelles puces Ryzen. Certaines s\u2019appuient sur l\u2019architecture la plus r\u00e9cente, Zen 5, pour la plateforme AM5. D\u2019autres, plus inattendues, viennent prolonger la vie du socket AM4, sorti il y a bient\u00f4t dix ans.<\/p>\n<p>De nouveaux Ryzen pour AM4 et AM5 font leur apparition<\/p>\n<p class=\"ed__a-p ed__bdy__l\"><img loading=\"lazy\" decoding=\"async\" src=\"data:image\/svg+xml,%3Csvg xmlns='http:\/\/www.w3.org\/2000\/svg'%3E%3C\/svg%3E\" draggable=\"false\" width=\"6240\" height=\"4160\" class=\"ed__title-xxs\" alt=\"AMD a lanc\u00e9 en septembre 2025 une nouvelle vague de processeurs Ryzen, m\u00ealant compatibilit\u00e9 avec l\u2019ancien socket AM4 et les plateformes r\u00e9centes AM5.\" style=\"background-color: #f2f2f2; aspect-ratio:6240\/4160;\"\/><\/p>\n<p>AMD a lanc\u00e9 en septembre 2025 une nouvelle vague de processeurs Ryzen, m\u00ealant compatibilit\u00e9 avec l\u2019ancien socket AM4 et les plateformes r\u00e9centes AM5.<\/p>\n<p>\u00a9 Shuttershock<\/p>\n<\/p>\n<p>            Publicit\u00e9, votre contenu continue ci-dessous<\/p>\n<p>        Publicit\u00e9<\/p>\n<p class=\"ed__a-p ed__bdy__l\">Cela fait des ann\u00e9es qu\u2019AMD capitalise sur <a href=\"https:\/\/www.lesnumeriques.com\/cpu-processeur\/amd-lance-sa-plateforme-desktop-am4-avec-bristol-ridge-n55431.html\" title=\"AMD lance sa plateforme desktop AM4 avec Bristol Ridge\" rel=\"nofollow noopener\" target=\"_blank\">la long\u00e9vit\u00e9 de son socket AM4, lanc\u00e9 en 2016<\/a>. Alors que beaucoup d\u2019observateurs pensaient la page d\u00e9finitivement tourn\u00e9e avec <a href=\"https:\/\/www.lesnumeriques.com\/cpu-processeur\/amd-passe-la-5e-avec-ses-processeurs-ryzen-7000-hautement-ambitieux-n190369.html\" title=\"AMD passe la 5e avec ses processeurs Ryzen 7000, hautement ambitieux\" rel=\"nofollow noopener\" target=\"_blank\">l\u2019arriv\u00e9e d\u2019AM5 et de la DDR5<\/a>, la marque am\u00e9ricaine d\u00e9joue les pronostics. Un nouveau processeur Zen 3, le Ryzen 5 5600F, a discr\u00e8tement fait son apparition. Preuve que l\u2019\u00e9cosyst\u00e8me AM4 n\u2019est pas encore enterr\u00e9, malgr\u00e9 l\u2019avanc\u00e9e de la concurrence.<\/p>\n<p class=\"ed__a-p ed__bdy__l\">Le Ryzen 5 5600F donc, bas\u00e9 sur l\u2019architecture Zen 3, embarque 6 c\u0153urs et 12 threads, avec une fr\u00e9quence pouvant atteindre 4 GHz. Comme l\u2019indique le suffixe \u00ab F \u00bb, il est d\u00e9pourvu de circuit graphique int\u00e9gr\u00e9 : une carte graphique d\u00e9di\u00e9e est donc n\u00e9cessaire pour l\u2019utiliser. Ce type de d\u00e9clinaison, d\u00e9j\u00e0 employ\u00e9 par Intel, permet de proposer des processeurs \u00e0 moindre co\u00fbt tout en recyclant des puces dont la partie graphique a \u00e9t\u00e9 d\u00e9sactiv\u00e9e.<\/p>\n<p class=\"ed__a-p ed__bdy__l\">En parall\u00e8le, AMD a enrichi sa gamme AM5 avec deux nouvelles r\u00e9f\u00e9rences Zen 5 : le Ryzen 7 9700F (8 c\u0153urs, 16 threads, jusqu\u2019\u00e0 5,5 GHz) et le Ryzen 5 9500F (6 c\u0153urs, 12 threads, jusqu\u2019\u00e0 5 GHz). Ces mod\u00e8les visent le grand public et se distinguent par un bon \u00e9quilibre entre performance et consommation, avec un TDP limit\u00e9 \u00e0 65 W.<\/p>\n<p class=\"ed__a-p ed__bdy__l\">AMD a aussi profit\u00e9 de l\u2019occasion pour \u00e9largir son offre professionnelle. La gamme Ryzen PRO accueille d\u00e9sormais des mod\u00e8les Zen 4 jusqu\u2019\u00e0 12 c\u0153urs et 24 threads, dont le Ryzen 9 PRO 9945. Con\u00e7us pour les ordinateurs de bureau en entreprise, ils combinent puissance de calcul et fonctionnalit\u00e9s de s\u00e9curit\u00e9 renforc\u00e9es.<\/p>\n<p class=\"ed__a-p ed__bdy__l\">L\u00e0 o\u00f9 Intel renouvelle vite ses sockets, obligeant souvent \u00e0 changer carte m\u00e8re et m\u00e9moire, le fondeur de Sunnyvale propose donc ici une voie plus souple. Mais pour l\u2019heure, AMD n\u2019a communiqu\u00e9 aucun tarif officiel pour ces nouvelles r\u00e9f\u00e9rences. Seuls quelques prix non confirm\u00e9s circulent sur des sites sp\u00e9cialis\u00e9s am\u00e9ricains, mais leur fiabilit\u00e9 reste incertaine et ils ne refl\u00e8tent pas n\u00e9cessairement les futurs tarifs chez nous.<\/p>\n<p class=\"ed__a-p ed__bdy__l\">Voici la liste des processeurs annonc\u00e9s par AMD mi-septembre 2025 :<\/p>\n<p class=\"ed__a-p ed__bdy__l\">Pour les PC grand public :<\/p>\n<ul class=\"ed__lists ed__bdy__l\">\n<li>Ryzen 5 5600F \u2014 6 c\u0153urs \/ 12 threads, base 3,0 GHz, boost jusqu\u2019\u00e0 4,0 GHz, cache 35 Mo, TDP 65 W (socket AM4, Zen 3, sans iGPU).<\/li>\n<li>Ryzen 7 9700F \u2014 8 c\u0153urs \/ 16 threads, base 3,8 GHz, boost jusqu\u2019\u00e0 5,5 GHz, cache 40 Mo, TDP 65 W (socket AM5, Zen 5, sans iGPU).<\/li>\n<li>Ryzen 5 9500F \u2014 6 c\u0153urs \/ 12 threads, base 3,8 GHz, boost jusqu\u2019\u00e0 5,0 GHz, cache 38 Mo, TDP 65 W (socket AM5, Zen 5, sans iGPU).<\/li>\n<\/ul>\n<p class=\"ed__a-p ed__bdy__l\">Pour les PC professionnels (gamme Ryzen PRO) :<\/p>\n<ul class=\"ed__lists ed__bdy__l\">\n<li>Ryzen 9 PRO 9945 \u2014 12 c\u0153urs \/ 24 threads, base 3,4 GHz, boost jusqu\u2019\u00e0 5,4 GHz, cache 76 Mo, TDP 65 W (Zen 4).<\/li>\n<li>Ryzen 7 PRO 9745 \u2014 8 c\u0153urs \/ 16 threads, base 3,8 GHz, boost jusqu\u2019\u00e0 5,4 GHz, cache 40 Mo, TDP 65 W (Zen 4).<\/li>\n<li>Ryzen 5 PRO 9645 \u2014 6 c\u0153urs \/ 12 threads, base 3,3 GHz, boost jusqu\u2019\u00e0 4,3 GHz, cache 38 Mo, TDP 65 W (Zen 4).<\/li>\n<li>Ryzen 5 PRO 7745 \u2014 6 c\u0153urs \/ 12 threads, base 3,3 GHz, boost jusqu\u2019\u00e0 4,3 GHz, cache 22 Mo, TDP 65 W (Zen 4).<\/li>\n<\/ul>\n<p>            Publicit\u00e9, votre contenu continue ci-dessous<\/p>\n<p>        Publicit\u00e9<\/p>\n<p class=\"ed__a-p ed__bdy__l\">Les Num\u00e9riques s\u2019installe \u00e0 Beaugrenelle Paris pour <a href=\"https:\/\/www.lesnumeriques.com\/evenement\/les-jours-les-plus-tech-2025.html\" rel=\"nofollow noopener\" target=\"_blank\">Les Jours Les Plus Tech<\/a> : d\u00e9monstrations de produits, conseils d\u2019usage ou d\u2019achat, \u00e9changes avec nos journalistes\u2026D\u00e9couvrez le <a href=\"https:\/\/www.lesnumeriques.com\/evenement\/les-jours-les-plus-tech-2025.html\" rel=\"nofollow noopener\" target=\"_blank\">programme complet<\/a>.<\/p>\n","protected":false},"excerpt":{"rendered":"AMD a surpris en lan\u00e7ant en catimini plusieurs nouvelles puces Ryzen. Certaines s\u2019appuient sur l\u2019architecture la plus r\u00e9cente,&hellip;\n","protected":false},"author":2,"featured_media":397085,"comment_status":"","ping_status":"","sticky":false,"template":"","format":"standard","meta":{"footnotes":""},"categories":[7],"tags":[1011,27,43,40,41,39,42,44],"class_list":{"0":"post-397084","1":"post","2":"type-post","3":"status-publish","4":"format-standard","5":"has-post-thumbnail","7":"category-sciences-et-technologies","8":"tag-fr","9":"tag-france","10":"tag-science","11":"tag-science-and-technology","12":"tag-sciences","13":"tag-sciences-et-technologies","14":"tag-technologies","15":"tag-technology"},"share_on_mastodon":{"url":"https:\/\/pubeurope.com\/@fr\/115218819668805689","error":""},"_links":{"self":[{"href":"https:\/\/www.europesays.com\/fr\/wp-json\/wp\/v2\/posts\/397084","targetHints":{"allow":["GET"]}}],"collection":[{"href":"https:\/\/www.europesays.com\/fr\/wp-json\/wp\/v2\/posts"}],"about":[{"href":"https:\/\/www.europesays.com\/fr\/wp-json\/wp\/v2\/types\/post"}],"author":[{"embeddable":true,"href":"https:\/\/www.europesays.com\/fr\/wp-json\/wp\/v2\/users\/2"}],"replies":[{"embeddable":true,"href":"https:\/\/www.europesays.com\/fr\/wp-json\/wp\/v2\/comments?post=397084"}],"version-history":[{"count":0,"href":"https:\/\/www.europesays.com\/fr\/wp-json\/wp\/v2\/posts\/397084\/revisions"}],"wp:featuredmedia":[{"embeddable":true,"href":"https:\/\/www.europesays.com\/fr\/wp-json\/wp\/v2\/media\/397085"}],"wp:attachment":[{"href":"https:\/\/www.europesays.com\/fr\/wp-json\/wp\/v2\/media?parent=397084"}],"wp:term":[{"taxonomy":"category","embeddable":true,"href":"https:\/\/www.europesays.com\/fr\/wp-json\/wp\/v2\/categories?post=397084"},{"taxonomy":"post_tag","embeddable":true,"href":"https:\/\/www.europesays.com\/fr\/wp-json\/wp\/v2\/tags?post=397084"}],"curies":[{"name":"wp","href":"https:\/\/api.w.org\/{rel}","templated":true}]}}