{"id":397098,"date":"2025-09-17T09:07:14","date_gmt":"2025-09-17T09:07:14","guid":{"rendered":"https:\/\/www.europesays.com\/fr\/397098\/"},"modified":"2025-09-17T09:07:14","modified_gmt":"2025-09-17T09:07:14","slug":"cest-quoi-ces-chapiteaux-installes-sur-la-place-charles-iii-ce-mercredi","status":"publish","type":"post","link":"https:\/\/www.europesays.com\/fr\/397098\/","title":{"rendered":"c&rsquo;est quoi ces chapiteaux install\u00e9s sur la place Charles III ce mercredi\u00a0?"},"content":{"rendered":"<p>            Par<br \/>\n        <strong><br \/>\n            <a href=\"https:\/\/actu.fr\/auteur\/pierre-emile-bouchy-actu-fr\" title=\"Consulter tous les articles de Paul-Emile Bouchy\" target=\"_blank\" rel=\"noopener\">Paul-Emile Bouchy<\/a><br \/>\n        <\/strong><\/p>\n<p>        Publi\u00e9 le<\/p>\n<p>            17 sept. 2025 \u00e0 9h56        <\/p>\n<p>D\u2019habitude d\u00e9pourvue de toutes structures, la place Charles III de <a href=\"https:\/\/actu.fr\/grand-est\/nancy_54395\" target=\"_blank\" rel=\"noopener\">Nancy<\/a> \u00e9tait ce mercredi matin plus anim\u00e9e. <strong>Plusieurs chapiteaux<\/strong> et un bus du <a href=\"https:\/\/actu.fr\/tag\/reseau-stan\" target=\"_blank\" rel=\"noopener\">r\u00e9seau Stan<\/a> y ont \u00e9t\u00e9 install\u00e9s.<\/p>\n<p class=\" wall-content\">On vous explique pourquoi.<\/p>\n<p>Des animations pour apprendre \u00e0 se d\u00e9placer en s\u00e9curit\u00e9<\/p>\n<p class=\" wall-content\">\u00c0 l\u2019instar de <a href=\"https:\/\/actu.fr\/grand-est\/metz_57463\/metz-il-sera-possible-de-voyager-toute-une-journee-sur-le-reseau-le-met-pour-1-euro-seulement-voici-quand_63154347.html\" target=\"_blank\" rel=\"noopener\">Metz<\/a> (Moselle), Nancy participe \u00e9galement \u00e0 <strong>la \u00ab\u00a0Semaine europ\u00e9enne de la Mobilit\u00e9\u00a0\u00bb<\/strong>. Ainsi, les services de l\u2019\u00c9tat, Keolis, la Maison du V\u00e9lo, l\u2019association Dynamo et la police municipale de Nancy organisent ce mercredi <strong>la manifestation \u00ab\u00a0se d\u00e9placer \u00e0 v\u00e9lo, \u00e0 pied, en bus en s\u00e9curit\u00e9\u00a0\u00bb<\/strong>.<\/p>\n<p class=\" wall-content\">Afin de promouvoir les mobilit\u00e9s douces, <strong>sept stands proposeront des activit\u00e9s vari\u00e9es<\/strong> :<\/p>\n<ul class=\" wall-content\">\n<li>sensibilisation aux angles morts des bus,<\/li>\n<li>d\u00e9placements doux et \u00e9quipements,<\/li>\n<li>distance d\u2019arr\u00eat des v\u00e9hicules,<\/li>\n<li>accessibilit\u00e9 pour les personnes \u00e0 mobilit\u00e9 r\u00e9duite,<\/li>\n<li>s\u00e9curit\u00e9 routi\u00e8re,<\/li>\n<li>entretien des v\u00e9los,<\/li>\n<li>informations sur la r\u00e9glementation.<\/li>\n<\/ul>\n<p class=\" wall-content\">Cet \u00e9v\u00e8nement gratuit a lieu <strong>de 10h \u00e0 16h<\/strong>.<\/p>\n<p class=\" wall-content\">Personnalisez votre actualit\u00e9 en ajoutant vos villes et m\u00e9dias en favori avec <a href=\"https:\/\/moncompte.actu.fr\" title=\"D\u00e9couvez Mon Actu\" rel=\"nofollow noopener\" data-trk=\"{&quot;cta&quot;:{&quot;action&quot;:&quot;https:\\\/\\\/moncompte.actu.fr&quot;,&quot;category&quot;:&quot;mon compte&quot;,&quot;from&quot;:&quot;article footer&quot;,&quot;name&quot;:&quot;Mon actu&quot;,&quot;type&quot;:&quot;cta&quot;}}\" target=\"_blank\">Mon Actu<\/a>.<\/p>\n","protected":false},"excerpt":{"rendered":"Par Paul-Emile Bouchy Publi\u00e9 le 17 sept. 2025 \u00e0 9h56 D\u2019habitude d\u00e9pourvue de toutes structures, la place Charles&hellip;\n","protected":false},"author":2,"featured_media":397099,"comment_status":"","ping_status":"","sticky":false,"template":"","format":"standard","meta":{"footnotes":""},"categories":[9635],"tags":[1111,11,1777,674,1011,27,775,1702,12,25,5009,104],"class_list":{"0":"post-397098","1":"post","2":"type-post","3":"status-publish","4":"format-standard","5":"has-post-thumbnail","7":"category-nancy","8":"tag-actu","9":"tag-actualites","10":"tag-eu","11":"tag-europe","12":"tag-fr","13":"tag-france","14":"tag-grand-est","15":"tag-nancy","16":"tag-news","17":"tag-republique-francaise","18":"tag-securite-routiere","19":"tag-societe"},"share_on_mastodon":{"url":"https:\/\/pubeurope.com\/@fr\/115218850974221972","error":""},"_links":{"self":[{"href":"https:\/\/www.europesays.com\/fr\/wp-json\/wp\/v2\/posts\/397098","targetHints":{"allow":["GET"]}}],"collection":[{"href":"https:\/\/www.europesays.com\/fr\/wp-json\/wp\/v2\/posts"}],"about":[{"href":"https:\/\/www.europesays.com\/fr\/wp-json\/wp\/v2\/types\/post"}],"author":[{"embeddable":true,"href":"https:\/\/www.europesays.com\/fr\/wp-json\/wp\/v2\/users\/2"}],"replies":[{"embeddable":true,"href":"https:\/\/www.europesays.com\/fr\/wp-json\/wp\/v2\/comments?post=397098"}],"version-history":[{"count":0,"href":"https:\/\/www.europesays.com\/fr\/wp-json\/wp\/v2\/posts\/397098\/revisions"}],"wp:featuredmedia":[{"embeddable":true,"href":"https:\/\/www.europesays.com\/fr\/wp-json\/wp\/v2\/media\/397099"}],"wp:attachment":[{"href":"https:\/\/www.europesays.com\/fr\/wp-json\/wp\/v2\/media?parent=397098"}],"wp:term":[{"taxonomy":"category","embeddable":true,"href":"https:\/\/www.europesays.com\/fr\/wp-json\/wp\/v2\/categories?post=397098"},{"taxonomy":"post_tag","embeddable":true,"href":"https:\/\/www.europesays.com\/fr\/wp-json\/wp\/v2\/tags?post=397098"}],"curies":[{"name":"wp","href":"https:\/\/api.w.org\/{rel}","templated":true}]}}