{"id":397120,"date":"2025-09-17T09:18:10","date_gmt":"2025-09-17T09:18:10","guid":{"rendered":"https:\/\/www.europesays.com\/fr\/397120\/"},"modified":"2025-09-17T09:18:10","modified_gmt":"2025-09-17T09:18:10","slug":"bloquons-tout-la-police-deployee-a-rennes-apres-des-appels-a-bloquer-la-circulation-ce-mercredi","status":"publish","type":"post","link":"https:\/\/www.europesays.com\/fr\/397120\/","title":{"rendered":"\u00ab\u00a0Bloquons tout\u00a0\u00bb\u00a0: la police d\u00e9ploy\u00e9e \u00e0 Rennes apr\u00e8s des appels \u00e0 bloquer la circulation ce mercredi"},"content":{"rendered":"<p class=\"paragraph text_align_left lp-f-body-02\">Une semaine apr\u00e8s <a href=\"https:\/\/www.leparisien.fr\/paris-75\/mouvement-du-10-septembre-il-ny-a-eu-aucun-blocage-se-felicite-le-prefet-de-police-de-paris-11-09-2025-WLBUPIT52FAAPGMSOCWXPH5ZXE.php\" target=\"_self\" rel=\"nofollow noopener\">la mobilisation du 10 septembre<\/a>, quelques manifestants du mouvement \u00ab Bloquons tout \u00bb s\u2019\u00e9taient donn\u00e9 rendez-vous \u00e0 Rennes ce mercredi matin. Des appels \u00e0 bloquer la circulation avaient \u00e9t\u00e9 lanc\u00e9s sur les r\u00e9seaux sociaux ces derni\u00e8res heures.<\/p>\n<p class=\"paragraph text_align_left lp-f-body-02\">Le mouvement <a href=\"https:\/\/www.leparisien.fr\/faits-divers\/mouvement-bloquons-tout-un-immeuble-en-feu-dans-le-centre-de-paris-10-09-2025-APG2FCFIAREXPMZ4AQ4RD62TWE.php\" target=\"_self\" rel=\"nofollow noopener\">\u00ab Bloquons tout \u00bb<\/a> d\u2019Ille-et-Vilaine invitaient les participants \u00e0 se rejoindre d\u00e8s 6 heures ce matin devant les stations de m\u00e9tro Villejean et Cleunay.<\/p>\n<p class=\"paragraph text_align_left lp-f-body-02\">Dans un message post\u00e9 sur X mardi, la pr\u00e9fecture d\u2019Ille-et-Vilaine avait conseill\u00e9 aux Rennais de ne pas emprunter la rocade.<\/p>\n<p>Des op\u00e9rations de contr\u00f4les men\u00e9es<\/p>\n<p class=\"paragraph text_align_left lp-f-body-02\">Mais d\u00e8s l\u2019aube, les forces de l\u2019ordre \u00e9taient pr\u00e9sentes en nombre pour \u00ab s\u00e9curiser les secteurs Cleunay et Villejean et la circulation sur la rocade \u00bb.<\/p>\n<p class=\"lp-card-podcast-highlighting__title  lp-f-subtitle-05\">[4\/6] Jubillar\u00a0: de la disparition au proc\u00e8s, une affaire sans corps ni aveux<\/p>\n<p class=\"lp-card-podcast-highlighting__description lp-f-ui-05\">Crime story raconte chaque semaine les grandes affaires criminelles.<\/p>\n<p><a class=\"lp-card-podcast-highlighting__call-to-action\" data-page-type=\"HP\" data-block-name=\"podcast-highlight\">\u00c9couter<\/a><\/p>\n<p class=\"paragraph text_align_left lp-f-body-02\">Selon <a href=\"https:\/\/www.francebleu.fr\/infos\/economie-social\/a-rennes-les-forces-de-police-dejouent-les-actions-annoncees-ce-matin-sur-la-rocade-par-le-mouvement-bloquons-tout-7712538\" target=\"_self\" rel=\"nofollow noopener\">Ici Armorique<\/a>, une centaine de policiers au total stationnaient devant les stations de m\u00e9tro. Des op\u00e9rations de contr\u00f4le ont \u00e9t\u00e9 men\u00e9es avec des fouilles de sacs sur les quelques dizaines de participants.<\/p>\n<p class=\"paragraph text_align_left lp-f-body-02\">Ce jeudi, la manifestation devrait \u00eatre <a href=\"https:\/\/www.leparisien.fr\/faits-divers\/greve-du-18-septembre-80-000-forces-de-lordre-24-centaure-limportant-dispositif-prevu-par-les-autorites-17-09-2025-X6HIV6ACZRBGFODMNPUXSVDZJY.php\" target=\"_blank\" rel=\"noreferrer nofollow noopener\">bien plus importante.<\/a> Les syndicats appellent \u00e0 une journ\u00e9e de gr\u00e8ves pour protester contre les mesures budg\u00e9taires du gouvernement. Quelque 80 000 policiers et gendarmes seront mobilis\u00e9s \u00e0 l\u2019\u00e9chelle du pays, ainsi que 24 v\u00e9hicules blind\u00e9s Centaure, a pr\u00e9cis\u00e9 mercredi matin sur BFMTV le ministre d\u00e9missionnaire de l\u2019Int\u00e9rieur, Bruno Retailleau.<\/p>\n","protected":false},"excerpt":{"rendered":"Une semaine apr\u00e8s la mobilisation du 10 septembre, quelques manifestants du mouvement \u00ab Bloquons tout \u00bb s\u2019\u00e9taient donn\u00e9&hellip;\n","protected":false},"author":2,"featured_media":397121,"comment_status":"","ping_status":"","sticky":false,"template":"","format":"standard","meta":{"footnotes":""},"categories":[2821],"tags":[1111,11,829,459,1777,674,118,1011,27,12,584,25],"class_list":{"0":"post-397120","1":"post","2":"type-post","3":"status-publish","4":"format-standard","5":"has-post-thumbnail","7":"category-rennes","8":"tag-actu","9":"tag-actualites","10":"tag-bretagne","11":"tag-departements-horsidfo","12":"tag-eu","13":"tag-europe","14":"tag-faits-divers","15":"tag-fr","16":"tag-france","17":"tag-news","18":"tag-rennes","19":"tag-republique-francaise"},"share_on_mastodon":{"url":"https:\/\/pubeurope.com\/@fr\/115218894298214000","error":""},"_links":{"self":[{"href":"https:\/\/www.europesays.com\/fr\/wp-json\/wp\/v2\/posts\/397120","targetHints":{"allow":["GET"]}}],"collection":[{"href":"https:\/\/www.europesays.com\/fr\/wp-json\/wp\/v2\/posts"}],"about":[{"href":"https:\/\/www.europesays.com\/fr\/wp-json\/wp\/v2\/types\/post"}],"author":[{"embeddable":true,"href":"https:\/\/www.europesays.com\/fr\/wp-json\/wp\/v2\/users\/2"}],"replies":[{"embeddable":true,"href":"https:\/\/www.europesays.com\/fr\/wp-json\/wp\/v2\/comments?post=397120"}],"version-history":[{"count":0,"href":"https:\/\/www.europesays.com\/fr\/wp-json\/wp\/v2\/posts\/397120\/revisions"}],"wp:featuredmedia":[{"embeddable":true,"href":"https:\/\/www.europesays.com\/fr\/wp-json\/wp\/v2\/media\/397121"}],"wp:attachment":[{"href":"https:\/\/www.europesays.com\/fr\/wp-json\/wp\/v2\/media?parent=397120"}],"wp:term":[{"taxonomy":"category","embeddable":true,"href":"https:\/\/www.europesays.com\/fr\/wp-json\/wp\/v2\/categories?post=397120"},{"taxonomy":"post_tag","embeddable":true,"href":"https:\/\/www.europesays.com\/fr\/wp-json\/wp\/v2\/tags?post=397120"}],"curies":[{"name":"wp","href":"https:\/\/api.w.org\/{rel}","templated":true}]}}