{"id":397132,"date":"2025-09-17T09:24:13","date_gmt":"2025-09-17T09:24:13","guid":{"rendered":"https:\/\/www.europesays.com\/fr\/397132\/"},"modified":"2025-09-17T09:24:13","modified_gmt":"2025-09-17T09:24:13","slug":"un-passager-decede-en-plein-vol-entre-nantes-et-les-canaries","status":"publish","type":"post","link":"https:\/\/www.europesays.com\/fr\/397132\/","title":{"rendered":"Un passager d\u00e9c\u00e8de en plein vol entre Nantes et les Canaries"},"content":{"rendered":"<p>Une personne est morte, mardi, \u00e0 bord d\u2019une connexion EasyJet partie de la cit\u00e9 des ducs en direction de Lanzarote (Espagne). L\u2019incident a retard\u00e9 de plusieurs heures le vol retour.<\/p>\n<p class=\"fig-paragraph\">Les circonstances pr\u00e9cises du drame ne sont pas encore connues \u00e0 ce jour. Une personne est d\u00e9c\u00e9d\u00e9e, mardi 16 septembre, \u00e0 bord du vol\u00a0<a href=\"http:\/\/www.lefigaro.fr\/societes\/nous-avons-senti-tout-l-avion-trembler-collision-entre-deux-avions-easyjet-a-l-aeroport-de-manchester-20250816\" target=\"_blank\" data-fig-type=\"NewsFlash\" rel=\"noopener nofollow\" data-gtm-custom-categorie=\"navigation\" data-gtm-custom-action=\"crossclick\" data-gtm-custom-label=\"Contextuel\" data-gtm-event=\"customEventSPE\" data-fig-domain=\"LEFIGARO\">EasyJet<\/a>\u00a0EJU4775, qui reliait\u00a0<a href=\"https:\/\/www.lefigaro.fr\/nantes\" target=\"_blank\" data-fig-type=\"Section\" rel=\"sponsored noopener nofollow\" data-gtm-custom-categorie=\"navigation\" data-gtm-custom-action=\"crossclick\" data-gtm-custom-label=\"Contextuel\" data-gtm-event=\"customEventSPE\" data-fig-domain=\"LEFIGARO\">Nantes<\/a>\u00a0(Loire-Atlantique) \u00e0\u00a0<a href=\"http:\/\/www.lefigaro.fr\/voyages\/guides\/que-voir-que-faire-a-lanzarote-les-incontournables-20250803\" target=\"_blank\" data-fig-type=\"Article\" rel=\"noopener nofollow\" data-gtm-custom-categorie=\"navigation\" data-gtm-custom-action=\"crossclick\" data-gtm-custom-label=\"Contextuel\" data-gtm-event=\"customEventSPE\" data-fig-domain=\"LEFIGARO\">l\u2019\u00eele de Lanzarote<\/a>, dans les Canaries (Espagne). Le drame serait intervenu \u00e0 l\u2019approche de l\u2019a\u00e9roport d\u2019Arrecife, avec d\u00e9clenchement du signal de d\u00e9tresse, sans entraver cependant l\u2019atterrissage de l\u2019appareil. La nationalit\u00e9, l\u2019\u00e2ge et le sexe de la victime n\u2019ont pas \u00e9t\u00e9 communiqu\u00e9s, de m\u00eame que les raisons de sa mort.<\/p>\n<p class=\"fig-paragraph\">\u00abNos \u00e9quipages sont form\u00e9s pour r\u00e9agir aux probl\u00e8mes m\u00e9dicaux et ont fait tout leur possible pendant le vol\u00bb, a indiqu\u00e9 un porte-parole d\u2019EasyJet France. \u00abNos pens\u00e9es vont \u00e0 la famille et aux amis du passager et nous leur adressons tout notre soutien et notre assistance en ces moments difficiles. Le bien-\u00eatre et la s\u00e9curit\u00e9 de nos passagers et de nos \u00e9quipages sont toujours la priorit\u00e9 absolue d\u2019EasyJet\u00bb.<\/p>\n<p>                                    <a class=\"fig-a11y-skip a11y-hidden\" href=\"#fig-a11y-skip-main-inarticle\"><br \/>\n        Passer la publicit\u00e9<br \/>\n    <\/a><\/p>\n<p class=\"fig-paragraph\">Sollicit\u00e9e par Le Figaro, la compagnie a\u00e9rienne a pr\u00e9cis\u00e9 ne pas pouvoir commenter davantage cet incident. Le vol retour en direction de l\u2019a\u00e9roport de Nantes Atlantique a toutefois \u00e9t\u00e9 marqu\u00e9 par un retard de plusieurs heures. Avec 25% de parts de march\u00e9, EasyJet est la premi\u00e8re compagnie au sein de la plateforme nantaise.<\/p>\n","protected":false},"excerpt":{"rendered":"Une personne est morte, mardi, \u00e0 bord d\u2019une connexion EasyJet partie de la cit\u00e9 des ducs en direction&hellip;\n","protected":false},"author":2,"featured_media":397133,"comment_status":"","ping_status":"","sticky":false,"template":"","format":"standard","meta":{"footnotes":""},"categories":[2818],"tags":[1111,11,661,1777,674,1011,27,766,12,2636,25],"class_list":{"0":"post-397132","1":"post","2":"type-post","3":"status-publish","4":"format-standard","5":"has-post-thumbnail","7":"category-nantes","8":"tag-actu","9":"tag-actualites","10":"tag-easyjet","11":"tag-eu","12":"tag-europe","13":"tag-fr","14":"tag-france","15":"tag-nantes","16":"tag-news","17":"tag-pays-de-la-loire","18":"tag-republique-francaise"},"share_on_mastodon":{"url":"https:\/\/pubeurope.com\/@fr\/115218917913963283","error":""},"_links":{"self":[{"href":"https:\/\/www.europesays.com\/fr\/wp-json\/wp\/v2\/posts\/397132","targetHints":{"allow":["GET"]}}],"collection":[{"href":"https:\/\/www.europesays.com\/fr\/wp-json\/wp\/v2\/posts"}],"about":[{"href":"https:\/\/www.europesays.com\/fr\/wp-json\/wp\/v2\/types\/post"}],"author":[{"embeddable":true,"href":"https:\/\/www.europesays.com\/fr\/wp-json\/wp\/v2\/users\/2"}],"replies":[{"embeddable":true,"href":"https:\/\/www.europesays.com\/fr\/wp-json\/wp\/v2\/comments?post=397132"}],"version-history":[{"count":0,"href":"https:\/\/www.europesays.com\/fr\/wp-json\/wp\/v2\/posts\/397132\/revisions"}],"wp:featuredmedia":[{"embeddable":true,"href":"https:\/\/www.europesays.com\/fr\/wp-json\/wp\/v2\/media\/397133"}],"wp:attachment":[{"href":"https:\/\/www.europesays.com\/fr\/wp-json\/wp\/v2\/media?parent=397132"}],"wp:term":[{"taxonomy":"category","embeddable":true,"href":"https:\/\/www.europesays.com\/fr\/wp-json\/wp\/v2\/categories?post=397132"},{"taxonomy":"post_tag","embeddable":true,"href":"https:\/\/www.europesays.com\/fr\/wp-json\/wp\/v2\/tags?post=397132"}],"curies":[{"name":"wp","href":"https:\/\/api.w.org\/{rel}","templated":true}]}}