{"id":397174,"date":"2025-09-17T09:47:09","date_gmt":"2025-09-17T09:47:09","guid":{"rendered":"https:\/\/www.europesays.com\/fr\/397174\/"},"modified":"2025-09-17T09:47:09","modified_gmt":"2025-09-17T09:47:09","slug":"avec-sa-dette-la-france-doit-comprendre-quelle-met-leurope-en-danger","status":"publish","type":"post","link":"https:\/\/www.europesays.com\/fr\/397174\/","title":{"rendered":"Avec sa dette, la France doit comprendre qu\u2019elle met l\u2019Europe en danger"},"content":{"rendered":"\n<p>La bonne nouvelle\u00a0: la France n\u2019est pas la Gr\u00e8ce. Quiconque se rappelle avec frayeur de la crise de l\u2019euro d\u00e9clench\u00e9e, il y a quinze\u00a0ans, par une dette publique devenue ing\u00e9rable \u00e0 Ath\u00e8nes peut se rassurer dans de nombreux titres de la presse europ\u00e9enne, qui se penchent actuellement sur la crise politique et budg\u00e9taire hexagonale.<\/p>\n<p>\u201cLe pays dispose d\u2019une base industrielle forte, d\u2019une balance commerciale \u00e9quilibr\u00e9e, et n\u2019est pas au bord de l\u2019effondrement. Il n\u2019est tout simplement pas s\u00e9rieux d\u2019affirmer que le probl\u00e8me budg\u00e9taire de la France place la zone euro au bord de sa prochaine grande crise\u201d,<a class=\"ithalc\" data-ithal=\"lien_externe\" data-ithalc=\"[nav_article]\" target=\"_blank\" href=\"https:\/\/www.sueddeutsche.de\/meinung\/frankreich-schulden-reform-krise-kommentar-li.3310203\" rel=\"noopener\"> explique par exemple la <strong>S\u00fcddeutsche Zeitung<\/strong><\/a><strong>, <\/strong>outre-Rhin.<\/p>\n<p>En revanche, la mauvaise nouvelle est inh\u00e9rente \u00e0 la bonne\u00a0: c\u2019est pr\u00e9cis\u00e9ment pour cette m\u00eame raison que la France repr\u00e9sente un potentiel danger bien plus grand. \u201cLe deuxi\u00e8me pays [par sa population] de l\u2019Union europ\u00e9enne (UE) est fortement endett\u00e9 et se refuse \u00e0 toute r\u00e9forme pour y rem\u00e9dier. C\u2019est l\u00e0 un cocktail toxique pour l\u2019ensemble de l\u2019Union europ\u00e9enne\u201d, estime le quotidien bavarois.<\/p>\n<p> \u201cSans issue\u201d <\/p>\n<p>Ce constat en crispe plus d\u2019un dans la presse europ\u00e9enne, et avant tout en Allemagne, premier partenaire de l\u2019Hexagone. Face au cinqui\u00e8me gouvernement du second mandat d\u2019Emmanuel Macron et \u00e0 une dette publique qui explose, le ma<\/p>\n","protected":false},"excerpt":{"rendered":"La bonne nouvelle\u00a0: la France n\u2019est pas la Gr\u00e8ce. Quiconque se rappelle avec frayeur de la crise de&hellip;\n","protected":false},"author":2,"featured_media":397175,"comment_status":"","ping_status":"","sticky":false,"template":"","format":"standard","meta":{"footnotes":""},"categories":[1586],"tags":[11,7993,1777,674,1011,27,1892,3821,12,25,2542,2475],"class_list":{"0":"post-397174","1":"post","2":"type-post","3":"status-publish","4":"format-standard","5":"has-post-thumbnail","7":"category-europe","8":"tag-actualites","9":"tag-dette-publique","10":"tag-eu","11":"tag-europe","12":"tag-fr","13":"tag-france","14":"tag-gu00e9opolitique","15":"tag-la-france-vue-de-lu2019u00e9tranger","16":"tag-news","17":"tag-republique-francaise","18":"tag-u00e9conomie","19":"tag-union-europu00e9enne"},"share_on_mastodon":{"url":"https:\/\/pubeurope.com\/@fr\/115219008278654146","error":""},"_links":{"self":[{"href":"https:\/\/www.europesays.com\/fr\/wp-json\/wp\/v2\/posts\/397174","targetHints":{"allow":["GET"]}}],"collection":[{"href":"https:\/\/www.europesays.com\/fr\/wp-json\/wp\/v2\/posts"}],"about":[{"href":"https:\/\/www.europesays.com\/fr\/wp-json\/wp\/v2\/types\/post"}],"author":[{"embeddable":true,"href":"https:\/\/www.europesays.com\/fr\/wp-json\/wp\/v2\/users\/2"}],"replies":[{"embeddable":true,"href":"https:\/\/www.europesays.com\/fr\/wp-json\/wp\/v2\/comments?post=397174"}],"version-history":[{"count":0,"href":"https:\/\/www.europesays.com\/fr\/wp-json\/wp\/v2\/posts\/397174\/revisions"}],"wp:featuredmedia":[{"embeddable":true,"href":"https:\/\/www.europesays.com\/fr\/wp-json\/wp\/v2\/media\/397175"}],"wp:attachment":[{"href":"https:\/\/www.europesays.com\/fr\/wp-json\/wp\/v2\/media?parent=397174"}],"wp:term":[{"taxonomy":"category","embeddable":true,"href":"https:\/\/www.europesays.com\/fr\/wp-json\/wp\/v2\/categories?post=397174"},{"taxonomy":"post_tag","embeddable":true,"href":"https:\/\/www.europesays.com\/fr\/wp-json\/wp\/v2\/tags?post=397174"}],"curies":[{"name":"wp","href":"https:\/\/api.w.org\/{rel}","templated":true}]}}