{"id":397214,"date":"2025-09-17T10:11:10","date_gmt":"2025-09-17T10:11:10","guid":{"rendered":"https:\/\/www.europesays.com\/fr\/397214\/"},"modified":"2025-09-17T10:11:10","modified_gmt":"2025-09-17T10:11:10","slug":"pourquoi-le-cofondateur-de-la-celebre-marque-de-glaces-demissionne","status":"publish","type":"post","link":"https:\/\/www.europesays.com\/fr\/397214\/","title":{"rendered":"pourquoi le cofondateur de la c\u00e9l\u00e8bre marque de glaces d\u00e9missionne"},"content":{"rendered":"<p>Jerry Greenfield estime que la marque qu\u2019il a fond\u00e9e en 1978 avec Ben Cohen, rachet\u00e9e par Unilever en 2000, n\u2019a plus \u00abla libert\u00e9 de rester fid\u00e8le \u00e0 ses valeurs\u00bb, par \u00abpeur de contrarier ceux qui d\u00e9tiennent le pouvoir\u00bb.<\/p>\n<p class=\"fig-paragraph\">Ben &amp; Jerry\u2019s devra faire sans Jerry. Cofondateur en 1978 de la\u00a0<a href=\"http:\/\/www.lefigaro.fr\/conjoncture\/le-cofondateur-des-glaces-ben-jerry-s-accuse-les-etats-unis-de-financer-des-bombes-pour-tuer-des-enfants-a-gaza-et-se-fait-expulser-du-congres-20250515\" data-fig-type=\"NewsFlash\" data-gtm-custom-categorie=\"navigation\" data-gtm-custom-action=\"crossclick\" data-gtm-custom-label=\"Contextuel\" data-gtm-event=\"customEventSPE\" data-fig-domain=\"LEFIGARO\" rel=\"nofollow noopener\" target=\"_blank\">c\u00e9l\u00e8bre marque am\u00e9ricaine de glaces<\/a>, Jerry Greenfield d\u00e9missionne apr\u00e8s 47 ans de bons et loyaux services. \u00abC\u2019est l\u2019une des d\u00e9cisions les plus difficiles et douloureuses de ma vie\u00bb, a-t-il annonc\u00e9 dans un communiqu\u00e9 relay\u00e9 mercredi sur X par Ben Cohen, l\u2019autre cofondateur de l\u2019entreprise, rachet\u00e9e en 2000 par le g\u00e9ant de l\u2019alimentation et de l\u2019hygi\u00e8ne Unilever.<\/p>\n<p class=\"fig-paragraph\">Jerry Greenfield explique que c\u2019est justement en raison de sa relation avec la maison m\u00e8re qu\u2019il part, \u00able c\u0153ur lourd\u00bb. Depuis le 1er juillet, les marques de cr\u00e8mes glac\u00e9es d\u2019Unilever (Ben &amp; Jerry\u2019s, mais aussi Magnum, Carte d\u2019Or, Cornetto) ont une existence autonome sous l\u2019appellation The Magnum Ice Cream Company (TMIC), qui doit entrer en Bourse mi-novembre. Unilever conserve 20% du capital de TMIC, qui seront c\u00e9d\u00e9s dans les cinq prochaines ann\u00e9es.<\/p>\n<p>                                    <a class=\"fig-a11y-skip a11y-hidden\" href=\"#fig-a11y-skip-main-inarticle\"><br \/>\n        Passer la publicit\u00e9<br \/>\n    <\/a><\/p>\n<p class=\"fig-paragraph\">Les deux cofondateurs de Ben &amp; Jerry\u2019s avaient affich\u00e9 ces derni\u00e8res semaines des vell\u00e9it\u00e9s d\u2019\u00e9mancipation, appelant la nouvelle soci\u00e9t\u00e9 \u00e0 c\u00e9der la marque avant l\u2019introduction en Bourse. Le directeur g\u00e9n\u00e9ral de l\u2019entreprise, David Stever, avait \u00e9t\u00e9 d\u00e9barqu\u00e9 par Unilever en mars. Il estime avoir pay\u00e9 ses prises de position en faveur de Gaza et contre Donald Trump.<\/p>\n<p>\u00abPeur de contrarier ceux qui d\u00e9tiennent le pouvoir\u00bb<\/p>\n<p class=\"fig-paragraph\">Selon Jerry Greenfield, \u00abl\u2019ind\u00e9pendance\u00bb qu\u2019avait n\u00e9goci\u00e9e la marque au moment du rachat par Unilever, garante de la \u00abmission sociale\u00bb et des \u00abvaleurs\u00bb de Ben &amp; Jerry\u2019s, n\u2019existe plus. \u00abPendant plus de vingt ans sous leur direction, Ben &amp; Jerry\u2019s a pris position et s\u2019est exprim\u00e9 en faveur de la paix, de la justice et des droits humains. [&#8230;] Il est profond\u00e9ment d\u00e9cevant de constater que cette ind\u00e9pendance [&#8230;] a disparu\u00bb, explique le dirigeant am\u00e9ricain de 74 ans.<\/p>\n<p class=\"fig-paragraph\">Les \u00abvaleurs\u00bb ch\u00e8res \u00e0 Jerry Greenfield sont la \u00abjustice\u00bb, \u00abl\u2019\u00e9quit\u00e9\u00bb, \u00abl\u2019amour\u00bb ou encore \u00abl\u2019humanit\u00e9\u00bb. Les d\u00e9fendre \u00abn\u2019a jamais \u00e9t\u00e9 aussi important\u00bb alors que \u00abl\u2019administration en place dans notre pays s\u2019attaque aux droits civils, aux droits de vote, aux droits des immigrants, des femmes et de la communaut\u00e9 LGBTQ\u00bb, poursuit-il. Et d\u2019ass\u00e9ner\u00a0: \u00abBen &amp; Jerry\u2019s a \u00e9t\u00e9 r\u00e9duit au silence, \u00e9cart\u00e9 par peur de contrarier\u00a0<a href=\"http:\/\/www.lefigaro.fr\/international\/midway-blitz-l-administration-trump-lance-une-operation-contre-la-criminalite-a-chicago-20250908\" data-fig-type=\"Article\" data-gtm-custom-categorie=\"navigation\" data-gtm-custom-action=\"crossclick\" data-gtm-custom-label=\"Contextuel\" data-gtm-event=\"customEventSPE\" data-fig-domain=\"LEFIGARO\" rel=\"nofollow noopener\" target=\"_blank\">ceux qui d\u00e9tiennent le pouvoir<\/a> \u00bb.<\/p>\n<p>Ben Cohen expuls\u00e9 du Congr\u00e8s en mai dernier<\/p>\n<p class=\"fig-paragraph\">Les cofondateurs de Ben &amp; Jerry\u2019s sont connus pour leurs activit\u00e9s militantes et philanthropiques. En mai dernier, Ben Cohen avait \u00e9t\u00e9\u00a0<a href=\"http:\/\/www.lefigaro.fr\/conjoncture\/le-cofondateur-des-glaces-ben-jerry-s-accuse-les-etats-unis-de-financer-des-bombes-pour-tuer-des-enfants-a-gaza-et-se-fait-expulser-du-congres-20250515\" data-fig-type=\"NewsFlash\" data-gtm-custom-categorie=\"navigation\" data-gtm-custom-action=\"crossclick\" data-gtm-custom-label=\"Contextuel\" data-gtm-event=\"customEventSPE\" data-fig-domain=\"LEFIGARO\" rel=\"nofollow noopener\" target=\"_blank\">expuls\u00e9 d\u2019une audition parlementaire au Congr\u00e8s<\/a>\u00a0apr\u00e8s avoir accus\u00e9 les \u00c9tats-Unis de \u00abfinancer des bombes pour tuer des enfants \u00e0 Gaza\u00bb. \u00abLa majorit\u00e9 des Am\u00e9ricains d\u00e9testent ce qu\u2019il se passe, ce que fait notre pays avec notre argent et en notre nom\u00bb, avait-il expliqu\u00e9 dans la foul\u00e9e \u00e0 l\u2019AFP. \u00abCautionner et \u00eatre complice du massacre de dizaines de milliers de personnes nous touche au plus profond de nous-m\u00eames en tant qu\u2019\u00eatres humains et pour ce que repr\u00e9sente notre pays\u00bb, avait-il dit.<\/p>\n<p class=\"fig-paragraph\">Jerry Greenfield affirme que Ben &amp; Jerry\u2019s a toujours \u00e9t\u00e9 \u00abbien plus qu\u2019une marque de glaces\u00bb, \u00abun moyen de r\u00e9pandre l\u2019amour\u00bb. \u00abEn arrivant \u00e0 la conclusion que cela n\u2019est plus possible chez Ben &amp; Jerry\u2019s, je comprends que je ne peux plus rester dans l\u2019entreprise\u00bb, conclut-il.<\/p>\n<p>                                    <a class=\"fig-a11y-skip a11y-hidden\" href=\"#fig-a11y-skip-main-inarticle_mtf\"><br \/>\n        Passer la publicit\u00e9<br \/>\n    <\/a><\/p>\n<p class=\"fig-paragraph\">Contact\u00e9e par Le Figaro, The Magnum Ice Company affirme ne pas \u00abpartager\u00bb la \u00abvision\u00bb de Jerry Greenfield. \u00abNous avons cherch\u00e9 \u00e0 engager les deux cofondateurs dans un dialogue constructif afin de renforcer la position forte de Ben &amp; Jerry\u2019s fond\u00e9e sur les valeurs\u00bb, nous assure-t-on. Le groupe sera toutefois \u00abtoujours reconnaissant envers Jerry pour son r\u00f4le dans la cofondation d\u2019une entreprise de glace aussi extraordinaire\u00bb, et affirme vouloir rester \u00abconcentr\u00e9 sur l\u2019h\u00e9ritage de paix, d\u2019amour et de glace de cette marque embl\u00e9matique et appr\u00e9ci\u00e9e\u00bb.<\/p>\n","protected":false},"excerpt":{"rendered":"Jerry Greenfield estime que la marque qu\u2019il a fond\u00e9e en 1978 avec Ben Cohen, rachet\u00e9e par Unilever en&hellip;\n","protected":false},"author":2,"featured_media":397215,"comment_status":"","ping_status":"","sticky":false,"template":"","format":"standard","meta":{"footnotes":""},"categories":[6],"tags":[35,33,34,1011,27,10854,52902],"class_list":{"0":"post-397214","1":"post","2":"type-post","3":"status-publish","4":"format-standard","5":"has-post-thumbnail","7":"category-economie","8":"tag-business","9":"tag-economie","10":"tag-economy","11":"tag-fr","12":"tag-france","13":"tag-glace","14":"tag-unilever"},"share_on_mastodon":{"url":"https:\/\/pubeurope.com\/@fr\/115219102691843480","error":""},"_links":{"self":[{"href":"https:\/\/www.europesays.com\/fr\/wp-json\/wp\/v2\/posts\/397214","targetHints":{"allow":["GET"]}}],"collection":[{"href":"https:\/\/www.europesays.com\/fr\/wp-json\/wp\/v2\/posts"}],"about":[{"href":"https:\/\/www.europesays.com\/fr\/wp-json\/wp\/v2\/types\/post"}],"author":[{"embeddable":true,"href":"https:\/\/www.europesays.com\/fr\/wp-json\/wp\/v2\/users\/2"}],"replies":[{"embeddable":true,"href":"https:\/\/www.europesays.com\/fr\/wp-json\/wp\/v2\/comments?post=397214"}],"version-history":[{"count":0,"href":"https:\/\/www.europesays.com\/fr\/wp-json\/wp\/v2\/posts\/397214\/revisions"}],"wp:featuredmedia":[{"embeddable":true,"href":"https:\/\/www.europesays.com\/fr\/wp-json\/wp\/v2\/media\/397215"}],"wp:attachment":[{"href":"https:\/\/www.europesays.com\/fr\/wp-json\/wp\/v2\/media?parent=397214"}],"wp:term":[{"taxonomy":"category","embeddable":true,"href":"https:\/\/www.europesays.com\/fr\/wp-json\/wp\/v2\/categories?post=397214"},{"taxonomy":"post_tag","embeddable":true,"href":"https:\/\/www.europesays.com\/fr\/wp-json\/wp\/v2\/tags?post=397214"}],"curies":[{"name":"wp","href":"https:\/\/api.w.org\/{rel}","templated":true}]}}