{"id":397222,"date":"2025-09-17T10:15:13","date_gmt":"2025-09-17T10:15:13","guid":{"rendered":"https:\/\/www.europesays.com\/fr\/397222\/"},"modified":"2025-09-17T10:15:13","modified_gmt":"2025-09-17T10:15:13","slug":"saint-etienne-la-ville-se-devoile-au-grand-jour-pour-les-journees-europeennes-du-patrimoine","status":"publish","type":"post","link":"https:\/\/www.europesays.com\/fr\/397222\/","title":{"rendered":"Saint-\u00c9tienne. La ville se d\u00e9voile au grand jour pour les Journ\u00e9es europ\u00e9ennes du patrimoine"},"content":{"rendered":"<p class=\"insetTitle\">Ex Machina : des repr\u00e9sentations au Mus\u00e9e d\u2019art et d\u2019industrie<\/p>\n<p>Le Mus\u00e9e d\u2019art et d\u2019industrie et ses m\u00e9tiers \u00e0 tisser sont des incontournables du patrimoine st\u00e9phanois.<\/p>\n<p>C\u2019est lors de sa premi\u00e8re visite en ce lieu que Lila Marechal a eu l\u2019id\u00e9e d\u2019une cr\u00e9ation originale, Ex Machina, reprenant le rythme des machines.<\/p>\n<p>\u00ab\u00a0Il y a beaucoup de parall\u00e8les possibles entre les m\u00e9tiers \u00e0 tisser et la musique. Quand j\u2019ai rencontr\u00e9 Claude Bettinelli, un musicien compositeur de talent, je lui ai parl\u00e9 de \u00e7a, puis il s\u2019est pris au jeu, car il y a des liens logiques entre les deux.\u00a0\u00bb<\/p>\n<p>Avec Ex Machina, Claude Bettinelli va proposer une performance musicale et technologique au milieu des m\u00e9tiers. Muni de son casque de r\u00e9alit\u00e9 mixte, il manipulera son et objets en direct gr\u00e2ce \u00e0 diff\u00e9rents outils technologiques.<\/p>\n<p>\u00ab\u00a0C\u2019est une mani\u00e8re de mettre en avant ces machines, ce patrimoine. Cela fait sens.\u00a0\u00bb<\/p>\n<p>Il y a un sens plus personnel aussi pour Lila Marechal, qui a grandi aupr\u00e8s d\u2019une m\u00e8re tisserande. \u00ab\u00a0J\u2019aimais l\u2019entendre tisser. C\u2019est cela m\u2019a amen\u00e9e vers la musique\u00a0\u00bb, explique l\u2019\u00e9tudiante en Master 2 gestion et administration de la musique et membre de l\u2019association AGM, les AGitateurs de Musique.<\/p>\n<p>M\u00e9tiers \u00e0 tisser et musique, patrimoine et technologie, deux repr\u00e9sentations uniques d\u2019Ex Machina auront lieu samedi et dimanche \u00e0 14 heures.<\/p>\n<p class=\"note\">La programmation compl\u00e8te au Mus\u00e9e d\u2019Art et d\u2019Industrie est sur <a href=\"https:\/\/mai.saint-etienne.fr\/\" target=\"_blank\" rel=\"nofollow noopener\">mai.saint-etienne.fr<\/a><\/p>\n","protected":false},"excerpt":{"rendered":"Ex Machina : des repr\u00e9sentations au Mus\u00e9e d\u2019art et d\u2019industrie Le Mus\u00e9e d\u2019art et d\u2019industrie et ses m\u00e9tiers&hellip;\n","protected":false},"author":2,"featured_media":397223,"comment_status":"","ping_status":"","sticky":false,"template":"","format":"standard","meta":{"footnotes":""},"categories":[9653],"tags":[1111,11,2430,1687,7539,1777,674,1011,27,12,2661,25,4001,7538],"class_list":{"0":"post-397222","1":"post","2":"type-post","3":"status-publish","4":"format-standard","5":"has-post-thumbnail","7":"category-saint-etienne","8":"tag-actu","9":"tag-actualites","10":"tag-auvergne-rhone-alpes","11":"tag-culture-loisirs","12":"tag-edition-loire-sud","13":"tag-eu","14":"tag-europe","15":"tag-fr","16":"tag-france","17":"tag-news","18":"tag-patrimoine-culturel","19":"tag-republique-francaise","20":"tag-saint-etienne","21":"tag-saint-etienne-ville"},"share_on_mastodon":{"url":"https:\/\/pubeurope.com\/@fr\/115219118455383378","error":""},"_links":{"self":[{"href":"https:\/\/www.europesays.com\/fr\/wp-json\/wp\/v2\/posts\/397222","targetHints":{"allow":["GET"]}}],"collection":[{"href":"https:\/\/www.europesays.com\/fr\/wp-json\/wp\/v2\/posts"}],"about":[{"href":"https:\/\/www.europesays.com\/fr\/wp-json\/wp\/v2\/types\/post"}],"author":[{"embeddable":true,"href":"https:\/\/www.europesays.com\/fr\/wp-json\/wp\/v2\/users\/2"}],"replies":[{"embeddable":true,"href":"https:\/\/www.europesays.com\/fr\/wp-json\/wp\/v2\/comments?post=397222"}],"version-history":[{"count":0,"href":"https:\/\/www.europesays.com\/fr\/wp-json\/wp\/v2\/posts\/397222\/revisions"}],"wp:featuredmedia":[{"embeddable":true,"href":"https:\/\/www.europesays.com\/fr\/wp-json\/wp\/v2\/media\/397223"}],"wp:attachment":[{"href":"https:\/\/www.europesays.com\/fr\/wp-json\/wp\/v2\/media?parent=397222"}],"wp:term":[{"taxonomy":"category","embeddable":true,"href":"https:\/\/www.europesays.com\/fr\/wp-json\/wp\/v2\/categories?post=397222"},{"taxonomy":"post_tag","embeddable":true,"href":"https:\/\/www.europesays.com\/fr\/wp-json\/wp\/v2\/tags?post=397222"}],"curies":[{"name":"wp","href":"https:\/\/api.w.org\/{rel}","templated":true}]}}